{"id":4869,"date":"2021-08-25T13:06:52","date_gmt":"2021-08-25T12:06:52","guid":{"rendered":"http:\/\/aeroclub-abbeville.fr\/?p=4869"},"modified":"2021-10-12T13:34:53","modified_gmt":"2021-10-12T12:34:53","slug":"colmar-une-belle-navigation","status":"publish","type":"post","link":"http:\/\/aeroclub-abbeville.fr\/?p=4869","title":{"rendered":"COLMAR: Une belle navigation!"},"content":{"rendered":"\n\n\n<figure class=\"wp-block-image size-large\"><img fetchpriority=\"high\" decoding=\"async\" width=\"640\" height=\"320\" src=\"http:\/\/aeroclub-abbeville.fr\/wp-content\/uploads\/2021\/08\/Nav-a-Colmar-08-2021.jpg\" alt=\"\" class=\"wp-image-4870\" srcset=\"http:\/\/aeroclub-abbeville.fr\/wp-content\/uploads\/2021\/08\/Nav-a-Colmar-08-2021.jpg 640w, http:\/\/aeroclub-abbeville.fr\/wp-content\/uploads\/2021\/08\/Nav-a-Colmar-08-2021-480x240.jpg 480w, http:\/\/aeroclub-abbeville.fr\/wp-content\/uploads\/2021\/08\/Nav-a-Colmar-08-2021-624x312.jpg 624w\" sizes=\"(max-width: 640px) 100vw, 640px\" \/><\/figure>\n\n\n\n<p>Pauline, toute jeune brevet\u00e9e, Xavier et Patrice, tous deux en fin de formation PPL, ont r\u00e9alis\u00e9 une navigation de plus de 800 km qui les a conduits \u00e0 COLMAR ce samedi 22 ao\u00fbt. Ils \u00e9taient accompagn\u00e9s de Didier, notre instructeur, qui est derri\u00e8re l&rsquo;appareil photo.<\/p>\n<p>Bravo \u00e0 eux pour ce beau travail d&rsquo;\u00e9quipe et cette magnifique exp\u00e9rience!<\/p>\n","protected":false},"excerpt":{"rendered":"","protected":false},"author":20,"featured_media":0,"comment_status":"open","ping_status":"closed","sticky":false,"template":"","format":"standard","meta":{"inline_featured_image":false,"footnotes":""},"categories":[20,21,2,3,6,7,18,31],"tags":[],"class_list":["post-4869","post","type-post","status-publish","format-standard","hentry","category-actualites","category-arrosages-fetes","category-avion","category-club","category-formation","category-formation_avion","category-vie-du-club","category-voyages"],"_links":{"self":[{"href":"http:\/\/aeroclub-abbeville.fr\/index.php?rest_route=\/wp\/v2\/posts\/4869","targetHints":{"allow":["GET"]}}],"collection":[{"href":"http:\/\/aeroclub-abbeville.fr\/index.php?rest_route=\/wp\/v2\/posts"}],"about":[{"href":"http:\/\/aeroclub-abbeville.fr\/index.php?rest_route=\/wp\/v2\/types\/post"}],"author":[{"embeddable":true,"href":"http:\/\/aeroclub-abbeville.fr\/index.php?rest_route=\/wp\/v2\/users\/20"}],"replies":[{"embeddable":true,"href":"http:\/\/aeroclub-abbeville.fr\/index.php?rest_route=%2Fwp%2Fv2%2Fcomments&post=4869"}],"version-history":[{"count":6,"href":"http:\/\/aeroclub-abbeville.fr\/index.php?rest_route=\/wp\/v2\/posts\/4869\/revisions"}],"predecessor-version":[{"id":4895,"href":"http:\/\/aeroclub-abbeville.fr\/index.php?rest_route=\/wp\/v2\/posts\/4869\/revisions\/4895"}],"wp:attachment":[{"href":"http:\/\/aeroclub-abbeville.fr\/index.php?rest_route=%2Fwp%2Fv2%2Fmedia&parent=4869"}],"wp:term":[{"taxonomy":"category","embeddable":true,"href":"http:\/\/aeroclub-abbeville.fr\/index.php?rest_route=%2Fwp%2Fv2%2Fcategories&post=4869"},{"taxonomy":"post_tag","embeddable":true,"href":"http:\/\/aeroclub-abbeville.fr\/index.php?rest_route=%2Fwp%2Fv2%2Ftags&post=4869"}],"curies":[{"name":"wp","href":"https:\/\/api.w.org\/{rel}","templated":true}]}}