{"id":4876,"date":"2021-08-30T17:03:26","date_gmt":"2021-08-30T16:03:26","guid":{"rendered":"http:\/\/aeroclub-abbeville.fr\/?p=4876"},"modified":"2021-08-30T17:03:26","modified_gmt":"2021-08-30T16:03:26","slug":"toilettage-de-fin-dete","status":"publish","type":"post","link":"http:\/\/aeroclub-abbeville.fr\/?p=4876","title":{"rendered":"Toilettage de fin d&rsquo;\u00e9t\u00e9"},"content":{"rendered":"\n\n\n<figure class=\"wp-block-image size-large\"><img fetchpriority=\"high\" decoding=\"async\" width=\"1024\" height=\"768\" src=\"http:\/\/aeroclub-abbeville.fr\/wp-content\/uploads\/2021\/08\/Peinture-salle-Patrice-et-Jean-Yves-08-2021-1024x768.jpg\" alt=\"\" class=\"wp-image-4878\" srcset=\"http:\/\/aeroclub-abbeville.fr\/wp-content\/uploads\/2021\/08\/Peinture-salle-Patrice-et-Jean-Yves-08-2021-1024x768.jpg 1024w, http:\/\/aeroclub-abbeville.fr\/wp-content\/uploads\/2021\/08\/Peinture-salle-Patrice-et-Jean-Yves-08-2021-480x360.jpg 480w, http:\/\/aeroclub-abbeville.fr\/wp-content\/uploads\/2021\/08\/Peinture-salle-Patrice-et-Jean-Yves-08-2021-768x576.jpg 768w, http:\/\/aeroclub-abbeville.fr\/wp-content\/uploads\/2021\/08\/Peinture-salle-Patrice-et-Jean-Yves-08-2021-1536x1152.jpg 1536w, http:\/\/aeroclub-abbeville.fr\/wp-content\/uploads\/2021\/08\/Peinture-salle-Patrice-et-Jean-Yves-08-2021-2048x1536.jpg 2048w, http:\/\/aeroclub-abbeville.fr\/wp-content\/uploads\/2021\/08\/Peinture-salle-Patrice-et-Jean-Yves-08-2021-624x468.jpg 624w\" sizes=\"(max-width: 1024px) 100vw, 1024px\" \/><figcaption>Nos locaux (accueil, couloir, salle de cours qui deviendra bient\u00f4t la salle Bessie Coleman) avaient besoin d&rsquo;un rafraichissement<\/figcaption><\/figure>\n\n\n\n<p>Jean-Yves et Patrice se sont charg\u00e9s de cette tache Merci \u00e0 eux.<\/p>\n\n\n\n<p>Les travaux seront termin\u00e9s pour nos journ\u00e9es portes ouvertes des 18 et 19 septembre.<\/p>\n","protected":false},"excerpt":{"rendered":"<p>Jean-Yves et Patrice se sont charg\u00e9s de cette tache Merci \u00e0 eux. Les travaux seront termin\u00e9s pour nos journ\u00e9es portes ouvertes des 18 et 19 septembre.<\/p>\n","protected":false},"author":20,"featured_media":0,"comment_status":"open","ping_status":"closed","sticky":false,"template":"","format":"standard","meta":{"inline_featured_image":false,"footnotes":""},"categories":[1],"tags":[],"class_list":["post-4876","post","type-post","status-publish","format-standard","hentry","category-non-classe"],"_links":{"self":[{"href":"http:\/\/aeroclub-abbeville.fr\/index.php?rest_route=\/wp\/v2\/posts\/4876","targetHints":{"allow":["GET"]}}],"collection":[{"href":"http:\/\/aeroclub-abbeville.fr\/index.php?rest_route=\/wp\/v2\/posts"}],"about":[{"href":"http:\/\/aeroclub-abbeville.fr\/index.php?rest_route=\/wp\/v2\/types\/post"}],"author":[{"embeddable":true,"href":"http:\/\/aeroclub-abbeville.fr\/index.php?rest_route=\/wp\/v2\/users\/20"}],"replies":[{"embeddable":true,"href":"http:\/\/aeroclub-abbeville.fr\/index.php?rest_route=%2Fwp%2Fv2%2Fcomments&post=4876"}],"version-history":[{"count":2,"href":"http:\/\/aeroclub-abbeville.fr\/index.php?rest_route=\/wp\/v2\/posts\/4876\/revisions"}],"predecessor-version":[{"id":4879,"href":"http:\/\/aeroclub-abbeville.fr\/index.php?rest_route=\/wp\/v2\/posts\/4876\/revisions\/4879"}],"wp:attachment":[{"href":"http:\/\/aeroclub-abbeville.fr\/index.php?rest_route=%2Fwp%2Fv2%2Fmedia&parent=4876"}],"wp:term":[{"taxonomy":"category","embeddable":true,"href":"http:\/\/aeroclub-abbeville.fr\/index.php?rest_route=%2Fwp%2Fv2%2Fcategories&post=4876"},{"taxonomy":"post_tag","embeddable":true,"href":"http:\/\/aeroclub-abbeville.fr\/index.php?rest_route=%2Fwp%2Fv2%2Ftags&post=4876"}],"curies":[{"name":"wp","href":"https:\/\/api.w.org\/{rel}","templated":true}]}}