{"id":4888,"date":"2021-10-06T14:06:34","date_gmt":"2021-10-06T13:06:34","guid":{"rendered":"http:\/\/aeroclub-abbeville.fr\/?p=4888"},"modified":"2022-05-09T10:11:40","modified_gmt":"2022-05-09T09:11:40","slug":"e-learning-theorique-planeur","status":"publish","type":"post","link":"http:\/\/aeroclub-abbeville.fr\/?p=4888","title":{"rendered":"E-Learning Th\u00e9orique Planeur"},"content":{"rendered":"\n<p>Avec la mise en place du brevet de planeur Europ\u00e9en (SPL), la f\u00e9d\u00e9ration de vol en planeur fournit un nouvel outil pour vous aider \u00e0 \u00e9tudier le th\u00e9orique. Ce didacticiel informatique reprend toutes les notions pr\u00e9sentes dans le bouquin bleu et y ajoute des contenus interactifs. Vous pouvez acheter le package E-Learning sur le site de la<a href=\"https:\/\/www.ffvp.fr\/boutique\"> <\/a><a href=\"https:\/\/www.ffvp.fr\/categorie-de-produit\/eformations\/spl\">f\u00e9d\u00e9ration <\/a><a href=\"https:\/\/www.ffvp.fr\/boutique\">de vol en planeur<\/a>. Attention si vous avez l\u2019intention de pratiquer le vol en planeur, il faut acheter la licence assurance d\u2019abord, puis le didacticiel, vous b\u00e9n\u00e9ficierez alors du tarif licenci\u00e9 plus avantageux.<\/p>\n\n\n\n<p>Pour les licenci\u00e9s, v\u00e9rifiez que vous \u00eates identifi\u00e9 sur votre espace personnel de la f\u00e9d\u00e9ration avant de passer la commande. Vous pouvez vous connecter sur  <a href=\"https:\/\/formations.ffvp.fr\/\" data-type=\"URL\" data-id=\"https:\/\/formations.ffvp.fr\/\">https:\/\/formations.ffvp.fr\/<\/a>. La premi\u00e8re fois indiquez que vous avez oubli\u00e9 votre mot de passe et un identifiant de connexion vous sera envoy\u00e9 sur l&rsquo;adresse email que vous avez fourni quand vous avez pris votre licence.<br><\/p>\n\n\n\n<p><\/p>\n\n\n\n<figure class=\"wp-block-image size-large\"><img fetchpriority=\"high\" decoding=\"async\" width=\"614\" height=\"792\" src=\"http:\/\/aeroclub-abbeville.fr\/wp-content\/uploads\/2021\/10\/page_de_garde.png\" alt=\"\" class=\"wp-image-4890\" srcset=\"http:\/\/aeroclub-abbeville.fr\/wp-content\/uploads\/2021\/10\/page_de_garde.png 614w, http:\/\/aeroclub-abbeville.fr\/wp-content\/uploads\/2021\/10\/page_de_garde-372x480.png 372w\" sizes=\"(max-width: 614px) 100vw, 614px\" \/><\/figure>\n\n\n\n<p>Le produit \u00e0 acheter est le pack SPL th\u00e9orique et examen. Il vous donne acc\u00e8s au didacticiel et inclut les frais de passage de l&rsquo;examen th\u00e9orique.<\/p>\n\n\n\n<figure class=\"wp-block-image size-full\"><img decoding=\"async\" width=\"787\" height=\"520\" src=\"http:\/\/aeroclub-abbeville.fr\/wp-content\/uploads\/2022\/05\/theorique-SPL.png\" alt=\"\" class=\"wp-image-5153\" srcset=\"http:\/\/aeroclub-abbeville.fr\/wp-content\/uploads\/2022\/05\/theorique-SPL.png 787w, http:\/\/aeroclub-abbeville.fr\/wp-content\/uploads\/2022\/05\/theorique-SPL-480x317.png 480w, http:\/\/aeroclub-abbeville.fr\/wp-content\/uploads\/2022\/05\/theorique-SPL-768x507.png 768w, http:\/\/aeroclub-abbeville.fr\/wp-content\/uploads\/2022\/05\/theorique-SPL-624x412.png 624w\" sizes=\"(max-width: 787px) 100vw, 787px\" \/><\/figure>\n\n\n\n<p>Une fois que vous aurez achet\u00e9 le produit, vous pourrez y acc\u00e9der sur le lien <a href=\"https:\/\/formations.ffvp.fr\/\" data-type=\"URL\" data-id=\"https:\/\/formations.ffvp.fr\/\">https:\/\/formations.ffvp.fr\/<\/a>  avec un ordinateur ou un smartphone. L&rsquo;acc\u00e8s est d\u00e9finitif et vous pourrez utiliser le didacticiel et ses mises \u00e0 jour sans limite de temps. <\/p>\n","protected":false},"excerpt":{"rendered":"<p>Avec la mise en place du brevet de planeur Europ\u00e9en (SPL), la f\u00e9d\u00e9ration de vol en planeur fournit un nouvel outil pour vous aider \u00e0 \u00e9tudier le th\u00e9orique. Ce didacticiel informatique reprend toutes les notions pr\u00e9sentes dans le bouquin bleu et y ajoute des contenus interactifs. Vous pouvez acheter le package E-Learning sur le site [&hellip;]<\/p>\n","protected":false},"author":67,"featured_media":0,"comment_status":"open","ping_status":"closed","sticky":false,"template":"","format":"standard","meta":{"inline_featured_image":false,"footnotes":""},"categories":[6,8,9,1,13,19],"tags":[],"class_list":["post-4888","post","type-post","status-publish","format-standard","hentry","category-formation","category-formation_planeur","category-informatique","category-non-classe","category-planeur","category-vol-a-voile"],"_links":{"self":[{"href":"http:\/\/aeroclub-abbeville.fr\/index.php?rest_route=\/wp\/v2\/posts\/4888","targetHints":{"allow":["GET"]}}],"collection":[{"href":"http:\/\/aeroclub-abbeville.fr\/index.php?rest_route=\/wp\/v2\/posts"}],"about":[{"href":"http:\/\/aeroclub-abbeville.fr\/index.php?rest_route=\/wp\/v2\/types\/post"}],"author":[{"embeddable":true,"href":"http:\/\/aeroclub-abbeville.fr\/index.php?rest_route=\/wp\/v2\/users\/67"}],"replies":[{"embeddable":true,"href":"http:\/\/aeroclub-abbeville.fr\/index.php?rest_route=%2Fwp%2Fv2%2Fcomments&post=4888"}],"version-history":[{"count":7,"href":"http:\/\/aeroclub-abbeville.fr\/index.php?rest_route=\/wp\/v2\/posts\/4888\/revisions"}],"predecessor-version":[{"id":5154,"href":"http:\/\/aeroclub-abbeville.fr\/index.php?rest_route=\/wp\/v2\/posts\/4888\/revisions\/5154"}],"wp:attachment":[{"href":"http:\/\/aeroclub-abbeville.fr\/index.php?rest_route=%2Fwp%2Fv2%2Fmedia&parent=4888"}],"wp:term":[{"taxonomy":"category","embeddable":true,"href":"http:\/\/aeroclub-abbeville.fr\/index.php?rest_route=%2Fwp%2Fv2%2Fcategories&post=4888"},{"taxonomy":"post_tag","embeddable":true,"href":"http:\/\/aeroclub-abbeville.fr\/index.php?rest_route=%2Fwp%2Fv2%2Ftags&post=4888"}],"curies":[{"name":"wp","href":"https:\/\/api.w.org\/{rel}","templated":true}]}}