{"id":4897,"date":"2021-10-12T16:17:36","date_gmt":"2021-10-12T15:17:36","guid":{"rendered":"http:\/\/aeroclub-abbeville.fr\/?p=4897"},"modified":"2021-10-16T19:32:17","modified_gmt":"2021-10-16T18:32:17","slug":"lendemains-de-fetes","status":"publish","type":"post","link":"http:\/\/aeroclub-abbeville.fr\/?p=4897","title":{"rendered":"Lendemains de F\u00eates !"},"content":{"rendered":"\n<p>12 Octobre 2021<\/p>\n\n\n\n<p class=\"has-text-align-center\">Retour sur les Journ\u00e9es Portes Ouvertes des 17, 18, 19 Septembre 2021 et la Comm\u00e9moration du Centenaire de brevet de Pilote international de Bessie Coleman.<\/p>\n\n\n\n<figure class=\"wp-block-gallery columns-3 is-cropped wp-block-gallery-1 is-layout-flex wp-block-gallery-is-layout-flex\"><ul class=\"blocks-gallery-grid\"><li class=\"blocks-gallery-item\"><figure><img fetchpriority=\"high\" decoding=\"async\" width=\"784\" height=\"1024\" src=\"http:\/\/aeroclub-abbeville.fr\/wp-content\/uploads\/2021\/10\/242284689_10218775274202583_6367978875024464509_n-784x1024.jpg\" alt=\"\" data-id=\"4898\" class=\"wp-image-4898\" srcset=\"http:\/\/aeroclub-abbeville.fr\/wp-content\/uploads\/2021\/10\/242284689_10218775274202583_6367978875024464509_n-784x1024.jpg 784w, http:\/\/aeroclub-abbeville.fr\/wp-content\/uploads\/2021\/10\/242284689_10218775274202583_6367978875024464509_n-367x480.jpg 367w, http:\/\/aeroclub-abbeville.fr\/wp-content\/uploads\/2021\/10\/242284689_10218775274202583_6367978875024464509_n-768x1003.jpg 768w, http:\/\/aeroclub-abbeville.fr\/wp-content\/uploads\/2021\/10\/242284689_10218775274202583_6367978875024464509_n-1176x1536.jpg 1176w, http:\/\/aeroclub-abbeville.fr\/wp-content\/uploads\/2021\/10\/242284689_10218775274202583_6367978875024464509_n-624x815.jpg 624w, http:\/\/aeroclub-abbeville.fr\/wp-content\/uploads\/2021\/10\/242284689_10218775274202583_6367978875024464509_n.jpg 1484w\" sizes=\"(max-width: 784px) 100vw, 784px\" \/><\/figure><\/li><li class=\"blocks-gallery-item\"><figure><img decoding=\"async\" width=\"1024\" height=\"768\" src=\"http:\/\/aeroclub-abbeville.fr\/wp-content\/uploads\/2021\/10\/242214216_184527067096746_8608363027891526207_n-1024x768.jpg\" alt=\"\" data-id=\"4899\" data-link=\"http:\/\/aeroclub-abbeville.fr\/?attachment_id=4899\" class=\"wp-image-4899\" srcset=\"http:\/\/aeroclub-abbeville.fr\/wp-content\/uploads\/2021\/10\/242214216_184527067096746_8608363027891526207_n-1024x768.jpg 1024w, http:\/\/aeroclub-abbeville.fr\/wp-content\/uploads\/2021\/10\/242214216_184527067096746_8608363027891526207_n-480x360.jpg 480w, http:\/\/aeroclub-abbeville.fr\/wp-content\/uploads\/2021\/10\/242214216_184527067096746_8608363027891526207_n-768x576.jpg 768w, http:\/\/aeroclub-abbeville.fr\/wp-content\/uploads\/2021\/10\/242214216_184527067096746_8608363027891526207_n-1536x1152.jpg 1536w, http:\/\/aeroclub-abbeville.fr\/wp-content\/uploads\/2021\/10\/242214216_184527067096746_8608363027891526207_n-624x468.jpg 624w, http:\/\/aeroclub-abbeville.fr\/wp-content\/uploads\/2021\/10\/242214216_184527067096746_8608363027891526207_n.jpg 2016w\" sizes=\"(max-width: 1024px) 100vw, 1024px\" \/><\/figure><\/li><li class=\"blocks-gallery-item\"><figure><img decoding=\"async\" width=\"724\" height=\"1024\" src=\"http:\/\/aeroclub-abbeville.fr\/wp-content\/uploads\/2021\/10\/Affiche2021-A4-724x1024.jpg\" alt=\"\" data-id=\"4900\" data-full-url=\"http:\/\/aeroclub-abbeville.fr\/wp-content\/uploads\/2021\/10\/Affiche2021-A4.jpg\" data-link=\"http:\/\/aeroclub-abbeville.fr\/?attachment_id=4900\" class=\"wp-image-4900\" srcset=\"http:\/\/aeroclub-abbeville.fr\/wp-content\/uploads\/2021\/10\/Affiche2021-A4-724x1024.jpg 724w, http:\/\/aeroclub-abbeville.fr\/wp-content\/uploads\/2021\/10\/Affiche2021-A4-339x480.jpg 339w, http:\/\/aeroclub-abbeville.fr\/wp-content\/uploads\/2021\/10\/Affiche2021-A4-768x1086.jpg 768w, http:\/\/aeroclub-abbeville.fr\/wp-content\/uploads\/2021\/10\/Affiche2021-A4-1086x1536.jpg 1086w, http:\/\/aeroclub-abbeville.fr\/wp-content\/uploads\/2021\/10\/Affiche2021-A4-1448x2048.jpg 1448w, http:\/\/aeroclub-abbeville.fr\/wp-content\/uploads\/2021\/10\/Affiche2021-A4-624x882.jpg 624w, http:\/\/aeroclub-abbeville.fr\/wp-content\/uploads\/2021\/10\/Affiche2021-A4.jpg 1800w\" sizes=\"(max-width: 724px) 100vw, 724px\" \/><\/figure><\/li><\/ul><\/figure>\n\n\n\n<p class=\"has-text-align-center\">Merci \u00e0 vous tous de votre pr\u00e9sence qui a honor\u00e9 notre manifestation \u00e0 l&rsquo;a\u00e9roclub d&rsquo;Abbeville et la comm\u00e9moration du Centenaire du brevet de Pilote de Bessie Coleman. <\/p>\n\n\n\n<p class=\"has-text-align-center\">Vous tous, participants b\u00e9n\u00e9voles, \u00e9lus, visiteurs, vous avez apport\u00e9 un \u00e9clat tout particulier \u00e0 notre \u00e9v\u00e9nement .<\/p>\n\n\n\n<p class=\"has-text-align-center\"><img loading=\"lazy\" decoding=\"async\" alt=\"&#x1f4f8;\" src=\"https:\/\/static.xx.fbcdn.net\/images\/emoji.php\/v9\/t7d\/2\/16\/1f4f8.png\" width=\"16\" height=\"16\"> Retour en images sur les portes ouvertes de l&rsquo;a\u00e9roclub d&rsquo;Abbeville &#8211; Buigny. Le programme \u00e9tait charg\u00e9 :<\/p>\n\n\n\n<p class=\"has-text-align-center\"><img loading=\"lazy\" decoding=\"async\" alt=\"&#x2708;&#xfe0f;\" src=\"https:\/\/static.xx.fbcdn.net\/images\/emoji.php\/v9\/t37\/2\/16\/2708.png\" width=\"16\" height=\"16\"> d\u00e9couverte de la nouvelle acquisition du club, un ULM derni\u00e8re g\u00e9n\u00e9ration.<\/p>\n\n\n\n<figure class=\"wp-block-gallery columns-2 is-cropped wp-block-gallery-2 is-layout-flex wp-block-gallery-is-layout-flex\"><ul class=\"blocks-gallery-grid\"><li class=\"blocks-gallery-item\"><figure><img loading=\"lazy\" decoding=\"async\" width=\"768\" height=\"1024\" src=\"http:\/\/aeroclub-abbeville.fr\/wp-content\/uploads\/2021\/10\/242253175_184527240430062_8424812244455525319_n-768x1024.jpg\" alt=\"\" data-id=\"4901\" data-link=\"http:\/\/aeroclub-abbeville.fr\/?attachment_id=4901\" class=\"wp-image-4901\" srcset=\"http:\/\/aeroclub-abbeville.fr\/wp-content\/uploads\/2021\/10\/242253175_184527240430062_8424812244455525319_n-768x1024.jpg 768w, http:\/\/aeroclub-abbeville.fr\/wp-content\/uploads\/2021\/10\/242253175_184527240430062_8424812244455525319_n-360x480.jpg 360w, http:\/\/aeroclub-abbeville.fr\/wp-content\/uploads\/2021\/10\/242253175_184527240430062_8424812244455525319_n-1152x1536.jpg 1152w, http:\/\/aeroclub-abbeville.fr\/wp-content\/uploads\/2021\/10\/242253175_184527240430062_8424812244455525319_n-624x832.jpg 624w, http:\/\/aeroclub-abbeville.fr\/wp-content\/uploads\/2021\/10\/242253175_184527240430062_8424812244455525319_n.jpg 1512w\" sizes=\"(max-width: 768px) 100vw, 768px\" \/><\/figure><\/li><li class=\"blocks-gallery-item\"><figure><img loading=\"lazy\" decoding=\"async\" width=\"639\" height=\"483\" src=\"http:\/\/aeroclub-abbeville.fr\/wp-content\/uploads\/2021\/10\/242191991_2982249912102849_578986477636341096_n.jpg\" alt=\"\" data-id=\"4902\" data-full-url=\"http:\/\/aeroclub-abbeville.fr\/wp-content\/uploads\/2021\/10\/242191991_2982249912102849_578986477636341096_n.jpg\" data-link=\"http:\/\/aeroclub-abbeville.fr\/?attachment_id=4902\" class=\"wp-image-4902\" srcset=\"http:\/\/aeroclub-abbeville.fr\/wp-content\/uploads\/2021\/10\/242191991_2982249912102849_578986477636341096_n.jpg 639w, http:\/\/aeroclub-abbeville.fr\/wp-content\/uploads\/2021\/10\/242191991_2982249912102849_578986477636341096_n-480x363.jpg 480w, http:\/\/aeroclub-abbeville.fr\/wp-content\/uploads\/2021\/10\/242191991_2982249912102849_578986477636341096_n-624x472.jpg 624w\" sizes=\"(max-width: 639px) 100vw, 639px\" \/><\/figure><\/li><\/ul><\/figure>\n\n\n\n<p class=\"has-text-align-center\"><img loading=\"lazy\" decoding=\"async\" alt=\"&#x1f681;\" src=\"https:\/\/static.xx.fbcdn.net\/images\/emoji.php\/v9\/te6\/2\/16\/1f681.png\" width=\"16\" height=\"16\"> Observation d&rsquo;un h\u00e9litreuillage par la Marine Nationale<\/p>\n\n\n\n<figure class=\"wp-block-gallery columns-3 is-cropped wp-block-gallery-3 is-layout-flex wp-block-gallery-is-layout-flex\"><ul class=\"blocks-gallery-grid\"><li class=\"blocks-gallery-item\"><figure><img loading=\"lazy\" decoding=\"async\" width=\"1024\" height=\"768\" src=\"http:\/\/aeroclub-abbeville.fr\/wp-content\/uploads\/2021\/10\/242398005_184527137096739_7097175283560079897_n-1024x768.jpg\" alt=\"\" data-id=\"4903\" data-link=\"http:\/\/aeroclub-abbeville.fr\/?attachment_id=4903\" class=\"wp-image-4903\" srcset=\"http:\/\/aeroclub-abbeville.fr\/wp-content\/uploads\/2021\/10\/242398005_184527137096739_7097175283560079897_n-1024x768.jpg 1024w, http:\/\/aeroclub-abbeville.fr\/wp-content\/uploads\/2021\/10\/242398005_184527137096739_7097175283560079897_n-480x360.jpg 480w, http:\/\/aeroclub-abbeville.fr\/wp-content\/uploads\/2021\/10\/242398005_184527137096739_7097175283560079897_n-768x576.jpg 768w, http:\/\/aeroclub-abbeville.fr\/wp-content\/uploads\/2021\/10\/242398005_184527137096739_7097175283560079897_n-1536x1152.jpg 1536w, http:\/\/aeroclub-abbeville.fr\/wp-content\/uploads\/2021\/10\/242398005_184527137096739_7097175283560079897_n-624x468.jpg 624w, http:\/\/aeroclub-abbeville.fr\/wp-content\/uploads\/2021\/10\/242398005_184527137096739_7097175283560079897_n.jpg 2016w\" sizes=\"(max-width: 1024px) 100vw, 1024px\" \/><\/figure><\/li><li class=\"blocks-gallery-item\"><figure><img loading=\"lazy\" decoding=\"async\" width=\"498\" height=\"1024\" src=\"http:\/\/aeroclub-abbeville.fr\/wp-content\/uploads\/2021\/10\/242294124_980721092493723_1876711656021455983_n-498x1024.jpg\" alt=\"\" data-id=\"4904\" data-link=\"http:\/\/aeroclub-abbeville.fr\/?attachment_id=4904\" class=\"wp-image-4904\" srcset=\"http:\/\/aeroclub-abbeville.fr\/wp-content\/uploads\/2021\/10\/242294124_980721092493723_1876711656021455983_n-498x1024.jpg 498w, http:\/\/aeroclub-abbeville.fr\/wp-content\/uploads\/2021\/10\/242294124_980721092493723_1876711656021455983_n-233x480.jpg 233w, http:\/\/aeroclub-abbeville.fr\/wp-content\/uploads\/2021\/10\/242294124_980721092493723_1876711656021455983_n-624x1284.jpg 624w, http:\/\/aeroclub-abbeville.fr\/wp-content\/uploads\/2021\/10\/242294124_980721092493723_1876711656021455983_n.jpg 640w\" sizes=\"(max-width: 498px) 100vw, 498px\" \/><\/figure><\/li><li class=\"blocks-gallery-item\"><figure><img loading=\"lazy\" decoding=\"async\" width=\"498\" height=\"1024\" src=\"http:\/\/aeroclub-abbeville.fr\/wp-content\/uploads\/2021\/10\/242666430_980721135827052_4200251812280450529_n-498x1024.jpg\" alt=\"\" data-id=\"4905\" data-full-url=\"http:\/\/aeroclub-abbeville.fr\/wp-content\/uploads\/2021\/10\/242666430_980721135827052_4200251812280450529_n.jpg\" data-link=\"http:\/\/aeroclub-abbeville.fr\/?attachment_id=4905\" class=\"wp-image-4905\" srcset=\"http:\/\/aeroclub-abbeville.fr\/wp-content\/uploads\/2021\/10\/242666430_980721135827052_4200251812280450529_n-498x1024.jpg 498w, http:\/\/aeroclub-abbeville.fr\/wp-content\/uploads\/2021\/10\/242666430_980721135827052_4200251812280450529_n-233x480.jpg 233w, http:\/\/aeroclub-abbeville.fr\/wp-content\/uploads\/2021\/10\/242666430_980721135827052_4200251812280450529_n-624x1283.jpg 624w, http:\/\/aeroclub-abbeville.fr\/wp-content\/uploads\/2021\/10\/242666430_980721135827052_4200251812280450529_n.jpg 640w\" sizes=\"(max-width: 498px) 100vw, 498px\" \/><\/figure><\/li><\/ul><figcaption class=\"blocks-gallery-caption\">Le \u00ab\u00a0Dauphin\u00a0\u00bb de la flotille 35F de l&rsquo;A\u00e9ronautique Navale.<br><br><\/figcaption><\/figure>\n\n\n\n<p class=\"has-text-align-center\"><img loading=\"lazy\" decoding=\"async\" alt=\"&#x1f4a8;\" src=\"https:\/\/static.xx.fbcdn.net\/images\/emoji.php\/v9\/t62\/2\/16\/1f4a8.png\" width=\"16\" height=\"16\"> bapt\u00eame de l&rsquo;air en planeur (merci au Pilote <a href=\"https:\/\/www.facebook.com\/lucas.bayart.9?__cft__[0]=AZVFpSEgAVDd1pE2Bjcxr05l4tmSAMJNYjLp7HvUeIKfoW1qc8LWdJcDkae0kxy24QyVd0vh4fdMVj4mitWFfAeijKbuI-lgrzw72NpFZlH493GfXgEfpDCqofXEIOPyu1br6fj8Amu_-gGyuEdPU_TsvwMu7FSFEcZ6BZeYqb4YmA&amp;__tn__=-]K-y-R\">Lucas Bayart<\/a>)<\/p>\n\n\n\n<figure class=\"wp-block-gallery columns-1 is-cropped wp-block-gallery-4 is-layout-flex wp-block-gallery-is-layout-flex\"><ul class=\"blocks-gallery-grid\"><li class=\"blocks-gallery-item\"><figure><img loading=\"lazy\" decoding=\"async\" width=\"768\" height=\"1024\" src=\"http:\/\/aeroclub-abbeville.fr\/wp-content\/uploads\/2021\/10\/242206883_184527130430073_8166600548286982078_n-768x1024.jpg\" alt=\"\" data-id=\"4906\" data-full-url=\"http:\/\/aeroclub-abbeville.fr\/wp-content\/uploads\/2021\/10\/242206883_184527130430073_8166600548286982078_n.jpg\" data-link=\"http:\/\/aeroclub-abbeville.fr\/?attachment_id=4906\" class=\"wp-image-4906\" srcset=\"http:\/\/aeroclub-abbeville.fr\/wp-content\/uploads\/2021\/10\/242206883_184527130430073_8166600548286982078_n-768x1024.jpg 768w, http:\/\/aeroclub-abbeville.fr\/wp-content\/uploads\/2021\/10\/242206883_184527130430073_8166600548286982078_n-360x480.jpg 360w, http:\/\/aeroclub-abbeville.fr\/wp-content\/uploads\/2021\/10\/242206883_184527130430073_8166600548286982078_n-1152x1536.jpg 1152w, http:\/\/aeroclub-abbeville.fr\/wp-content\/uploads\/2021\/10\/242206883_184527130430073_8166600548286982078_n-624x832.jpg 624w, http:\/\/aeroclub-abbeville.fr\/wp-content\/uploads\/2021\/10\/242206883_184527130430073_8166600548286982078_n.jpg 1512w\" sizes=\"(max-width: 768px) 100vw, 768px\" \/><\/figure><\/li><\/ul><\/figure>\n\n\n\n<p class=\"has-text-align-center\"><img loading=\"lazy\" decoding=\"async\" alt=\"&#x1f3c6;\" src=\"https:\/\/static.xx.fbcdn.net\/images\/emoji.php\/v9\/t5d\/2\/16\/1f3c6.png\" width=\"16\" height=\"16\"> remise des brevets d&rsquo;initiation a\u00e9ronautique, des brevets de vol en planeur, des brevets du vol \u00e0 moteur <\/p>\n\n\n\n<figure class=\"wp-block-gallery columns-3 is-cropped wp-block-gallery-5 is-layout-flex wp-block-gallery-is-layout-flex\"><ul class=\"blocks-gallery-grid\"><li class=\"blocks-gallery-item\"><figure><img loading=\"lazy\" decoding=\"async\" width=\"1024\" height=\"683\" src=\"http:\/\/aeroclub-abbeville.fr\/wp-content\/uploads\/2021\/10\/242452542_10218775273882575_2563047477677613948_n-1024x683.jpg\" alt=\"\" data-id=\"4907\" data-link=\"http:\/\/aeroclub-abbeville.fr\/?attachment_id=4907\" class=\"wp-image-4907\" srcset=\"http:\/\/aeroclub-abbeville.fr\/wp-content\/uploads\/2021\/10\/242452542_10218775273882575_2563047477677613948_n-1024x683.jpg 1024w, http:\/\/aeroclub-abbeville.fr\/wp-content\/uploads\/2021\/10\/242452542_10218775273882575_2563047477677613948_n-480x320.jpg 480w, http:\/\/aeroclub-abbeville.fr\/wp-content\/uploads\/2021\/10\/242452542_10218775273882575_2563047477677613948_n-768x512.jpg 768w, http:\/\/aeroclub-abbeville.fr\/wp-content\/uploads\/2021\/10\/242452542_10218775273882575_2563047477677613948_n-624x416.jpg 624w, http:\/\/aeroclub-abbeville.fr\/wp-content\/uploads\/2021\/10\/242452542_10218775273882575_2563047477677613948_n.jpg 1440w\" sizes=\"(max-width: 1024px) 100vw, 1024px\" \/><\/figure><\/li><li class=\"blocks-gallery-item\"><figure><img loading=\"lazy\" decoding=\"async\" width=\"1024\" height=\"768\" src=\"http:\/\/aeroclub-abbeville.fr\/wp-content\/uploads\/2021\/10\/242174263_2982249795436194_710710953646711752_n.jpg\" alt=\"\" data-id=\"4908\" data-link=\"http:\/\/aeroclub-abbeville.fr\/?attachment_id=4908\" class=\"wp-image-4908\" srcset=\"http:\/\/aeroclub-abbeville.fr\/wp-content\/uploads\/2021\/10\/242174263_2982249795436194_710710953646711752_n.jpg 1024w, http:\/\/aeroclub-abbeville.fr\/wp-content\/uploads\/2021\/10\/242174263_2982249795436194_710710953646711752_n-480x360.jpg 480w, http:\/\/aeroclub-abbeville.fr\/wp-content\/uploads\/2021\/10\/242174263_2982249795436194_710710953646711752_n-768x576.jpg 768w, http:\/\/aeroclub-abbeville.fr\/wp-content\/uploads\/2021\/10\/242174263_2982249795436194_710710953646711752_n-624x468.jpg 624w\" sizes=\"(max-width: 1024px) 100vw, 1024px\" \/><\/figure><\/li><li class=\"blocks-gallery-item\"><figure><img loading=\"lazy\" decoding=\"async\" width=\"1024\" height=\"721\" src=\"http:\/\/aeroclub-abbeville.fr\/wp-content\/uploads\/2021\/10\/242211826_184527167096736_339055733344338404_n-1024x721.jpg\" alt=\"\" data-id=\"4909\" data-link=\"http:\/\/aeroclub-abbeville.fr\/?attachment_id=4909\" class=\"wp-image-4909\" srcset=\"http:\/\/aeroclub-abbeville.fr\/wp-content\/uploads\/2021\/10\/242211826_184527167096736_339055733344338404_n-1024x721.jpg 1024w, http:\/\/aeroclub-abbeville.fr\/wp-content\/uploads\/2021\/10\/242211826_184527167096736_339055733344338404_n-480x338.jpg 480w, http:\/\/aeroclub-abbeville.fr\/wp-content\/uploads\/2021\/10\/242211826_184527167096736_339055733344338404_n-768x541.jpg 768w, http:\/\/aeroclub-abbeville.fr\/wp-content\/uploads\/2021\/10\/242211826_184527167096736_339055733344338404_n-1536x1082.jpg 1536w, http:\/\/aeroclub-abbeville.fr\/wp-content\/uploads\/2021\/10\/242211826_184527167096736_339055733344338404_n-624x440.jpg 624w, http:\/\/aeroclub-abbeville.fr\/wp-content\/uploads\/2021\/10\/242211826_184527167096736_339055733344338404_n.jpg 1830w\" sizes=\"(max-width: 1024px) 100vw, 1024px\" \/><\/figure><\/li><li class=\"blocks-gallery-item\"><figure><img loading=\"lazy\" decoding=\"async\" width=\"1024\" height=\"683\" src=\"http:\/\/aeroclub-abbeville.fr\/wp-content\/uploads\/2021\/10\/242227103_184527313763388_6515385546818587666_n-1024x683.jpg\" alt=\"\" data-id=\"4910\" data-full-url=\"http:\/\/aeroclub-abbeville.fr\/wp-content\/uploads\/2021\/10\/242227103_184527313763388_6515385546818587666_n.jpg\" data-link=\"http:\/\/aeroclub-abbeville.fr\/?attachment_id=4910\" class=\"wp-image-4910\" srcset=\"http:\/\/aeroclub-abbeville.fr\/wp-content\/uploads\/2021\/10\/242227103_184527313763388_6515385546818587666_n-1024x683.jpg 1024w, http:\/\/aeroclub-abbeville.fr\/wp-content\/uploads\/2021\/10\/242227103_184527313763388_6515385546818587666_n-480x320.jpg 480w, http:\/\/aeroclub-abbeville.fr\/wp-content\/uploads\/2021\/10\/242227103_184527313763388_6515385546818587666_n-768x512.jpg 768w, http:\/\/aeroclub-abbeville.fr\/wp-content\/uploads\/2021\/10\/242227103_184527313763388_6515385546818587666_n-1536x1024.jpg 1536w, http:\/\/aeroclub-abbeville.fr\/wp-content\/uploads\/2021\/10\/242227103_184527313763388_6515385546818587666_n-624x416.jpg 624w, http:\/\/aeroclub-abbeville.fr\/wp-content\/uploads\/2021\/10\/242227103_184527313763388_6515385546818587666_n.jpg 2048w\" sizes=\"(max-width: 1024px) 100vw, 1024px\" \/><\/figure><\/li><\/ul><\/figure>\n\n\n\n<p class=\"has-text-align-center\"><img loading=\"lazy\" decoding=\"async\" alt=\"&#x1f396;\" src=\"https:\/\/static.xx.fbcdn.net\/images\/emoji.php\/v9\/t47\/2\/16\/1f396.png\" width=\"16\" height=\"16\"> remise de m\u00e9dailles pour un ancien pr\u00e9sident de l&rsquo;a\u00e9roclub, Pierre Darras <\/p>\n\n\n\n<figure class=\"wp-block-image size-large\"><img loading=\"lazy\" decoding=\"async\" width=\"1024\" height=\"768\" src=\"http:\/\/aeroclub-abbeville.fr\/wp-content\/uploads\/2021\/10\/242201250_2982250318769475_5629133414494355757_n.jpg\" alt=\"\" class=\"wp-image-4911\" srcset=\"http:\/\/aeroclub-abbeville.fr\/wp-content\/uploads\/2021\/10\/242201250_2982250318769475_5629133414494355757_n.jpg 1024w, http:\/\/aeroclub-abbeville.fr\/wp-content\/uploads\/2021\/10\/242201250_2982250318769475_5629133414494355757_n-480x360.jpg 480w, http:\/\/aeroclub-abbeville.fr\/wp-content\/uploads\/2021\/10\/242201250_2982250318769475_5629133414494355757_n-768x576.jpg 768w, http:\/\/aeroclub-abbeville.fr\/wp-content\/uploads\/2021\/10\/242201250_2982250318769475_5629133414494355757_n-624x468.jpg 624w\" sizes=\"(max-width: 1024px) 100vw, 1024px\" \/><\/figure>\n\n\n\n<p class=\"has-text-align-center\">L&rsquo;occasion \u00e9galement de mettre \u00e0 l&rsquo;honneur Bessie Coleman, qui fut la premi\u00e8re femme noire aviatrice au monde il y a tout juste 100 ans. Afro-am\u00e9ricaine, aucune \u00e9cole de pilotage aux Etats-Unis n&rsquo;avait accept\u00e9 de lui enseigner les bases du pilotage. Sa petite ni\u00e8ce Gigi Coleman a fait le d\u00e9placement depuis Chicago pour inaugurer notre salle de cours.<\/p>\n\n\n\n<figure class=\"wp-block-gallery columns-3 is-cropped wp-block-gallery-6 is-layout-flex wp-block-gallery-is-layout-flex\"><ul class=\"blocks-gallery-grid\"><li class=\"blocks-gallery-item\"><figure><img decoding=\"async\" src=\"http:\/\/aeroclub-abbeville.fr\/wp-content\/uploads\/2021\/10\/242264144_10218775274562592_320302200075748159_n-683x1024.jpg\" alt=\"\" data-id=\"4912\" data-link=\"http:\/\/aeroclub-abbeville.fr\/?attachment_id=4912\" class=\"wp-image-4912\"\/><\/figure><\/li><li class=\"blocks-gallery-item\"><figure><img loading=\"lazy\" decoding=\"async\" width=\"720\" height=\"960\" src=\"http:\/\/aeroclub-abbeville.fr\/wp-content\/uploads\/2021\/10\/242286932_3031880927088835_2632269868023113729_n.jpg\" alt=\"\" data-id=\"4913\" data-link=\"http:\/\/aeroclub-abbeville.fr\/?attachment_id=4913\" class=\"wp-image-4913\" srcset=\"http:\/\/aeroclub-abbeville.fr\/wp-content\/uploads\/2021\/10\/242286932_3031880927088835_2632269868023113729_n.jpg 720w, http:\/\/aeroclub-abbeville.fr\/wp-content\/uploads\/2021\/10\/242286932_3031880927088835_2632269868023113729_n-360x480.jpg 360w, http:\/\/aeroclub-abbeville.fr\/wp-content\/uploads\/2021\/10\/242286932_3031880927088835_2632269868023113729_n-624x832.jpg 624w\" sizes=\"(max-width: 720px) 100vw, 720px\" \/><\/figure><\/li><li class=\"blocks-gallery-item\"><figure><img loading=\"lazy\" decoding=\"async\" width=\"768\" height=\"1024\" src=\"http:\/\/aeroclub-abbeville.fr\/wp-content\/uploads\/2021\/10\/244437259_989753328257166_6143125027953860666_n-768x1024.jpg\" alt=\"\" data-id=\"4914\" data-full-url=\"http:\/\/aeroclub-abbeville.fr\/wp-content\/uploads\/2021\/10\/244437259_989753328257166_6143125027953860666_n.jpg\" data-link=\"http:\/\/aeroclub-abbeville.fr\/?attachment_id=4914\" class=\"wp-image-4914\" srcset=\"http:\/\/aeroclub-abbeville.fr\/wp-content\/uploads\/2021\/10\/244437259_989753328257166_6143125027953860666_n-768x1024.jpg 768w, http:\/\/aeroclub-abbeville.fr\/wp-content\/uploads\/2021\/10\/244437259_989753328257166_6143125027953860666_n-360x480.jpg 360w, http:\/\/aeroclub-abbeville.fr\/wp-content\/uploads\/2021\/10\/244437259_989753328257166_6143125027953860666_n-1152x1536.jpg 1152w, http:\/\/aeroclub-abbeville.fr\/wp-content\/uploads\/2021\/10\/244437259_989753328257166_6143125027953860666_n-624x832.jpg 624w, http:\/\/aeroclub-abbeville.fr\/wp-content\/uploads\/2021\/10\/244437259_989753328257166_6143125027953860666_n.jpg 1500w\" sizes=\"(max-width: 768px) 100vw, 768px\" \/><\/figure><\/li><\/ul><\/figure>\n\n\n\n<p class=\"has-text-align-center\">C&rsquo;est au Crotoy, \u00e0 l&rsquo;\u00e9cole des fr\u00e8res Caudron, qu&rsquo;elle a obtenu son brevet de pilote en 1921. Une salle de l&rsquo;a\u00e9roclub d&rsquo;Abbeville-Buigny-Baie-de-Somme porte d\u00e9sormais son nom.<\/p>\n\n\n\n<figure class=\"wp-block-gallery columns-3 is-cropped wp-block-gallery-7 is-layout-flex wp-block-gallery-is-layout-flex\"><ul class=\"blocks-gallery-grid\"><li class=\"blocks-gallery-item\"><figure><img loading=\"lazy\" decoding=\"async\" width=\"1001\" height=\"632\" src=\"http:\/\/aeroclub-abbeville.fr\/wp-content\/uploads\/2021\/10\/243120659_10220403433064568_4226171485275213896_n.jpg\" alt=\"\" data-id=\"4915\" data-link=\"http:\/\/aeroclub-abbeville.fr\/?attachment_id=4915\" class=\"wp-image-4915\" srcset=\"http:\/\/aeroclub-abbeville.fr\/wp-content\/uploads\/2021\/10\/243120659_10220403433064568_4226171485275213896_n.jpg 1001w, http:\/\/aeroclub-abbeville.fr\/wp-content\/uploads\/2021\/10\/243120659_10220403433064568_4226171485275213896_n-480x303.jpg 480w, http:\/\/aeroclub-abbeville.fr\/wp-content\/uploads\/2021\/10\/243120659_10220403433064568_4226171485275213896_n-768x485.jpg 768w, http:\/\/aeroclub-abbeville.fr\/wp-content\/uploads\/2021\/10\/243120659_10220403433064568_4226171485275213896_n-624x394.jpg 624w\" sizes=\"(max-width: 1001px) 100vw, 1001px\" \/><\/figure><\/li><li class=\"blocks-gallery-item\"><figure><img loading=\"lazy\" decoding=\"async\" width=\"1024\" height=\"458\" src=\"http:\/\/aeroclub-abbeville.fr\/wp-content\/uploads\/2021\/10\/243265476_10220407801053765_6846913288050786634_n-1024x458.jpg\" alt=\"\" data-id=\"4916\" data-link=\"http:\/\/aeroclub-abbeville.fr\/?attachment_id=4916\" class=\"wp-image-4916\" srcset=\"http:\/\/aeroclub-abbeville.fr\/wp-content\/uploads\/2021\/10\/243265476_10220407801053765_6846913288050786634_n-1024x458.jpg 1024w, http:\/\/aeroclub-abbeville.fr\/wp-content\/uploads\/2021\/10\/243265476_10220407801053765_6846913288050786634_n-480x215.jpg 480w, http:\/\/aeroclub-abbeville.fr\/wp-content\/uploads\/2021\/10\/243265476_10220407801053765_6846913288050786634_n-768x343.jpg 768w, http:\/\/aeroclub-abbeville.fr\/wp-content\/uploads\/2021\/10\/243265476_10220407801053765_6846913288050786634_n-624x279.jpg 624w, http:\/\/aeroclub-abbeville.fr\/wp-content\/uploads\/2021\/10\/243265476_10220407801053765_6846913288050786634_n.jpg 1431w\" sizes=\"(max-width: 1024px) 100vw, 1024px\" \/><\/figure><\/li><li class=\"blocks-gallery-item\"><figure><img loading=\"lazy\" decoding=\"async\" width=\"1024\" height=\"768\" src=\"http:\/\/aeroclub-abbeville.fr\/wp-content\/uploads\/2021\/10\/243561838_4701751573168447_8089528407109834395_n-1024x768.jpg\" alt=\"\" data-id=\"4917\" data-link=\"http:\/\/aeroclub-abbeville.fr\/?attachment_id=4917\" class=\"wp-image-4917\" srcset=\"http:\/\/aeroclub-abbeville.fr\/wp-content\/uploads\/2021\/10\/243561838_4701751573168447_8089528407109834395_n-1024x768.jpg 1024w, http:\/\/aeroclub-abbeville.fr\/wp-content\/uploads\/2021\/10\/243561838_4701751573168447_8089528407109834395_n-480x360.jpg 480w, http:\/\/aeroclub-abbeville.fr\/wp-content\/uploads\/2021\/10\/243561838_4701751573168447_8089528407109834395_n-768x576.jpg 768w, http:\/\/aeroclub-abbeville.fr\/wp-content\/uploads\/2021\/10\/243561838_4701751573168447_8089528407109834395_n-624x468.jpg 624w, http:\/\/aeroclub-abbeville.fr\/wp-content\/uploads\/2021\/10\/243561838_4701751573168447_8089528407109834395_n.jpg 1440w\" sizes=\"(max-width: 1024px) 100vw, 1024px\" \/><\/figure><\/li><li class=\"blocks-gallery-item\"><figure><img loading=\"lazy\" decoding=\"async\" width=\"960\" height=\"720\" src=\"http:\/\/aeroclub-abbeville.fr\/wp-content\/uploads\/2021\/10\/242315110_6920766217949601_8651660582736307330_n.jpg\" alt=\"\" data-id=\"4918\" data-link=\"http:\/\/aeroclub-abbeville.fr\/?attachment_id=4918\" class=\"wp-image-4918\" srcset=\"http:\/\/aeroclub-abbeville.fr\/wp-content\/uploads\/2021\/10\/242315110_6920766217949601_8651660582736307330_n.jpg 960w, http:\/\/aeroclub-abbeville.fr\/wp-content\/uploads\/2021\/10\/242315110_6920766217949601_8651660582736307330_n-480x360.jpg 480w, http:\/\/aeroclub-abbeville.fr\/wp-content\/uploads\/2021\/10\/242315110_6920766217949601_8651660582736307330_n-768x576.jpg 768w, http:\/\/aeroclub-abbeville.fr\/wp-content\/uploads\/2021\/10\/242315110_6920766217949601_8651660582736307330_n-624x468.jpg 624w\" sizes=\"(max-width: 960px) 100vw, 960px\" \/><\/figure><\/li><li class=\"blocks-gallery-item\"><figure><img loading=\"lazy\" decoding=\"async\" width=\"960\" height=\"708\" src=\"http:\/\/aeroclub-abbeville.fr\/wp-content\/uploads\/2021\/10\/242347265_6920765921282964_9169035727946021530_n.jpg\" alt=\"\" data-id=\"4919\" data-link=\"http:\/\/aeroclub-abbeville.fr\/?attachment_id=4919\" class=\"wp-image-4919\" srcset=\"http:\/\/aeroclub-abbeville.fr\/wp-content\/uploads\/2021\/10\/242347265_6920765921282964_9169035727946021530_n.jpg 960w, http:\/\/aeroclub-abbeville.fr\/wp-content\/uploads\/2021\/10\/242347265_6920765921282964_9169035727946021530_n-480x354.jpg 480w, http:\/\/aeroclub-abbeville.fr\/wp-content\/uploads\/2021\/10\/242347265_6920765921282964_9169035727946021530_n-768x566.jpg 768w, http:\/\/aeroclub-abbeville.fr\/wp-content\/uploads\/2021\/10\/242347265_6920765921282964_9169035727946021530_n-624x460.jpg 624w\" sizes=\"(max-width: 960px) 100vw, 960px\" \/><\/figure><\/li><li class=\"blocks-gallery-item\"><figure><img loading=\"lazy\" decoding=\"async\" width=\"1024\" height=\"768\" src=\"http:\/\/aeroclub-abbeville.fr\/wp-content\/uploads\/2021\/10\/244592690_989753388257160_7400336620787807712_n-1024x768.jpg\" alt=\"\" data-id=\"4920\" data-link=\"http:\/\/aeroclub-abbeville.fr\/?attachment_id=4920\" class=\"wp-image-4920\" srcset=\"http:\/\/aeroclub-abbeville.fr\/wp-content\/uploads\/2021\/10\/244592690_989753388257160_7400336620787807712_n-1024x768.jpg 1024w, http:\/\/aeroclub-abbeville.fr\/wp-content\/uploads\/2021\/10\/244592690_989753388257160_7400336620787807712_n-480x360.jpg 480w, http:\/\/aeroclub-abbeville.fr\/wp-content\/uploads\/2021\/10\/244592690_989753388257160_7400336620787807712_n-768x576.jpg 768w, http:\/\/aeroclub-abbeville.fr\/wp-content\/uploads\/2021\/10\/244592690_989753388257160_7400336620787807712_n-1536x1152.jpg 1536w, http:\/\/aeroclub-abbeville.fr\/wp-content\/uploads\/2021\/10\/244592690_989753388257160_7400336620787807712_n-624x468.jpg 624w, http:\/\/aeroclub-abbeville.fr\/wp-content\/uploads\/2021\/10\/244592690_989753388257160_7400336620787807712_n.jpg 2000w\" sizes=\"(max-width: 1024px) 100vw, 1024px\" \/><\/figure><\/li><li class=\"blocks-gallery-item\"><figure><img loading=\"lazy\" decoding=\"async\" width=\"652\" height=\"412\" src=\"http:\/\/aeroclub-abbeville.fr\/wp-content\/uploads\/2021\/10\/241296505_972231493342683_8288324260113985304_n.jpg\" alt=\"\" data-id=\"4933\" data-full-url=\"http:\/\/aeroclub-abbeville.fr\/wp-content\/uploads\/2021\/10\/241296505_972231493342683_8288324260113985304_n.jpg\" data-link=\"http:\/\/aeroclub-abbeville.fr\/?attachment_id=4933\" class=\"wp-image-4933\" srcset=\"http:\/\/aeroclub-abbeville.fr\/wp-content\/uploads\/2021\/10\/241296505_972231493342683_8288324260113985304_n.jpg 652w, http:\/\/aeroclub-abbeville.fr\/wp-content\/uploads\/2021\/10\/241296505_972231493342683_8288324260113985304_n-480x303.jpg 480w, http:\/\/aeroclub-abbeville.fr\/wp-content\/uploads\/2021\/10\/241296505_972231493342683_8288324260113985304_n-624x394.jpg 624w\" sizes=\"(max-width: 652px) 100vw, 652px\" \/><\/figure><\/li><\/ul><\/figure>\n\n\n\n<p class=\"has-text-align-center\">Monsieur Philippe Fournier-Montgieux, Sous Pr\u00e9fet et de nombreux \u00e9lus du territoire \u00e9taient pr\u00e9sents : St\u00e9phane Haussoulier, Sabrina Holleville-Milhat, Pascal Demarthe et une partie du conseil municipal d&rsquo;Abbeville, Dominique Delannoy, Jacky Thueux, Eric Mouton&#8230;<\/p>\n\n\n\n<figure class=\"wp-block-gallery columns-3 is-cropped wp-block-gallery-8 is-layout-flex wp-block-gallery-is-layout-flex\"><ul class=\"blocks-gallery-grid\"><li class=\"blocks-gallery-item\"><figure><img loading=\"lazy\" decoding=\"async\" width=\"1024\" height=\"949\" src=\"http:\/\/aeroclub-abbeville.fr\/wp-content\/uploads\/2021\/10\/242209983_184527283763391_3057133772629957659_n-1024x949.jpg\" alt=\"\" data-id=\"4926\" data-link=\"http:\/\/aeroclub-abbeville.fr\/?attachment_id=4926\" class=\"wp-image-4926\" srcset=\"http:\/\/aeroclub-abbeville.fr\/wp-content\/uploads\/2021\/10\/242209983_184527283763391_3057133772629957659_n-1024x949.jpg 1024w, http:\/\/aeroclub-abbeville.fr\/wp-content\/uploads\/2021\/10\/242209983_184527283763391_3057133772629957659_n-480x445.jpg 480w, http:\/\/aeroclub-abbeville.fr\/wp-content\/uploads\/2021\/10\/242209983_184527283763391_3057133772629957659_n-768x712.jpg 768w, http:\/\/aeroclub-abbeville.fr\/wp-content\/uploads\/2021\/10\/242209983_184527283763391_3057133772629957659_n-1536x1424.jpg 1536w, http:\/\/aeroclub-abbeville.fr\/wp-content\/uploads\/2021\/10\/242209983_184527283763391_3057133772629957659_n-624x578.jpg 624w, http:\/\/aeroclub-abbeville.fr\/wp-content\/uploads\/2021\/10\/242209983_184527283763391_3057133772629957659_n.jpg 1775w\" sizes=\"(max-width: 1024px) 100vw, 1024px\" \/><\/figure><\/li><li class=\"blocks-gallery-item\"><figure><img loading=\"lazy\" decoding=\"async\" width=\"828\" height=\"992\" src=\"http:\/\/aeroclub-abbeville.fr\/wp-content\/uploads\/2021\/10\/241885700_10225821328060985_3646666357924054486_n.jpg\" alt=\"\" data-id=\"4927\" data-link=\"http:\/\/aeroclub-abbeville.fr\/?attachment_id=4927\" class=\"wp-image-4927\" srcset=\"http:\/\/aeroclub-abbeville.fr\/wp-content\/uploads\/2021\/10\/241885700_10225821328060985_3646666357924054486_n.jpg 828w, http:\/\/aeroclub-abbeville.fr\/wp-content\/uploads\/2021\/10\/241885700_10225821328060985_3646666357924054486_n-401x480.jpg 401w, http:\/\/aeroclub-abbeville.fr\/wp-content\/uploads\/2021\/10\/241885700_10225821328060985_3646666357924054486_n-768x920.jpg 768w, http:\/\/aeroclub-abbeville.fr\/wp-content\/uploads\/2021\/10\/241885700_10225821328060985_3646666357924054486_n-624x748.jpg 624w\" sizes=\"(max-width: 828px) 100vw, 828px\" \/><\/figure><\/li><li class=\"blocks-gallery-item\"><figure><img loading=\"lazy\" decoding=\"async\" width=\"1024\" height=\"768\" src=\"http:\/\/aeroclub-abbeville.fr\/wp-content\/uploads\/2021\/10\/242232659_10219581980846722_5618190370965921692_n-1024x768.jpg\" alt=\"\" data-id=\"4928\" data-link=\"http:\/\/aeroclub-abbeville.fr\/?attachment_id=4928\" class=\"wp-image-4928\" srcset=\"http:\/\/aeroclub-abbeville.fr\/wp-content\/uploads\/2021\/10\/242232659_10219581980846722_5618190370965921692_n-1024x768.jpg 1024w, http:\/\/aeroclub-abbeville.fr\/wp-content\/uploads\/2021\/10\/242232659_10219581980846722_5618190370965921692_n-480x360.jpg 480w, http:\/\/aeroclub-abbeville.fr\/wp-content\/uploads\/2021\/10\/242232659_10219581980846722_5618190370965921692_n-768x576.jpg 768w, http:\/\/aeroclub-abbeville.fr\/wp-content\/uploads\/2021\/10\/242232659_10219581980846722_5618190370965921692_n-624x468.jpg 624w, http:\/\/aeroclub-abbeville.fr\/wp-content\/uploads\/2021\/10\/242232659_10219581980846722_5618190370965921692_n.jpg 1280w\" sizes=\"(max-width: 1024px) 100vw, 1024px\" \/><\/figure><\/li><li class=\"blocks-gallery-item\"><figure><img loading=\"lazy\" decoding=\"async\" width=\"1024\" height=\"768\" src=\"http:\/\/aeroclub-abbeville.fr\/wp-content\/uploads\/2021\/10\/20210918_163501-1024x768.jpg\" alt=\"\" data-id=\"4929\" data-link=\"http:\/\/aeroclub-abbeville.fr\/?attachment_id=4929\" class=\"wp-image-4929\" srcset=\"http:\/\/aeroclub-abbeville.fr\/wp-content\/uploads\/2021\/10\/20210918_163501-1024x768.jpg 1024w, http:\/\/aeroclub-abbeville.fr\/wp-content\/uploads\/2021\/10\/20210918_163501-480x360.jpg 480w, http:\/\/aeroclub-abbeville.fr\/wp-content\/uploads\/2021\/10\/20210918_163501-768x576.jpg 768w, http:\/\/aeroclub-abbeville.fr\/wp-content\/uploads\/2021\/10\/20210918_163501-1536x1152.jpg 1536w, http:\/\/aeroclub-abbeville.fr\/wp-content\/uploads\/2021\/10\/20210918_163501-2048x1536.jpg 2048w, http:\/\/aeroclub-abbeville.fr\/wp-content\/uploads\/2021\/10\/20210918_163501-624x468.jpg 624w\" sizes=\"(max-width: 1024px) 100vw, 1024px\" \/><\/figure><\/li><\/ul><\/figure>\n\n\n\n<p class=\"has-text-align-center\">Bravo au pr\u00e9sident de l&rsquo;a\u00e9roclub et \u00e0 toute l&rsquo;\u00e9quipe de b\u00e9n\u00e9voles  pour avoir organis\u00e9 ces portes-ouvertes et cet hommage \u00e0 Bessie Coleman. <\/p>\n\n\n\n<figure class=\"wp-block-gallery columns-3 is-cropped wp-block-gallery-9 is-layout-flex wp-block-gallery-is-layout-flex\"><ul class=\"blocks-gallery-grid\"><li class=\"blocks-gallery-item\"><figure><img loading=\"lazy\" decoding=\"async\" width=\"720\" height=\"960\" src=\"http:\/\/aeroclub-abbeville.fr\/wp-content\/uploads\/2021\/10\/242299328_3031881427088785_6377393051871305357_n.jpg\" alt=\"\" data-id=\"4921\" data-link=\"http:\/\/aeroclub-abbeville.fr\/?attachment_id=4921\" class=\"wp-image-4921\" srcset=\"http:\/\/aeroclub-abbeville.fr\/wp-content\/uploads\/2021\/10\/242299328_3031881427088785_6377393051871305357_n.jpg 720w, http:\/\/aeroclub-abbeville.fr\/wp-content\/uploads\/2021\/10\/242299328_3031881427088785_6377393051871305357_n-360x480.jpg 360w, http:\/\/aeroclub-abbeville.fr\/wp-content\/uploads\/2021\/10\/242299328_3031881427088785_6377393051871305357_n-624x832.jpg 624w\" sizes=\"(max-width: 720px) 100vw, 720px\" \/><\/figure><\/li><li class=\"blocks-gallery-item\"><figure><img loading=\"lazy\" decoding=\"async\" width=\"955\" height=\"1024\" src=\"http:\/\/aeroclub-abbeville.fr\/wp-content\/uploads\/2021\/10\/242492635_10158808409190787_8731434175072305336_n-955x1024.jpg\" alt=\"\" data-id=\"4922\" data-link=\"http:\/\/aeroclub-abbeville.fr\/?attachment_id=4922\" class=\"wp-image-4922\" srcset=\"http:\/\/aeroclub-abbeville.fr\/wp-content\/uploads\/2021\/10\/242492635_10158808409190787_8731434175072305336_n-955x1024.jpg 955w, http:\/\/aeroclub-abbeville.fr\/wp-content\/uploads\/2021\/10\/242492635_10158808409190787_8731434175072305336_n-448x480.jpg 448w, http:\/\/aeroclub-abbeville.fr\/wp-content\/uploads\/2021\/10\/242492635_10158808409190787_8731434175072305336_n-768x823.jpg 768w, http:\/\/aeroclub-abbeville.fr\/wp-content\/uploads\/2021\/10\/242492635_10158808409190787_8731434175072305336_n-624x669.jpg 624w, http:\/\/aeroclub-abbeville.fr\/wp-content\/uploads\/2021\/10\/242492635_10158808409190787_8731434175072305336_n.jpg 1194w\" sizes=\"(max-width: 955px) 100vw, 955px\" \/><\/figure><\/li><li class=\"blocks-gallery-item\"><figure><img loading=\"lazy\" decoding=\"async\" width=\"766\" height=\"1024\" src=\"http:\/\/aeroclub-abbeville.fr\/wp-content\/uploads\/2021\/10\/242684179_10158808420095787_3368408052591484998_n-766x1024.jpg\" alt=\"\" data-id=\"4923\" data-link=\"http:\/\/aeroclub-abbeville.fr\/?attachment_id=4923\" class=\"wp-image-4923\" srcset=\"http:\/\/aeroclub-abbeville.fr\/wp-content\/uploads\/2021\/10\/242684179_10158808420095787_3368408052591484998_n-766x1024.jpg 766w, http:\/\/aeroclub-abbeville.fr\/wp-content\/uploads\/2021\/10\/242684179_10158808420095787_3368408052591484998_n-359x480.jpg 359w, http:\/\/aeroclub-abbeville.fr\/wp-content\/uploads\/2021\/10\/242684179_10158808420095787_3368408052591484998_n-768x1026.jpg 768w, http:\/\/aeroclub-abbeville.fr\/wp-content\/uploads\/2021\/10\/242684179_10158808420095787_3368408052591484998_n-624x834.jpg 624w, http:\/\/aeroclub-abbeville.fr\/wp-content\/uploads\/2021\/10\/242684179_10158808420095787_3368408052591484998_n.jpg 958w\" sizes=\"(max-width: 766px) 100vw, 766px\" \/><\/figure><\/li><\/ul><\/figure>\n\n\n\n<figure class=\"wp-block-gallery columns-3 is-cropped wp-block-gallery-10 is-layout-flex wp-block-gallery-is-layout-flex\"><ul class=\"blocks-gallery-grid\"><li class=\"blocks-gallery-item\"><figure><img loading=\"lazy\" decoding=\"async\" width=\"1024\" height=\"768\" src=\"http:\/\/aeroclub-abbeville.fr\/wp-content\/uploads\/2021\/10\/242165488_4386025834820524_6103929326725069487_n-1024x768.jpg\" alt=\"\" data-id=\"4934\" data-link=\"http:\/\/aeroclub-abbeville.fr\/?attachment_id=4934\" class=\"wp-image-4934\" srcset=\"http:\/\/aeroclub-abbeville.fr\/wp-content\/uploads\/2021\/10\/242165488_4386025834820524_6103929326725069487_n-1024x768.jpg 1024w, http:\/\/aeroclub-abbeville.fr\/wp-content\/uploads\/2021\/10\/242165488_4386025834820524_6103929326725069487_n-480x360.jpg 480w, http:\/\/aeroclub-abbeville.fr\/wp-content\/uploads\/2021\/10\/242165488_4386025834820524_6103929326725069487_n-768x576.jpg 768w, http:\/\/aeroclub-abbeville.fr\/wp-content\/uploads\/2021\/10\/242165488_4386025834820524_6103929326725069487_n-624x468.jpg 624w, http:\/\/aeroclub-abbeville.fr\/wp-content\/uploads\/2021\/10\/242165488_4386025834820524_6103929326725069487_n.jpg 1280w\" sizes=\"(max-width: 1024px) 100vw, 1024px\" \/><\/figure><\/li><li class=\"blocks-gallery-item\"><figure><img loading=\"lazy\" decoding=\"async\" width=\"1024\" height=\"768\" src=\"http:\/\/aeroclub-abbeville.fr\/wp-content\/uploads\/2021\/10\/242195725_10225825194477643_886348825538143055_n-1024x768.jpg\" alt=\"\" data-id=\"4935\" data-link=\"http:\/\/aeroclub-abbeville.fr\/?attachment_id=4935\" class=\"wp-image-4935\" srcset=\"http:\/\/aeroclub-abbeville.fr\/wp-content\/uploads\/2021\/10\/242195725_10225825194477643_886348825538143055_n-1024x768.jpg 1024w, http:\/\/aeroclub-abbeville.fr\/wp-content\/uploads\/2021\/10\/242195725_10225825194477643_886348825538143055_n-480x360.jpg 480w, http:\/\/aeroclub-abbeville.fr\/wp-content\/uploads\/2021\/10\/242195725_10225825194477643_886348825538143055_n-768x576.jpg 768w, http:\/\/aeroclub-abbeville.fr\/wp-content\/uploads\/2021\/10\/242195725_10225825194477643_886348825538143055_n-1536x1152.jpg 1536w, http:\/\/aeroclub-abbeville.fr\/wp-content\/uploads\/2021\/10\/242195725_10225825194477643_886348825538143055_n-624x468.jpg 624w, http:\/\/aeroclub-abbeville.fr\/wp-content\/uploads\/2021\/10\/242195725_10225825194477643_886348825538143055_n.jpg 1600w\" sizes=\"(max-width: 1024px) 100vw, 1024px\" \/><\/figure><\/li><li class=\"blocks-gallery-item\"><figure><img loading=\"lazy\" decoding=\"async\" width=\"960\" height=\"783\" src=\"http:\/\/aeroclub-abbeville.fr\/wp-content\/uploads\/2021\/10\/241798177_4483752554994917_1458484703639388078_n.jpg\" alt=\"\" data-id=\"4936\" data-link=\"http:\/\/aeroclub-abbeville.fr\/?attachment_id=4936\" class=\"wp-image-4936\" srcset=\"http:\/\/aeroclub-abbeville.fr\/wp-content\/uploads\/2021\/10\/241798177_4483752554994917_1458484703639388078_n.jpg 960w, http:\/\/aeroclub-abbeville.fr\/wp-content\/uploads\/2021\/10\/241798177_4483752554994917_1458484703639388078_n-480x392.jpg 480w, http:\/\/aeroclub-abbeville.fr\/wp-content\/uploads\/2021\/10\/241798177_4483752554994917_1458484703639388078_n-768x626.jpg 768w, http:\/\/aeroclub-abbeville.fr\/wp-content\/uploads\/2021\/10\/241798177_4483752554994917_1458484703639388078_n-624x509.jpg 624w\" sizes=\"(max-width: 960px) 100vw, 960px\" \/><\/figure><\/li><li class=\"blocks-gallery-item\"><figure><img loading=\"lazy\" decoding=\"async\" width=\"1024\" height=\"768\" src=\"http:\/\/aeroclub-abbeville.fr\/wp-content\/uploads\/2021\/10\/IMG_1446-1-1024x768.jpg\" alt=\"\" data-id=\"4939\" data-link=\"http:\/\/aeroclub-abbeville.fr\/?attachment_id=4939\" class=\"wp-image-4939\" srcset=\"http:\/\/aeroclub-abbeville.fr\/wp-content\/uploads\/2021\/10\/IMG_1446-1-1024x768.jpg 1024w, http:\/\/aeroclub-abbeville.fr\/wp-content\/uploads\/2021\/10\/IMG_1446-1-480x360.jpg 480w, http:\/\/aeroclub-abbeville.fr\/wp-content\/uploads\/2021\/10\/IMG_1446-1-768x576.jpg 768w, http:\/\/aeroclub-abbeville.fr\/wp-content\/uploads\/2021\/10\/IMG_1446-1-1536x1152.jpg 1536w, http:\/\/aeroclub-abbeville.fr\/wp-content\/uploads\/2021\/10\/IMG_1446-1-2048x1536.jpg 2048w, http:\/\/aeroclub-abbeville.fr\/wp-content\/uploads\/2021\/10\/IMG_1446-1-624x468.jpg 624w\" sizes=\"(max-width: 1024px) 100vw, 1024px\" \/><\/figure><\/li><li class=\"blocks-gallery-item\"><figure><img loading=\"lazy\" decoding=\"async\" width=\"1024\" height=\"768\" src=\"http:\/\/aeroclub-abbeville.fr\/wp-content\/uploads\/2021\/10\/20210918_232332-2-1024x768.jpg\" alt=\"\" data-id=\"4946\" data-full-url=\"http:\/\/aeroclub-abbeville.fr\/wp-content\/uploads\/2021\/10\/20210918_232332-2-scaled.jpg\" data-link=\"http:\/\/aeroclub-abbeville.fr\/?attachment_id=4946\" class=\"wp-image-4946\" srcset=\"http:\/\/aeroclub-abbeville.fr\/wp-content\/uploads\/2021\/10\/20210918_232332-2-1024x768.jpg 1024w, http:\/\/aeroclub-abbeville.fr\/wp-content\/uploads\/2021\/10\/20210918_232332-2-480x360.jpg 480w, http:\/\/aeroclub-abbeville.fr\/wp-content\/uploads\/2021\/10\/20210918_232332-2-768x576.jpg 768w, http:\/\/aeroclub-abbeville.fr\/wp-content\/uploads\/2021\/10\/20210918_232332-2-1536x1152.jpg 1536w, http:\/\/aeroclub-abbeville.fr\/wp-content\/uploads\/2021\/10\/20210918_232332-2-2048x1536.jpg 2048w, http:\/\/aeroclub-abbeville.fr\/wp-content\/uploads\/2021\/10\/20210918_232332-2-624x468.jpg 624w\" sizes=\"(max-width: 1024px) 100vw, 1024px\" \/><\/figure><\/li><\/ul><\/figure>\n\n\n\n<p class=\"has-text-align-center\">Sans oublier tous nos invit\u00e9s et conf\u00e9renciers participants :<\/p>\n\n\n\n<p>Mme Gigi Coleman, petite-ni\u00e8ce de Bessie Coleman<br>La cin\u00e9aste Euzhan Palcy et son r\u00e9alisateur Patrick Agla\u00e9, <br>Le cin\u00e9aste-r\u00e9alisateur-documentariste Olivier Sarrazin <br>Les repr\u00e9sentantes de l&rsquo;Association Fran\u00e7aise des Femmes Pilotes, Christine Debouzy, Murielle Le Floch, Nadine et G\u00e9rard Granger, Jo\u00eblle G\u00e9rin, Fran\u00e7oise Sockeel<br>Les repr\u00e9sentants de l&rsquo;Association des \u00ab\u00a0D\u00e9mocrates Abroad\u00a0\u00bb de Toulouse, Jeaneen Johnson, Scott Scrout, B\u00e9atrice Monthioux<br>Mme H\u00e9l\u00e8ne Platteel-B\u00e9al, veuve de Jacques B\u00e9al, biographe et romancier de Bessie Coleman<br>La Romanci\u00e8re Carole Hopson, son assistante Candace Brown et Kim<br>Coline B\u00e9ry pour le cadeau de ses poup\u00e9es \u00ab\u00a0Bessie Coleman\u00a0\u00bb<br>Les historiens-conf\u00e9renciers Christophe Lentz et Philippe Sall\u00e9<br>Le Mus\u00e9e des Fr\u00e8res Caudron de Rue<br>La Communaut\u00e9 de Communes Ponthieu-Marquenterre et son \u00e9cole de musique<br>Mme le Docteur Marianne Wissart du service d&rsquo;urgences de l&rsquo;h\u00f4pital d&rsquo;Abbeville<br>L&rsquo;\u00e9quipage du \u00ab\u00a0Dauphin\u00a0\u00bb de la 35F de l&rsquo;A\u00e9ronautique Navale bas\u00e9 au Touquet<br>La Capitaine Aur\u00e9lie Bob\u00e9e de l&rsquo;Arm\u00e9e de l&rsquo;air<br>La Ma\u00eetre Isabelle Ma\u00ebs de la Marine Nationale<br>Vincent Detaille pour ses pr\u00e9cieuses photos<\/p>\n\n\n\n<figure class=\"wp-block-image size-large\"><img loading=\"lazy\" decoding=\"async\" width=\"1024\" height=\"498\" src=\"http:\/\/aeroclub-abbeville.fr\/wp-content\/uploads\/2021\/10\/242315252_980721385827027_8277661368657924224_n-1024x498.jpg\" alt=\"\" class=\"wp-image-4941\" srcset=\"http:\/\/aeroclub-abbeville.fr\/wp-content\/uploads\/2021\/10\/242315252_980721385827027_8277661368657924224_n-1024x498.jpg 1024w, http:\/\/aeroclub-abbeville.fr\/wp-content\/uploads\/2021\/10\/242315252_980721385827027_8277661368657924224_n-480x233.jpg 480w, http:\/\/aeroclub-abbeville.fr\/wp-content\/uploads\/2021\/10\/242315252_980721385827027_8277661368657924224_n-768x373.jpg 768w, http:\/\/aeroclub-abbeville.fr\/wp-content\/uploads\/2021\/10\/242315252_980721385827027_8277661368657924224_n-624x303.jpg 624w, http:\/\/aeroclub-abbeville.fr\/wp-content\/uploads\/2021\/10\/242315252_980721385827027_8277661368657924224_n.jpg 1316w\" sizes=\"(max-width: 1024px) 100vw, 1024px\" \/><\/figure>\n\n\n\n<p class=\"has-text-align-center\">Merci \u00e0 tous les adh\u00e9rents b\u00e9n\u00e9voles de leur soutien moral et logistique ! C&rsquo;\u00e9tait une bien belle journ\u00e9e, \u00e0 renouveler !<\/p>\n\n\n\n<p>Fran\u00e7oise Sockeel<\/p>\n\n\n\n\n\n\n\n<p><\/p>\n\n\n","protected":false},"excerpt":{"rendered":"<p>12 Octobre 2021 Retour sur les Journ\u00e9es Portes Ouvertes des 17, 18, 19 Septembre 2021 et la Comm\u00e9moration du Centenaire de brevet de Pilote international de Bessie Coleman. Merci \u00e0 vous tous de votre pr\u00e9sence qui a honor\u00e9 notre manifestation \u00e0 l&rsquo;a\u00e9roclub d&rsquo;Abbeville et la comm\u00e9moration du Centenaire du brevet de Pilote de Bessie Coleman. [&hellip;]<\/p>\n","protected":false},"author":211,"featured_media":0,"comment_status":"open","ping_status":"closed","sticky":false,"template":"","format":"standard","meta":{"inline_featured_image":false,"footnotes":""},"categories":[20,21,2,22,3,6,26,10,11,13,14,17,18,19],"tags":[],"class_list":["post-4897","post","type-post","status-publish","format-standard","hentry","category-actualites","category-arrosages-fetes","category-avion","category-bia","category-club","category-formation","category-histoire","category-infrastructures-et-batiments","category-manifestations","category-planeur","category-presse","category-ulm","category-vie-du-club","category-vol-a-voile"],"_links":{"self":[{"href":"http:\/\/aeroclub-abbeville.fr\/index.php?rest_route=\/wp\/v2\/posts\/4897","targetHints":{"allow":["GET"]}}],"collection":[{"href":"http:\/\/aeroclub-abbeville.fr\/index.php?rest_route=\/wp\/v2\/posts"}],"about":[{"href":"http:\/\/aeroclub-abbeville.fr\/index.php?rest_route=\/wp\/v2\/types\/post"}],"author":[{"embeddable":true,"href":"http:\/\/aeroclub-abbeville.fr\/index.php?rest_route=\/wp\/v2\/users\/211"}],"replies":[{"embeddable":true,"href":"http:\/\/aeroclub-abbeville.fr\/index.php?rest_route=%2Fwp%2Fv2%2Fcomments&post=4897"}],"version-history":[{"count":36,"href":"http:\/\/aeroclub-abbeville.fr\/index.php?rest_route=\/wp\/v2\/posts\/4897\/revisions"}],"predecessor-version":[{"id":6225,"href":"http:\/\/aeroclub-abbeville.fr\/index.php?rest_route=\/wp\/v2\/posts\/4897\/revisions\/6225"}],"wp:attachment":[{"href":"http:\/\/aeroclub-abbeville.fr\/index.php?rest_route=%2Fwp%2Fv2%2Fmedia&parent=4897"}],"wp:term":[{"taxonomy":"category","embeddable":true,"href":"http:\/\/aeroclub-abbeville.fr\/index.php?rest_route=%2Fwp%2Fv2%2Fcategories&post=4897"},{"taxonomy":"post_tag","embeddable":true,"href":"http:\/\/aeroclub-abbeville.fr\/index.php?rest_route=%2Fwp%2Fv2%2Ftags&post=4897"}],"curies":[{"name":"wp","href":"https:\/\/api.w.org\/{rel}","templated":true}]}}