{"id":5061,"date":"2021-12-24T16:12:10","date_gmt":"2021-12-24T15:12:10","guid":{"rendered":"http:\/\/aeroclub-abbeville.fr\/?p=5061"},"modified":"2022-07-04T13:05:24","modified_gmt":"2022-07-04T12:05:24","slug":"meilleurs-voeux-2022","status":"publish","type":"post","link":"http:\/\/aeroclub-abbeville.fr\/?p=5061","title":{"rendered":"Meilleurs V\u0153ux 2022"},"content":{"rendered":"\n<figure class=\"wp-block-image size-full\"><img fetchpriority=\"high\" decoding=\"async\" width=\"600\" height=\"307\" src=\"http:\/\/aeroclub-abbeville.fr\/wp-content\/uploads\/2021\/12\/Voeux-2022.jpg\" alt=\"\" class=\"wp-image-5050\" srcset=\"http:\/\/aeroclub-abbeville.fr\/wp-content\/uploads\/2021\/12\/Voeux-2022.jpg 600w, http:\/\/aeroclub-abbeville.fr\/wp-content\/uploads\/2021\/12\/Voeux-2022-480x246.jpg 480w\" sizes=\"(max-width: 600px) 100vw, 600px\" \/><\/figure>\n\n\n\n<p><strong>Bonnes f\u00eates et excellente ann\u00e9e 2022 pour vous et vos proches.<\/strong><\/p>\n\n\n\n<p><strong>Et bons vols 2022 en s\u00e9curit\u00e9..<\/strong><\/p>\n\n\n\n<p><strong>Jean-Pierre, le pr\u00e9sident de l&rsquo;a\u00e9roclub et toute l&rsquo;\u00e9quipe.<\/strong><\/p>\n","protected":false},"excerpt":{"rendered":"<p>Bonnes f\u00eates et excellente ann\u00e9e 2022 pour vous et vos proches. Et bons vols 2022 en s\u00e9curit\u00e9.. Jean-Pierre, le pr\u00e9sident de l&rsquo;a\u00e9roclub et toute l&rsquo;\u00e9quipe.<\/p>\n","protected":false},"author":67,"featured_media":0,"comment_status":"open","ping_status":"closed","sticky":false,"template":"","format":"standard","meta":{"inline_featured_image":false,"footnotes":""},"categories":[20,21,2,3,11,14,18],"tags":[],"class_list":["post-5061","post","type-post","status-publish","format-standard","hentry","category-actualites","category-arrosages-fetes","category-avion","category-club","category-manifestations","category-presse","category-vie-du-club"],"_links":{"self":[{"href":"http:\/\/aeroclub-abbeville.fr\/index.php?rest_route=\/wp\/v2\/posts\/5061","targetHints":{"allow":["GET"]}}],"collection":[{"href":"http:\/\/aeroclub-abbeville.fr\/index.php?rest_route=\/wp\/v2\/posts"}],"about":[{"href":"http:\/\/aeroclub-abbeville.fr\/index.php?rest_route=\/wp\/v2\/types\/post"}],"author":[{"embeddable":true,"href":"http:\/\/aeroclub-abbeville.fr\/index.php?rest_route=\/wp\/v2\/users\/67"}],"replies":[{"embeddable":true,"href":"http:\/\/aeroclub-abbeville.fr\/index.php?rest_route=%2Fwp%2Fv2%2Fcomments&post=5061"}],"version-history":[{"count":6,"href":"http:\/\/aeroclub-abbeville.fr\/index.php?rest_route=\/wp\/v2\/posts\/5061\/revisions"}],"predecessor-version":[{"id":5072,"href":"http:\/\/aeroclub-abbeville.fr\/index.php?rest_route=\/wp\/v2\/posts\/5061\/revisions\/5072"}],"wp:attachment":[{"href":"http:\/\/aeroclub-abbeville.fr\/index.php?rest_route=%2Fwp%2Fv2%2Fmedia&parent=5061"}],"wp:term":[{"taxonomy":"category","embeddable":true,"href":"http:\/\/aeroclub-abbeville.fr\/index.php?rest_route=%2Fwp%2Fv2%2Fcategories&post=5061"},{"taxonomy":"post_tag","embeddable":true,"href":"http:\/\/aeroclub-abbeville.fr\/index.php?rest_route=%2Fwp%2Fv2%2Ftags&post=5061"}],"curies":[{"name":"wp","href":"https:\/\/api.w.org\/{rel}","templated":true}]}}