{"id":5084,"date":"2022-03-27T17:34:53","date_gmt":"2022-03-27T16:34:53","guid":{"rendered":"http:\/\/aeroclub-abbeville.fr\/?p=5084"},"modified":"2022-07-04T13:04:28","modified_gmt":"2022-07-04T12:04:28","slug":"sortie-au-musee-de-lair-et-de-lespace-et-a-roissy","status":"publish","type":"post","link":"http:\/\/aeroclub-abbeville.fr\/?p=5084","title":{"rendered":"Sortie au Mus\u00e9e de l&rsquo;Air et de l&rsquo;Espace et \u00e0 Roissy"},"content":{"rendered":"\n<figure class=\"wp-block-image size-full\"><img fetchpriority=\"high\" decoding=\"async\" width=\"922\" height=\"691\" src=\"http:\/\/aeroclub-abbeville.fr\/wp-content\/uploads\/2022\/03\/IMG_20220326_161855-1.jpg\" alt=\"\" class=\"wp-image-5085\" srcset=\"http:\/\/aeroclub-abbeville.fr\/wp-content\/uploads\/2022\/03\/IMG_20220326_161855-1.jpg 922w, http:\/\/aeroclub-abbeville.fr\/wp-content\/uploads\/2022\/03\/IMG_20220326_161855-1-480x360.jpg 480w, http:\/\/aeroclub-abbeville.fr\/wp-content\/uploads\/2022\/03\/IMG_20220326_161855-1-768x576.jpg 768w, http:\/\/aeroclub-abbeville.fr\/wp-content\/uploads\/2022\/03\/IMG_20220326_161855-1-624x468.jpg 624w\" sizes=\"(max-width: 922px) 100vw, 922px\" \/><figcaption>L&rsquo;a\u00e9roclub \u00e9tait bien repr\u00e9sent\u00e9 pour cette sortie passionnante. Ici, une photo prise \u00e0 Roissy, pr\u00e8s de l&rsquo;a\u00e9rogare initiale actuellement ferm\u00e9e.<\/figcaption><\/figure>\n\n\n\n<p>Le matin: visite libre du mus\u00e9e de l&rsquo;Air et de l&rsquo;Espace enti\u00e8rement refond\u00e9. Dans notre \u00e9quipe, il y avait G\u00e9rard et Alain, pilotes de ligne retrait\u00e9s qui ont pu nous commenter la visite du 747 expos\u00e9 (G\u00e9rard \u00e0 \u00e9t\u00e9 CdB sur cet avion); on pouvait difficilement trouver commentateurs plus comp\u00e9tents.<\/p>\n\n\n\n<p>Le midi, excellent repas dans un restaurant de Roissy.<\/p>\n\n\n\n<p>L&rsquo;apr\u00e8s-midi: visite comment\u00e9e en car de la plateforme. Nous avons pu prendre conscience de l&rsquo;immensit\u00e9 de la zone a\u00e9roportuaire et des probl\u00e8mes qu&rsquo;elle peut rencontrer, ceci gr\u00e2ce \u00e0 un excellent guide.<\/p>\n\n\n\n<p>Et nous avons assist\u00e9 au d\u00e9collage d&rsquo;un A380 de QUATAR AIRWAYS.<\/p>\n\n\n\n<p>Une visite qui restera dans nos souvenirs.<\/p>\n\n\n","protected":false},"excerpt":{"rendered":"<p>Le matin: visite libre du mus\u00e9e de l&rsquo;Air et de l&rsquo;Espace enti\u00e8rement refond\u00e9. Dans notre \u00e9quipe, il y avait G\u00e9rard et Alain, pilotes de ligne retrait\u00e9s qui ont pu nous commenter la visite du 747 expos\u00e9 (G\u00e9rard \u00e0 \u00e9t\u00e9 CdB sur cet avion); on pouvait difficilement trouver commentateurs plus comp\u00e9tents. Le midi, excellent repas dans [&hellip;]<\/p>\n","protected":false},"author":20,"featured_media":0,"comment_status":"open","ping_status":"closed","sticky":false,"template":"","format":"standard","meta":{"inline_featured_image":false,"footnotes":""},"categories":[20,21,2,22,3,6,7,8,26,11,13,14,17,18,19,31],"tags":[],"class_list":["post-5084","post","type-post","status-publish","format-standard","hentry","category-actualites","category-arrosages-fetes","category-avion","category-bia","category-club","category-formation","category-formation_avion","category-formation_planeur","category-histoire","category-manifestations","category-planeur","category-presse","category-ulm","category-vie-du-club","category-vol-a-voile","category-voyages"],"_links":{"self":[{"href":"http:\/\/aeroclub-abbeville.fr\/index.php?rest_route=\/wp\/v2\/posts\/5084","targetHints":{"allow":["GET"]}}],"collection":[{"href":"http:\/\/aeroclub-abbeville.fr\/index.php?rest_route=\/wp\/v2\/posts"}],"about":[{"href":"http:\/\/aeroclub-abbeville.fr\/index.php?rest_route=\/wp\/v2\/types\/post"}],"author":[{"embeddable":true,"href":"http:\/\/aeroclub-abbeville.fr\/index.php?rest_route=\/wp\/v2\/users\/20"}],"replies":[{"embeddable":true,"href":"http:\/\/aeroclub-abbeville.fr\/index.php?rest_route=%2Fwp%2Fv2%2Fcomments&post=5084"}],"version-history":[{"count":1,"href":"http:\/\/aeroclub-abbeville.fr\/index.php?rest_route=\/wp\/v2\/posts\/5084\/revisions"}],"predecessor-version":[{"id":5086,"href":"http:\/\/aeroclub-abbeville.fr\/index.php?rest_route=\/wp\/v2\/posts\/5084\/revisions\/5086"}],"wp:attachment":[{"href":"http:\/\/aeroclub-abbeville.fr\/index.php?rest_route=%2Fwp%2Fv2%2Fmedia&parent=5084"}],"wp:term":[{"taxonomy":"category","embeddable":true,"href":"http:\/\/aeroclub-abbeville.fr\/index.php?rest_route=%2Fwp%2Fv2%2Fcategories&post=5084"},{"taxonomy":"post_tag","embeddable":true,"href":"http:\/\/aeroclub-abbeville.fr\/index.php?rest_route=%2Fwp%2Fv2%2Ftags&post=5084"}],"curies":[{"name":"wp","href":"https:\/\/api.w.org\/{rel}","templated":true}]}}