{"id":5158,"date":"2022-05-31T16:00:01","date_gmt":"2022-05-31T15:00:01","guid":{"rendered":"http:\/\/aeroclub-abbeville.fr\/?p=5158"},"modified":"2022-07-04T13:03:38","modified_gmt":"2022-07-04T12:03:38","slug":"des-vols-pour-la-croix-rouge","status":"publish","type":"post","link":"http:\/\/aeroclub-abbeville.fr\/?p=5158","title":{"rendered":"Des vols pour la Croix Rouge"},"content":{"rendered":"\n<p>18 enfants et adolescents pr\u00e9sent\u00e9s par la Croix Rouge et le Rotary ont d\u00e9couvert l&rsquo;a\u00e9ronautique ce vendredi 27 mai 2022.<\/p>\n\n\n\n<p>Pour eux, un programme charg\u00e9 avait \u00e9t\u00e9 concoct\u00e9 et mis en \u0153uvre par Jocelyne, Germain, Nicolas, Jean-Pierre et nos deux pilotes G\u00e9rard et Daniel:<\/p>\n\n\n\n<ul class=\"wp-block-list\"><li>accueil \u00e0 14h, pr\u00e9sentation de l&rsquo;a\u00e9roclub<\/li><li>visite des installations<\/li><li>pr\u00e9sentations de vid\u00e9os sur l&rsquo;a\u00e9ronautique<\/li><li>s\u00e9ances de simulateur<\/li><li>prise de photos dans un planeur<\/li><li>vol au dessus de la baie de Somme (pour tous c&rsquo;\u00e9tait leur bapt\u00eame de l&rsquo;air)<\/li><\/ul>\n\n\n\n<p>Merci \u00e0 tous ceux qui ont fait de cet apr\u00e8s midi une r\u00e9ussite.<\/p>\n\n\n\n<div class=\"wp-block-media-text alignwide is-stacked-on-mobile\"><figure class=\"wp-block-media-text__media\"><img fetchpriority=\"high\" decoding=\"async\" width=\"577\" height=\"285\" src=\"http:\/\/aeroclub-abbeville.fr\/wp-content\/uploads\/2022\/05\/Croix-Rouge-2022-1.jpg\" alt=\"\" class=\"wp-image-5161 size-full\" srcset=\"http:\/\/aeroclub-abbeville.fr\/wp-content\/uploads\/2022\/05\/Croix-Rouge-2022-1.jpg 577w, http:\/\/aeroclub-abbeville.fr\/wp-content\/uploads\/2022\/05\/Croix-Rouge-2022-1-480x237.jpg 480w\" sizes=\"(max-width: 577px) 100vw, 577px\" \/><\/figure><div class=\"wp-block-media-text__content\">\n<p class=\"has-large-font-size\"><\/p>\n<\/div><\/div>\n","protected":false},"excerpt":{"rendered":"<p>18 enfants et adolescents pr\u00e9sent\u00e9s par la Croix Rouge et le Rotary ont d\u00e9couvert l&rsquo;a\u00e9ronautique ce vendredi 27 mai 2022. Pour eux, un programme charg\u00e9 avait \u00e9t\u00e9 concoct\u00e9 et mis en \u0153uvre par Jocelyne, Germain, Nicolas, Jean-Pierre et nos deux pilotes G\u00e9rard et Daniel: accueil \u00e0 14h, pr\u00e9sentation de l&rsquo;a\u00e9roclub visite des installations pr\u00e9sentations de [&hellip;]<\/p>\n","protected":false},"author":20,"featured_media":0,"comment_status":"open","ping_status":"closed","sticky":false,"template":"","format":"standard","meta":{"inline_featured_image":false,"footnotes":""},"categories":[20,21,2,22,3,6,7,8,11,13,17,18,19,31],"tags":[],"class_list":["post-5158","post","type-post","status-publish","format-standard","hentry","category-actualites","category-arrosages-fetes","category-avion","category-bia","category-club","category-formation","category-formation_avion","category-formation_planeur","category-manifestations","category-planeur","category-ulm","category-vie-du-club","category-vol-a-voile","category-voyages"],"_links":{"self":[{"href":"http:\/\/aeroclub-abbeville.fr\/index.php?rest_route=\/wp\/v2\/posts\/5158","targetHints":{"allow":["GET"]}}],"collection":[{"href":"http:\/\/aeroclub-abbeville.fr\/index.php?rest_route=\/wp\/v2\/posts"}],"about":[{"href":"http:\/\/aeroclub-abbeville.fr\/index.php?rest_route=\/wp\/v2\/types\/post"}],"author":[{"embeddable":true,"href":"http:\/\/aeroclub-abbeville.fr\/index.php?rest_route=\/wp\/v2\/users\/20"}],"replies":[{"embeddable":true,"href":"http:\/\/aeroclub-abbeville.fr\/index.php?rest_route=%2Fwp%2Fv2%2Fcomments&post=5158"}],"version-history":[{"count":2,"href":"http:\/\/aeroclub-abbeville.fr\/index.php?rest_route=\/wp\/v2\/posts\/5158\/revisions"}],"predecessor-version":[{"id":5162,"href":"http:\/\/aeroclub-abbeville.fr\/index.php?rest_route=\/wp\/v2\/posts\/5158\/revisions\/5162"}],"wp:attachment":[{"href":"http:\/\/aeroclub-abbeville.fr\/index.php?rest_route=%2Fwp%2Fv2%2Fmedia&parent=5158"}],"wp:term":[{"taxonomy":"category","embeddable":true,"href":"http:\/\/aeroclub-abbeville.fr\/index.php?rest_route=%2Fwp%2Fv2%2Fcategories&post=5158"},{"taxonomy":"post_tag","embeddable":true,"href":"http:\/\/aeroclub-abbeville.fr\/index.php?rest_route=%2Fwp%2Fv2%2Ftags&post=5158"}],"curies":[{"name":"wp","href":"https:\/\/api.w.org\/{rel}","templated":true}]}}