{"id":5165,"date":"2022-06-04T06:19:26","date_gmt":"2022-06-04T05:19:26","guid":{"rendered":"http:\/\/aeroclub-abbeville.fr\/?p=5165"},"modified":"2022-07-04T13:02:23","modified_gmt":"2022-07-04T12:02:23","slug":"un-nouveau-pilote-brevete","status":"publish","type":"post","link":"http:\/\/aeroclub-abbeville.fr\/?p=5165","title":{"rendered":"Un nouveau pilote brevet\u00e9"},"content":{"rendered":"\n<p>Patrice MAIGNAN a obtenu son brevet de pilote ce jeudi 02 juin 2022.<\/p>\n\n\n\n<div class=\"wp-block-media-text alignwide is-stacked-on-mobile\"><figure class=\"wp-block-media-text__media\"><img fetchpriority=\"high\" decoding=\"async\" width=\"461\" height=\"346\" src=\"http:\/\/aeroclub-abbeville.fr\/wp-content\/uploads\/2022\/06\/Patrice-MAIGNAN-2022.jpg\" alt=\"\" class=\"wp-image-5164 size-full\"\/><\/figure><div class=\"wp-block-media-text__content\">\n<p class=\"has-large-font-size\"><\/p>\n<\/div><\/div>\n\n\n\n<p>F\u00e9licitations  \u00e0 Patrice ici photographi\u00e9 avec Alain HERMANT qui a effectu\u00e9 le vol test.<\/p>\n\n\n\n<p>F\u00e9licitations \u00e9galement \u00e0 Didier COQUEL son instructeur.<\/p>\n\n\n\n<p>Bons vols \u00e0 ce nouveau Commandant.<\/p>\n","protected":false},"excerpt":{"rendered":"<p>Patrice MAIGNAN a obtenu son brevet de pilote ce jeudi 02 juin 2022. F\u00e9licitations \u00e0 Patrice ici photographi\u00e9 avec Alain HERMANT qui a effectu\u00e9 le vol test. F\u00e9licitations \u00e9galement \u00e0 Didier COQUEL son instructeur. Bons vols \u00e0 ce nouveau Commandant.<\/p>\n","protected":false},"author":20,"featured_media":0,"comment_status":"open","ping_status":"closed","sticky":false,"template":"","format":"standard","meta":{"inline_featured_image":false,"footnotes":""},"categories":[20,21,2,3,6,7,11,18],"tags":[],"class_list":["post-5165","post","type-post","status-publish","format-standard","hentry","category-actualites","category-arrosages-fetes","category-avion","category-club","category-formation","category-formation_avion","category-manifestations","category-vie-du-club"],"_links":{"self":[{"href":"http:\/\/aeroclub-abbeville.fr\/index.php?rest_route=\/wp\/v2\/posts\/5165","targetHints":{"allow":["GET"]}}],"collection":[{"href":"http:\/\/aeroclub-abbeville.fr\/index.php?rest_route=\/wp\/v2\/posts"}],"about":[{"href":"http:\/\/aeroclub-abbeville.fr\/index.php?rest_route=\/wp\/v2\/types\/post"}],"author":[{"embeddable":true,"href":"http:\/\/aeroclub-abbeville.fr\/index.php?rest_route=\/wp\/v2\/users\/20"}],"replies":[{"embeddable":true,"href":"http:\/\/aeroclub-abbeville.fr\/index.php?rest_route=%2Fwp%2Fv2%2Fcomments&post=5165"}],"version-history":[{"count":1,"href":"http:\/\/aeroclub-abbeville.fr\/index.php?rest_route=\/wp\/v2\/posts\/5165\/revisions"}],"predecessor-version":[{"id":5166,"href":"http:\/\/aeroclub-abbeville.fr\/index.php?rest_route=\/wp\/v2\/posts\/5165\/revisions\/5166"}],"wp:attachment":[{"href":"http:\/\/aeroclub-abbeville.fr\/index.php?rest_route=%2Fwp%2Fv2%2Fmedia&parent=5165"}],"wp:term":[{"taxonomy":"category","embeddable":true,"href":"http:\/\/aeroclub-abbeville.fr\/index.php?rest_route=%2Fwp%2Fv2%2Fcategories&post=5165"},{"taxonomy":"post_tag","embeddable":true,"href":"http:\/\/aeroclub-abbeville.fr\/index.php?rest_route=%2Fwp%2Fv2%2Ftags&post=5165"}],"curies":[{"name":"wp","href":"https:\/\/api.w.org\/{rel}","templated":true}]}}