{"id":5171,"date":"2022-06-05T05:38:00","date_gmt":"2022-06-05T04:38:00","guid":{"rendered":"http:\/\/aeroclub-abbeville.fr\/?p=5171"},"modified":"2022-07-04T12:58:28","modified_gmt":"2022-07-04T11:58:28","slug":"xavier-est-brevete-ulm","status":"publish","type":"post","link":"http:\/\/aeroclub-abbeville.fr\/?p=5171","title":{"rendered":"Xavier est brevet\u00e9 ULM"},"content":{"rendered":"\n<p>Xavier LARTISIEN a pass\u00e9 avec succ\u00e8s son brevet de pilote ULM sur notre CTSL.<\/p>\n\n\n\n<figure class=\"wp-block-image size-full\"><img fetchpriority=\"high\" decoding=\"async\" width=\"461\" height=\"346\" src=\"http:\/\/aeroclub-abbeville.fr\/wp-content\/uploads\/2022\/06\/Xavier-Lartisien-Brevet-ULM-2022-1.jpg\" alt=\"\" class=\"wp-image-5169\"\/><figcaption>Le voici \u00e0 droite, avec son instructeur Fr\u00e9d\u00e9ric PEIGNOT, devant l&rsquo;appareil.<\/figcaption><\/figure>\n\n\n\n<p>Ajoutons que vous devriez retrouver prochainement Xavier en photo car il pr\u00e9pare \u00e9galement son brevet de pilote avion. C&rsquo;est \u00e7\u00e0 la passion pour l&rsquo;aviation!<\/p>\n","protected":false},"excerpt":{"rendered":"<p>Xavier LARTISIEN a pass\u00e9 avec succ\u00e8s son brevet de pilote ULM sur notre CTSL. Ajoutons que vous devriez retrouver prochainement Xavier en photo car il pr\u00e9pare \u00e9galement son brevet de pilote avion. C&rsquo;est \u00e7\u00e0 la passion pour l&rsquo;aviation!<\/p>\n","protected":false},"author":20,"featured_media":0,"comment_status":"open","ping_status":"closed","sticky":false,"template":"","format":"standard","meta":{"inline_featured_image":false,"footnotes":""},"categories":[20,2,3,6,11,17,18],"tags":[],"class_list":["post-5171","post","type-post","status-publish","format-standard","hentry","category-actualites","category-avion","category-club","category-formation","category-manifestations","category-ulm","category-vie-du-club"],"_links":{"self":[{"href":"http:\/\/aeroclub-abbeville.fr\/index.php?rest_route=\/wp\/v2\/posts\/5171","targetHints":{"allow":["GET"]}}],"collection":[{"href":"http:\/\/aeroclub-abbeville.fr\/index.php?rest_route=\/wp\/v2\/posts"}],"about":[{"href":"http:\/\/aeroclub-abbeville.fr\/index.php?rest_route=\/wp\/v2\/types\/post"}],"author":[{"embeddable":true,"href":"http:\/\/aeroclub-abbeville.fr\/index.php?rest_route=\/wp\/v2\/users\/20"}],"replies":[{"embeddable":true,"href":"http:\/\/aeroclub-abbeville.fr\/index.php?rest_route=%2Fwp%2Fv2%2Fcomments&post=5171"}],"version-history":[{"count":1,"href":"http:\/\/aeroclub-abbeville.fr\/index.php?rest_route=\/wp\/v2\/posts\/5171\/revisions"}],"predecessor-version":[{"id":5172,"href":"http:\/\/aeroclub-abbeville.fr\/index.php?rest_route=\/wp\/v2\/posts\/5171\/revisions\/5172"}],"wp:attachment":[{"href":"http:\/\/aeroclub-abbeville.fr\/index.php?rest_route=%2Fwp%2Fv2%2Fmedia&parent=5171"}],"wp:term":[{"taxonomy":"category","embeddable":true,"href":"http:\/\/aeroclub-abbeville.fr\/index.php?rest_route=%2Fwp%2Fv2%2Fcategories&post=5171"},{"taxonomy":"post_tag","embeddable":true,"href":"http:\/\/aeroclub-abbeville.fr\/index.php?rest_route=%2Fwp%2Fv2%2Ftags&post=5171"}],"curies":[{"name":"wp","href":"https:\/\/api.w.org\/{rel}","templated":true}]}}