{"id":5174,"date":"2022-06-21T10:47:49","date_gmt":"2022-06-21T09:47:49","guid":{"rendered":"http:\/\/aeroclub-abbeville.fr\/?p=5174"},"modified":"2022-07-04T13:01:28","modified_gmt":"2022-07-04T12:01:28","slug":"sortie-en-mer-sur-le-charcot","status":"publish","type":"post","link":"http:\/\/aeroclub-abbeville.fr\/?p=5174","title":{"rendered":"Sortie en mer sur le Charcot"},"content":{"rendered":"\n<p>Nous \u00e9tions une cinquantaine ce samedi 11 juin \u00e0 avoir embarqu\u00e9 sur le Charcot de Saint Val\u00e9ry pour assister au coucher de soleil sur la baie de Somme.<\/p>\n\n\n\n<p>Un spectacle magnifique, comme toujours, et une excellente ambiance, avec, ce qui est maintenant une tradition, les fameuses moules frites de William d\u00e9gust\u00e9es sur le bateau au retour au port<\/p>\n\n\n\n<figure class=\"wp-block-image size-full\"><img fetchpriority=\"high\" decoding=\"async\" width=\"346\" height=\"461\" src=\"http:\/\/aeroclub-abbeville.fr\/wp-content\/uploads\/2022\/06\/Charcot-2022-William-et-sa-brouette.jpg\" alt=\"\" class=\"wp-image-5176\"\/><figcaption>Notre WILLIAM national passant avec sa brouette entre les tables du bateau pour ramasser les coquilles.<\/figcaption><\/figure>\n","protected":false},"excerpt":{"rendered":"<p>Nous \u00e9tions une cinquantaine ce samedi 11 juin \u00e0 avoir embarqu\u00e9 sur le Charcot de Saint Val\u00e9ry pour assister au coucher de soleil sur la baie de Somme. Un spectacle magnifique, comme toujours, et une excellente ambiance, avec, ce qui est maintenant une tradition, les fameuses moules frites de William d\u00e9gust\u00e9es sur le bateau au [&hellip;]<\/p>\n","protected":false},"author":20,"featured_media":0,"comment_status":"open","ping_status":"closed","sticky":false,"template":"","format":"standard","meta":{"inline_featured_image":false,"footnotes":""},"categories":[20,21,2,3,11,13,17,18,19,31],"tags":[],"class_list":["post-5174","post","type-post","status-publish","format-standard","hentry","category-actualites","category-arrosages-fetes","category-avion","category-club","category-manifestations","category-planeur","category-ulm","category-vie-du-club","category-vol-a-voile","category-voyages"],"_links":{"self":[{"href":"http:\/\/aeroclub-abbeville.fr\/index.php?rest_route=\/wp\/v2\/posts\/5174","targetHints":{"allow":["GET"]}}],"collection":[{"href":"http:\/\/aeroclub-abbeville.fr\/index.php?rest_route=\/wp\/v2\/posts"}],"about":[{"href":"http:\/\/aeroclub-abbeville.fr\/index.php?rest_route=\/wp\/v2\/types\/post"}],"author":[{"embeddable":true,"href":"http:\/\/aeroclub-abbeville.fr\/index.php?rest_route=\/wp\/v2\/users\/20"}],"replies":[{"embeddable":true,"href":"http:\/\/aeroclub-abbeville.fr\/index.php?rest_route=%2Fwp%2Fv2%2Fcomments&post=5174"}],"version-history":[{"count":2,"href":"http:\/\/aeroclub-abbeville.fr\/index.php?rest_route=\/wp\/v2\/posts\/5174\/revisions"}],"predecessor-version":[{"id":5177,"href":"http:\/\/aeroclub-abbeville.fr\/index.php?rest_route=\/wp\/v2\/posts\/5174\/revisions\/5177"}],"wp:attachment":[{"href":"http:\/\/aeroclub-abbeville.fr\/index.php?rest_route=%2Fwp%2Fv2%2Fmedia&parent=5174"}],"wp:term":[{"taxonomy":"category","embeddable":true,"href":"http:\/\/aeroclub-abbeville.fr\/index.php?rest_route=%2Fwp%2Fv2%2Fcategories&post=5174"},{"taxonomy":"post_tag","embeddable":true,"href":"http:\/\/aeroclub-abbeville.fr\/index.php?rest_route=%2Fwp%2Fv2%2Ftags&post=5174"}],"curies":[{"name":"wp","href":"https:\/\/api.w.org\/{rel}","templated":true}]}}