{"id":5189,"date":"2022-06-21T14:50:43","date_gmt":"2022-06-21T13:50:43","guid":{"rendered":"http:\/\/aeroclub-abbeville.fr\/?p=5189"},"modified":"2022-07-04T12:59:44","modified_gmt":"2022-07-04T11:59:44","slug":"un-nouveau-brevet-ulm","status":"publish","type":"post","link":"http:\/\/aeroclub-abbeville.fr\/?p=5189","title":{"rendered":"Un nouveau brevet ULM"},"content":{"rendered":"\n<p>G\u00e9rard MERCIER vient d&rsquo;obtenir son brevet de pilote ULM.<\/p>\n\n\n\n<p>F\u00e9licitations pour lui, qui passe ainsi du cockpit d&rsquo;un Boeing 747 \u00e0 celui plus impressionnant du Nynja.<\/p>\n\n\n\n<figure class=\"wp-block-image size-large\"><img fetchpriority=\"high\" decoding=\"async\" width=\"1024\" height=\"768\" src=\"http:\/\/aeroclub-abbeville.fr\/wp-content\/uploads\/2022\/06\/Gerard-MERCIER-Brevet-ULM-2022-1024x768.jpg\" alt=\"\" class=\"wp-image-5188\" srcset=\"http:\/\/aeroclub-abbeville.fr\/wp-content\/uploads\/2022\/06\/Gerard-MERCIER-Brevet-ULM-2022-1024x768.jpg 1024w, http:\/\/aeroclub-abbeville.fr\/wp-content\/uploads\/2022\/06\/Gerard-MERCIER-Brevet-ULM-2022-480x360.jpg 480w, http:\/\/aeroclub-abbeville.fr\/wp-content\/uploads\/2022\/06\/Gerard-MERCIER-Brevet-ULM-2022-768x576.jpg 768w, http:\/\/aeroclub-abbeville.fr\/wp-content\/uploads\/2022\/06\/Gerard-MERCIER-Brevet-ULM-2022-1536x1152.jpg 1536w, http:\/\/aeroclub-abbeville.fr\/wp-content\/uploads\/2022\/06\/Gerard-MERCIER-Brevet-ULM-2022-2048x1536.jpg 2048w, http:\/\/aeroclub-abbeville.fr\/wp-content\/uploads\/2022\/06\/Gerard-MERCIER-Brevet-ULM-2022-624x468.jpg 624w\" sizes=\"(max-width: 1024px) 100vw, 1024px\" \/><\/figure>\n\n\n","protected":false},"excerpt":{"rendered":"<p>G\u00e9rard MERCIER vient d&rsquo;obtenir son brevet de pilote ULM. F\u00e9licitations pour lui, qui passe ainsi du cockpit d&rsquo;un Boeing 747 \u00e0 celui plus impressionnant du Nynja.<\/p>\n","protected":false},"author":20,"featured_media":0,"comment_status":"open","ping_status":"closed","sticky":false,"template":"","format":"standard","meta":{"inline_featured_image":false,"footnotes":""},"categories":[20,2,3,6,11,17,18],"tags":[],"class_list":["post-5189","post","type-post","status-publish","format-standard","hentry","category-actualites","category-avion","category-club","category-formation","category-manifestations","category-ulm","category-vie-du-club"],"_links":{"self":[{"href":"http:\/\/aeroclub-abbeville.fr\/index.php?rest_route=\/wp\/v2\/posts\/5189","targetHints":{"allow":["GET"]}}],"collection":[{"href":"http:\/\/aeroclub-abbeville.fr\/index.php?rest_route=\/wp\/v2\/posts"}],"about":[{"href":"http:\/\/aeroclub-abbeville.fr\/index.php?rest_route=\/wp\/v2\/types\/post"}],"author":[{"embeddable":true,"href":"http:\/\/aeroclub-abbeville.fr\/index.php?rest_route=\/wp\/v2\/users\/20"}],"replies":[{"embeddable":true,"href":"http:\/\/aeroclub-abbeville.fr\/index.php?rest_route=%2Fwp%2Fv2%2Fcomments&post=5189"}],"version-history":[{"count":1,"href":"http:\/\/aeroclub-abbeville.fr\/index.php?rest_route=\/wp\/v2\/posts\/5189\/revisions"}],"predecessor-version":[{"id":5190,"href":"http:\/\/aeroclub-abbeville.fr\/index.php?rest_route=\/wp\/v2\/posts\/5189\/revisions\/5190"}],"wp:attachment":[{"href":"http:\/\/aeroclub-abbeville.fr\/index.php?rest_route=%2Fwp%2Fv2%2Fmedia&parent=5189"}],"wp:term":[{"taxonomy":"category","embeddable":true,"href":"http:\/\/aeroclub-abbeville.fr\/index.php?rest_route=%2Fwp%2Fv2%2Fcategories&post=5189"},{"taxonomy":"post_tag","embeddable":true,"href":"http:\/\/aeroclub-abbeville.fr\/index.php?rest_route=%2Fwp%2Fv2%2Ftags&post=5189"}],"curies":[{"name":"wp","href":"https:\/\/api.w.org\/{rel}","templated":true}]}}