{"id":5192,"date":"2022-06-29T18:28:35","date_gmt":"2022-06-29T17:28:35","guid":{"rendered":"http:\/\/aeroclub-abbeville.fr\/?p=5192"},"modified":"2025-08-25T12:31:14","modified_gmt":"2025-08-25T11:31:14","slug":"bessie-coleman-en-picardie-quand-le-present-rencontre-le-passe-pour-preparer-lavenir","status":"publish","type":"post","link":"http:\/\/aeroclub-abbeville.fr\/?p=5192","title":{"rendered":"Bessie Coleman en Picardie ! Quand le Pr\u00e9sent rencontre le Pass\u00e9 pour pr\u00e9parer l\u2019Avenir !"},"content":{"rendered":"\n<p>Du Lundi 13 Juin 2022 au Mercredi 15 Juin 2022<\/p>\n\n\n\n<p>Bessie Coleman, 100 ans apr\u00e8s, par del\u00e0 le Pass\u00e9,<br>Par del\u00e0 l\u2019Oc\u00e9an, une rencontre au Pr\u00e9sent !<br>L\u2019Aviation,<br>Une Histoire d\u2019Amiti\u00e9,<br>Une Histoire de Passion !<\/p>\n\n\n\n<figure class=\"wp-block-gallery has-nested-images columns-default is-cropped wp-block-gallery-1 is-layout-flex wp-block-gallery-is-layout-flex\">\n<figure class=\"wp-block-image size-large\"><img fetchpriority=\"high\" decoding=\"async\" width=\"784\" height=\"1024\" data-id=\"5195\" src=\"http:\/\/aeroclub-abbeville.fr\/wp-content\/uploads\/2022\/06\/242284689_10218775274202583_6367978875024464509_n-784x1024.jpg\" alt=\"\" class=\"wp-image-5195\" srcset=\"http:\/\/aeroclub-abbeville.fr\/wp-content\/uploads\/2022\/06\/242284689_10218775274202583_6367978875024464509_n-784x1024.jpg 784w, http:\/\/aeroclub-abbeville.fr\/wp-content\/uploads\/2022\/06\/242284689_10218775274202583_6367978875024464509_n-367x480.jpg 367w, http:\/\/aeroclub-abbeville.fr\/wp-content\/uploads\/2022\/06\/242284689_10218775274202583_6367978875024464509_n-768x1003.jpg 768w, http:\/\/aeroclub-abbeville.fr\/wp-content\/uploads\/2022\/06\/242284689_10218775274202583_6367978875024464509_n-1176x1536.jpg 1176w, http:\/\/aeroclub-abbeville.fr\/wp-content\/uploads\/2022\/06\/242284689_10218775274202583_6367978875024464509_n-624x815.jpg 624w, http:\/\/aeroclub-abbeville.fr\/wp-content\/uploads\/2022\/06\/242284689_10218775274202583_6367978875024464509_n.jpg 1484w\" sizes=\"(max-width: 784px) 100vw, 784px\" \/><\/figure>\n\n\n\n<figure class=\"wp-block-image size-large\"><img decoding=\"async\" width=\"858\" height=\"1024\" data-id=\"5196\" src=\"http:\/\/aeroclub-abbeville.fr\/wp-content\/uploads\/2022\/06\/Capture-de\u0301cran-2022-06-25-a\u0300-16.51.20-858x1024.png\" alt=\"\" class=\"wp-image-5196\" srcset=\"http:\/\/aeroclub-abbeville.fr\/wp-content\/uploads\/2022\/06\/Capture-de\u0301cran-2022-06-25-a\u0300-16.51.20-858x1024.png 858w, http:\/\/aeroclub-abbeville.fr\/wp-content\/uploads\/2022\/06\/Capture-de\u0301cran-2022-06-25-a\u0300-16.51.20-402x480.png 402w, http:\/\/aeroclub-abbeville.fr\/wp-content\/uploads\/2022\/06\/Capture-de\u0301cran-2022-06-25-a\u0300-16.51.20-768x917.png 768w, http:\/\/aeroclub-abbeville.fr\/wp-content\/uploads\/2022\/06\/Capture-de\u0301cran-2022-06-25-a\u0300-16.51.20-624x745.png 624w, http:\/\/aeroclub-abbeville.fr\/wp-content\/uploads\/2022\/06\/Capture-de\u0301cran-2022-06-25-a\u0300-16.51.20.png 1032w\" sizes=\"(max-width: 858px) 100vw, 858px\" \/><\/figure>\n<\/figure>\n\n\n\n<p><strong>LE PASS\u00c9<\/strong><\/p>\n\n\n\n<p>L\u2019Histoire, Le Projet :<\/p>\n\n\n\n<p>Du 15 Juin 2021 au 15 Juin 2022<\/p>\n\n\n\n<p class=\"has-text-align-center\">Comm\u00e9moration du 100e anniversaire pour Elizabeth (Queen Bessie) Coleman,<br>Premi\u00e8re femme afro-am\u00e9ricaine \u00e0 obtenir une licence de pilote international \u00e0 l\u2019\u00e9cole des Fr\u00e8res Caudron, en Picardie.<\/p>\n\n\n<div class=\"wp-block-image\">\n<figure class=\"aligncenter size-large\"><img decoding=\"async\" width=\"1024\" height=\"678\" src=\"http:\/\/aeroclub-abbeville.fr\/wp-content\/uploads\/2022\/06\/289216367_10222258725118316_6573805404459769835_n-1024x678.jpg\" alt=\"\" class=\"wp-image-5197\" srcset=\"http:\/\/aeroclub-abbeville.fr\/wp-content\/uploads\/2022\/06\/289216367_10222258725118316_6573805404459769835_n-1024x678.jpg 1024w, http:\/\/aeroclub-abbeville.fr\/wp-content\/uploads\/2022\/06\/289216367_10222258725118316_6573805404459769835_n-480x318.jpg 480w, http:\/\/aeroclub-abbeville.fr\/wp-content\/uploads\/2022\/06\/289216367_10222258725118316_6573805404459769835_n-768x509.jpg 768w, http:\/\/aeroclub-abbeville.fr\/wp-content\/uploads\/2022\/06\/289216367_10222258725118316_6573805404459769835_n-1536x1017.jpg 1536w, http:\/\/aeroclub-abbeville.fr\/wp-content\/uploads\/2022\/06\/289216367_10222258725118316_6573805404459769835_n-624x413.jpg 624w, http:\/\/aeroclub-abbeville.fr\/wp-content\/uploads\/2022\/06\/289216367_10222258725118316_6573805404459769835_n.jpg 2048w\" sizes=\"(max-width: 1024px) 100vw, 1024px\" \/><figcaption class=\"wp-element-caption\">\u00c0 l&rsquo;A\u00e9roclub d&rsquo;Abbeville-Buigny-Baie-de-Somme, en Picardie !<\/figcaption><\/figure>\n<\/div>\n\n\n<p class=\"has-text-align-center\">Le 15 Juin 2021, de nombreuses organisations a\u00e9ronautiques\/a\u00e9rospatiales, compagnies a\u00e9riennes et a\u00e9roports, mus\u00e9es et passionn\u00e9s de l&rsquo;espace ont c\u00e9l\u00e9br\u00e9 \u00e0 leur mani\u00e8re autour du monde, cette ann\u00e9e historique en l&rsquo;honneur de Bessie Coleman, premi\u00e8re femme aviatrice noire, afro-am\u00e9rindienne, \u00e0 faire, en France, ce qui semblait impensable il y a 100 ans, obtenir son brevet de pilote international !<br>De retour aux USA, elle a utilis\u00e9 ses comp\u00e9tences en aviation pour f\u00e9d\u00e9rer les motivations \u00e0 voler malgr\u00e9 la s\u00e9gr\u00e9gation. Elle est retourn\u00e9e en Europe pour se former \u00e0 la voltige avec les meilleurs pilotes, avant de revenir faire des shows a\u00e9riens aux USA, dans l\u2019espoir de fonder sa propre \u00e9cole de pilotage. Elle p\u00e9rit dans un accident o\u00f9 elle ne pilotait pas, \u00e0 Jacksonville, en 1926. Peu apr\u00e8s une \u00e9cole de pilotage pour tous, noirs et blancs, a vu le jour.<br>Elle est toujours vivante aujourd\u2019hui !<br>The Bessie Coleman Aviation All-Stars, Incorporated (BCAA), avec comme pr\u00e9sidente Gigi Coleman, petite-ni\u00e8ce de Bessie, en est le Si\u00e8ge Officiel.<br>L\u2019histoire de Bessie appartient bien au monde entier.<br>Et cette semaine, Gigi Coleman, d&rsquo;autres membres de la famille, des amis et des supporters sont arriv\u00e9s en France pour la c\u00e9l\u00e9brer.<\/p>\n\n\n\n<p class=\"has-text-align-center\">Message de Hollywood, Floride :<br>\u00ab Ce fut d\u00e9j\u00e0 toute une aventure, depuis ces trois derni\u00e8res ann\u00e9es, de travailler avec nos nouveaux amis fran\u00e7ais de l\u2019A\u00e9roclub d\u2019Abbeville-Buigny-Baie-de-Somme, de l\u2019Association Fran\u00e7aise des Femmes Pilotes, des Democrats Abroad, du Mus\u00e9e des Fr\u00e8res Caudron, des villes de Abbeville, Rue et Le Crotoy en Picardie ! \u00bb a d\u00e9clar\u00e9 la Dr. Sheila L. Chamberlain, pr\u00e9sidente nationale de la Comm\u00e9moration du 100e anniversaire.<br>\u00ab Cela a commenc\u00e9 par le r\u00eave d&rsquo;un \u00e9v\u00e9nement a\u00e9ronautique de la Florida Memorial University en 2019. Nous avons tant endur\u00e9 et travaill\u00e9 en tant qu&rsquo;\u00e9quipes fran\u00e7aise et am\u00e9ricaine, traversant une pand\u00e9mie mondiale, un quasi-effondrement de l&rsquo;industrie a\u00e9ronautique, trois fermetures de pays majeurs, une guerre en Europe et bien plus encore que l&rsquo;on ne peut imaginer, mais, ici, nous nous dirigeons vers Rue, en France, o\u00f9 tout a commenc\u00e9 \u00bb, a-t-elle d\u00e9clar\u00e9.<br>Le groupe est compos\u00e9 de plus de dix personnes qui partiront de divers a\u00e9roports aux \u00c9tats-Unis : Chicago, Atlanta, Baltimore, Fort Lauderdale, Washington DC, Riverside, Seattle \u2026 Gigi Coleman et certains membres de sa famille partiront de l\u2019A\u00e9roport international O&rsquo;Hare de Chicago le 12 juin 2021.<br>\u00ab Nous sommes tous impatients de c\u00e9l\u00e9brer les nombreuses r\u00e9alisations de ma grande tante Bessie ! Elle a chang\u00e9 le monde de l&rsquo;aviation au cours de sa vie et maintenant, beaucoup de membres de ma famille et de mes amis peuvent voir o\u00f9 tout cela s&rsquo;est pass\u00e9. \u00bb a d\u00e9clar\u00e9 Gigi Coleman.<\/p>\n\n\n\n<figure class=\"wp-block-gallery has-nested-images columns-default is-cropped wp-block-gallery-2 is-layout-flex wp-block-gallery-is-layout-flex\">\n<figure class=\"wp-block-image size-large\"><img loading=\"lazy\" decoding=\"async\" width=\"768\" height=\"1024\" data-id=\"5370\" src=\"http:\/\/aeroclub-abbeville.fr\/wp-content\/uploads\/2022\/06\/IMG_5571-768x1024.jpg\" alt=\"\" class=\"wp-image-5370\" srcset=\"http:\/\/aeroclub-abbeville.fr\/wp-content\/uploads\/2022\/06\/IMG_5571-768x1024.jpg 768w, http:\/\/aeroclub-abbeville.fr\/wp-content\/uploads\/2022\/06\/IMG_5571-360x480.jpg 360w, http:\/\/aeroclub-abbeville.fr\/wp-content\/uploads\/2022\/06\/IMG_5571-1152x1536.jpg 1152w, http:\/\/aeroclub-abbeville.fr\/wp-content\/uploads\/2022\/06\/IMG_5571-1536x2048.jpg 1536w, http:\/\/aeroclub-abbeville.fr\/wp-content\/uploads\/2022\/06\/IMG_5571-624x832.jpg 624w, http:\/\/aeroclub-abbeville.fr\/wp-content\/uploads\/2022\/06\/IMG_5571-scaled.jpg 1920w\" sizes=\"(max-width: 768px) 100vw, 768px\" \/><figcaption class=\"wp-element-caption\">Pascal, Fran\u00e7oise Sockeel et Sheila Chamberlain, Un accueil au coude \u00e0 coude !<\/figcaption><\/figure>\n\n\n\n<figure class=\"wp-block-image size-large\"><img loading=\"lazy\" decoding=\"async\" width=\"1024\" height=\"678\" data-id=\"5199\" src=\"http:\/\/aeroclub-abbeville.fr\/wp-content\/uploads\/2022\/06\/289232299_10222258721718231_5755903846420558029_n-1024x678.jpg\" alt=\"\" class=\"wp-image-5199\" srcset=\"http:\/\/aeroclub-abbeville.fr\/wp-content\/uploads\/2022\/06\/289232299_10222258721718231_5755903846420558029_n-1024x678.jpg 1024w, http:\/\/aeroclub-abbeville.fr\/wp-content\/uploads\/2022\/06\/289232299_10222258721718231_5755903846420558029_n-480x318.jpg 480w, http:\/\/aeroclub-abbeville.fr\/wp-content\/uploads\/2022\/06\/289232299_10222258721718231_5755903846420558029_n-768x509.jpg 768w, http:\/\/aeroclub-abbeville.fr\/wp-content\/uploads\/2022\/06\/289232299_10222258721718231_5755903846420558029_n-1536x1017.jpg 1536w, http:\/\/aeroclub-abbeville.fr\/wp-content\/uploads\/2022\/06\/289232299_10222258721718231_5755903846420558029_n-624x413.jpg 624w, http:\/\/aeroclub-abbeville.fr\/wp-content\/uploads\/2022\/06\/289232299_10222258721718231_5755903846420558029_n.jpg 2048w\" sizes=\"(max-width: 1024px) 100vw, 1024px\" \/><figcaption class=\"wp-element-caption\">Gigi Coleman, Sabrina Holleville-Milhat, Sheila Chamberlain, Barbara Jackson<\/figcaption><\/figure>\n\n\n\n<figure class=\"wp-block-image size-large\"><img loading=\"lazy\" decoding=\"async\" width=\"1024\" height=\"678\" data-id=\"5200\" src=\"http:\/\/aeroclub-abbeville.fr\/wp-content\/uploads\/2022\/06\/289431471_10222258723038264_4293065429527722773_n-1024x678.jpg\" alt=\"\" class=\"wp-image-5200\" srcset=\"http:\/\/aeroclub-abbeville.fr\/wp-content\/uploads\/2022\/06\/289431471_10222258723038264_4293065429527722773_n-1024x678.jpg 1024w, http:\/\/aeroclub-abbeville.fr\/wp-content\/uploads\/2022\/06\/289431471_10222258723038264_4293065429527722773_n-480x318.jpg 480w, http:\/\/aeroclub-abbeville.fr\/wp-content\/uploads\/2022\/06\/289431471_10222258723038264_4293065429527722773_n-768x509.jpg 768w, http:\/\/aeroclub-abbeville.fr\/wp-content\/uploads\/2022\/06\/289431471_10222258723038264_4293065429527722773_n-1536x1017.jpg 1536w, http:\/\/aeroclub-abbeville.fr\/wp-content\/uploads\/2022\/06\/289431471_10222258723038264_4293065429527722773_n-624x413.jpg 624w, http:\/\/aeroclub-abbeville.fr\/wp-content\/uploads\/2022\/06\/289431471_10222258723038264_4293065429527722773_n.jpg 2048w\" sizes=\"(max-width: 1024px) 100vw, 1024px\" \/><figcaption class=\"wp-element-caption\">Avec Sabrina Holleville-Milhat, Conseill\u00e8re D\u00e9partementale<\/figcaption><\/figure>\n\n\n\n<figure class=\"wp-block-image size-large\"><img loading=\"lazy\" decoding=\"async\" width=\"1024\" height=\"678\" data-id=\"5201\" src=\"http:\/\/aeroclub-abbeville.fr\/wp-content\/uploads\/2022\/06\/289175303_10222258706237844_4469415475967222395_n-1024x678.jpg\" alt=\"\" class=\"wp-image-5201\" srcset=\"http:\/\/aeroclub-abbeville.fr\/wp-content\/uploads\/2022\/06\/289175303_10222258706237844_4469415475967222395_n-1024x678.jpg 1024w, http:\/\/aeroclub-abbeville.fr\/wp-content\/uploads\/2022\/06\/289175303_10222258706237844_4469415475967222395_n-480x318.jpg 480w, http:\/\/aeroclub-abbeville.fr\/wp-content\/uploads\/2022\/06\/289175303_10222258706237844_4469415475967222395_n-768x509.jpg 768w, http:\/\/aeroclub-abbeville.fr\/wp-content\/uploads\/2022\/06\/289175303_10222258706237844_4469415475967222395_n-1536x1017.jpg 1536w, http:\/\/aeroclub-abbeville.fr\/wp-content\/uploads\/2022\/06\/289175303_10222258706237844_4469415475967222395_n-624x413.jpg 624w, http:\/\/aeroclub-abbeville.fr\/wp-content\/uploads\/2022\/06\/289175303_10222258706237844_4469415475967222395_n.jpg 2048w\" sizes=\"(max-width: 1024px) 100vw, 1024px\" \/><figcaption class=\"wp-element-caption\">Gigi Coleman, Sheila Chamberlain<\/figcaption><\/figure>\n\n\n\n<figure class=\"wp-block-image size-large\"><img loading=\"lazy\" decoding=\"async\" width=\"1024\" height=\"678\" data-id=\"5202\" src=\"http:\/\/aeroclub-abbeville.fr\/wp-content\/uploads\/2022\/06\/289394574_10222258721918236_281391680868933582_n-1024x678.jpg\" alt=\"\" class=\"wp-image-5202\" srcset=\"http:\/\/aeroclub-abbeville.fr\/wp-content\/uploads\/2022\/06\/289394574_10222258721918236_281391680868933582_n-1024x678.jpg 1024w, http:\/\/aeroclub-abbeville.fr\/wp-content\/uploads\/2022\/06\/289394574_10222258721918236_281391680868933582_n-480x318.jpg 480w, http:\/\/aeroclub-abbeville.fr\/wp-content\/uploads\/2022\/06\/289394574_10222258721918236_281391680868933582_n-768x509.jpg 768w, http:\/\/aeroclub-abbeville.fr\/wp-content\/uploads\/2022\/06\/289394574_10222258721918236_281391680868933582_n-1536x1017.jpg 1536w, http:\/\/aeroclub-abbeville.fr\/wp-content\/uploads\/2022\/06\/289394574_10222258721918236_281391680868933582_n-624x413.jpg 624w, http:\/\/aeroclub-abbeville.fr\/wp-content\/uploads\/2022\/06\/289394574_10222258721918236_281391680868933582_n.jpg 2048w\" sizes=\"(max-width: 1024px) 100vw, 1024px\" \/><figcaption class=\"wp-element-caption\">Ma\u00e9va et Alain Delib\u00e9ro, Sheila Chamberlain<\/figcaption><\/figure>\n\n\n\n<figure class=\"wp-block-image size-large\"><img loading=\"lazy\" decoding=\"async\" width=\"1024\" height=\"678\" data-id=\"5240\" src=\"http:\/\/aeroclub-abbeville.fr\/wp-content\/uploads\/2022\/06\/289221145_10222258703597778_646883694552013252_n-1024x678.jpg\" alt=\"\" class=\"wp-image-5240\" srcset=\"http:\/\/aeroclub-abbeville.fr\/wp-content\/uploads\/2022\/06\/289221145_10222258703597778_646883694552013252_n-1024x678.jpg 1024w, http:\/\/aeroclub-abbeville.fr\/wp-content\/uploads\/2022\/06\/289221145_10222258703597778_646883694552013252_n-480x318.jpg 480w, http:\/\/aeroclub-abbeville.fr\/wp-content\/uploads\/2022\/06\/289221145_10222258703597778_646883694552013252_n-768x509.jpg 768w, http:\/\/aeroclub-abbeville.fr\/wp-content\/uploads\/2022\/06\/289221145_10222258703597778_646883694552013252_n-1536x1017.jpg 1536w, http:\/\/aeroclub-abbeville.fr\/wp-content\/uploads\/2022\/06\/289221145_10222258703597778_646883694552013252_n-624x413.jpg 624w, http:\/\/aeroclub-abbeville.fr\/wp-content\/uploads\/2022\/06\/289221145_10222258703597778_646883694552013252_n.jpg 2048w\" sizes=\"(max-width: 1024px) 100vw, 1024px\" \/><figcaption class=\"wp-element-caption\">Fran\u00e7oise Sockeel et Gigi Coleman<\/figcaption><\/figure>\n<\/figure>\n\n\n\n<p><strong>LE PR\u00c9SENT<\/strong><\/p>\n\n\n\n<p>Un Pr\u00e9sent plein de culture et d\u2019\u00e9motions !<\/p>\n\n\n\n<p class=\"has-text-align-center\">Depuis 2019, \u00e0 l\u2019initiative de l\u2019A\u00e9roclub d\u2019Abbeville-Buigny-Baie-de-Somme, nos diff\u00e9rents partenaires fran\u00e7ais et am\u00e9ricains, cit\u00e9s ci-dessus, ont r\u00e9pondu pr\u00e9sents pour mettre en place cet \u00e9change fructueux. En charge du p\u00f4le animation de l\u2019a\u00e9roclub d\u2019Abbeville, de la d\u00e9l\u00e9gation r\u00e9gionale de l\u2019AFFP et pr\u00e9sidente de la commission Histoire, ce projet me tenait particuli\u00e8rement \u00e0 c\u0153ur.<br>Aussi, avons nous pr\u00e9vu un programme tout en Souvenirs et en \u00e9motions !<\/p>\n\n\n\n<p class=\"has-text-align-center\"><strong>Lundi 13 juin 2022<\/strong><br>\u00c0 leur arriv\u00e9e de Paris en fin d\u2019apr\u00e8s-midi, nous avons effectu\u00e9 une promenade sur la plage du Crotoy, lieu d\u2019emplacement de l\u2019\u00e9cole de pilotage des Fr\u00e8res Caudron et piste d\u2019entra\u00eenement de l\u2019\u00e9poque, en pr\u00e9sence du Maire de la ville, visite guid\u00e9e en anglais par Karine Bellart, du service du Patrimoine et de la culture, guide au Mus\u00e9e des Fr\u00e8res Caudron de la ville de Rue.<br>Puis, nous les avons conduits \u00e0 la gare o\u00f9 Bessie a pris le train en venant de Paris. Ce petit train \u00e0 wagons ouverts et banquettes de bois a \u00e9t\u00e9 restaur\u00e9 et fonctionne toujours sous le nom de <br>\u00abTrain touristique de la Baie de Somme\u00bb.<br>Nous avons march\u00e9 dans les pas de Bessie !<\/p>\n\n\n\n<figure class=\"wp-block-gallery has-nested-images columns-default is-cropped wp-block-gallery-3 is-layout-flex wp-block-gallery-is-layout-flex\">\n<figure class=\"wp-block-image size-large\"><img loading=\"lazy\" decoding=\"async\" width=\"768\" height=\"1024\" data-id=\"5204\" src=\"http:\/\/aeroclub-abbeville.fr\/wp-content\/uploads\/2022\/06\/288522113_3230182207258705_1904098557597875251_n-768x1024.jpg\" alt=\"\" class=\"wp-image-5204\" srcset=\"http:\/\/aeroclub-abbeville.fr\/wp-content\/uploads\/2022\/06\/288522113_3230182207258705_1904098557597875251_n-768x1024.jpg 768w, http:\/\/aeroclub-abbeville.fr\/wp-content\/uploads\/2022\/06\/288522113_3230182207258705_1904098557597875251_n-360x480.jpg 360w, http:\/\/aeroclub-abbeville.fr\/wp-content\/uploads\/2022\/06\/288522113_3230182207258705_1904098557597875251_n-1152x1536.jpg 1152w, http:\/\/aeroclub-abbeville.fr\/wp-content\/uploads\/2022\/06\/288522113_3230182207258705_1904098557597875251_n-624x832.jpg 624w, http:\/\/aeroclub-abbeville.fr\/wp-content\/uploads\/2022\/06\/288522113_3230182207258705_1904098557597875251_n.jpg 1536w\" sizes=\"(max-width: 768px) 100vw, 768px\" \/><figcaption class=\"wp-element-caption\">Sur la digue du Crotoy<\/figcaption><\/figure>\n\n\n\n<figure class=\"wp-block-image size-large\"><img loading=\"lazy\" decoding=\"async\" width=\"768\" height=\"1024\" data-id=\"5205\" src=\"http:\/\/aeroclub-abbeville.fr\/wp-content\/uploads\/2022\/06\/288567401_3230182507258675_4327329693004949702_n-768x1024.jpg\" alt=\"\" class=\"wp-image-5205\" srcset=\"http:\/\/aeroclub-abbeville.fr\/wp-content\/uploads\/2022\/06\/288567401_3230182507258675_4327329693004949702_n-768x1024.jpg 768w, http:\/\/aeroclub-abbeville.fr\/wp-content\/uploads\/2022\/06\/288567401_3230182507258675_4327329693004949702_n-360x480.jpg 360w, http:\/\/aeroclub-abbeville.fr\/wp-content\/uploads\/2022\/06\/288567401_3230182507258675_4327329693004949702_n-1152x1536.jpg 1152w, http:\/\/aeroclub-abbeville.fr\/wp-content\/uploads\/2022\/06\/288567401_3230182507258675_4327329693004949702_n-624x832.jpg 624w, http:\/\/aeroclub-abbeville.fr\/wp-content\/uploads\/2022\/06\/288567401_3230182507258675_4327329693004949702_n.jpg 1536w\" sizes=\"(max-width: 768px) 100vw, 768px\" \/><figcaption class=\"wp-element-caption\">Gigi Coleman, petite-ni\u00e8ce de Bessie<\/figcaption><\/figure>\n\n\n\n<figure class=\"wp-block-image size-large\"><img loading=\"lazy\" decoding=\"async\" width=\"577\" height=\"1024\" data-id=\"5336\" src=\"http:\/\/aeroclub-abbeville.fr\/wp-content\/uploads\/2022\/06\/20220613_175354-577x1024.jpg\" alt=\"\" class=\"wp-image-5336\" srcset=\"http:\/\/aeroclub-abbeville.fr\/wp-content\/uploads\/2022\/06\/20220613_175354-577x1024.jpg 577w, http:\/\/aeroclub-abbeville.fr\/wp-content\/uploads\/2022\/06\/20220613_175354-270x480.jpg 270w, http:\/\/aeroclub-abbeville.fr\/wp-content\/uploads\/2022\/06\/20220613_175354-768x1364.jpg 768w, http:\/\/aeroclub-abbeville.fr\/wp-content\/uploads\/2022\/06\/20220613_175354-865x1536.jpg 865w, http:\/\/aeroclub-abbeville.fr\/wp-content\/uploads\/2022\/06\/20220613_175354-1153x2048.jpg 1153w, http:\/\/aeroclub-abbeville.fr\/wp-content\/uploads\/2022\/06\/20220613_175354-624x1108.jpg 624w, http:\/\/aeroclub-abbeville.fr\/wp-content\/uploads\/2022\/06\/20220613_175354-scaled.jpg 1442w\" sizes=\"(max-width: 577px) 100vw, 577px\" \/><figcaption class=\"wp-element-caption\">Avec Philippe Evrard, Maire du Crotoy<\/figcaption><\/figure>\n\n\n\n<figure class=\"wp-block-image size-large\"><img loading=\"lazy\" decoding=\"async\" width=\"1024\" height=\"577\" data-id=\"5338\" src=\"http:\/\/aeroclub-abbeville.fr\/wp-content\/uploads\/2022\/06\/20220613_175600-1024x577.jpg\" alt=\"\" class=\"wp-image-5338\" srcset=\"http:\/\/aeroclub-abbeville.fr\/wp-content\/uploads\/2022\/06\/20220613_175600-1024x577.jpg 1024w, http:\/\/aeroclub-abbeville.fr\/wp-content\/uploads\/2022\/06\/20220613_175600-480x270.jpg 480w, http:\/\/aeroclub-abbeville.fr\/wp-content\/uploads\/2022\/06\/20220613_175600-768x432.jpg 768w, http:\/\/aeroclub-abbeville.fr\/wp-content\/uploads\/2022\/06\/20220613_175600-1536x865.jpg 1536w, http:\/\/aeroclub-abbeville.fr\/wp-content\/uploads\/2022\/06\/20220613_175600-2048x1153.jpg 2048w, http:\/\/aeroclub-abbeville.fr\/wp-content\/uploads\/2022\/06\/20220613_175600-624x351.jpg 624w\" sizes=\"(max-width: 1024px) 100vw, 1024px\" \/><\/figure>\n\n\n\n<figure class=\"wp-block-image size-large\"><img loading=\"lazy\" decoding=\"async\" width=\"768\" height=\"1024\" data-id=\"5207\" src=\"http:\/\/aeroclub-abbeville.fr\/wp-content\/uploads\/2022\/06\/288663680_3230182737258652_1361742129677722681_n-768x1024.jpg\" alt=\"\" class=\"wp-image-5207\" srcset=\"http:\/\/aeroclub-abbeville.fr\/wp-content\/uploads\/2022\/06\/288663680_3230182737258652_1361742129677722681_n-768x1024.jpg 768w, http:\/\/aeroclub-abbeville.fr\/wp-content\/uploads\/2022\/06\/288663680_3230182737258652_1361742129677722681_n-360x480.jpg 360w, http:\/\/aeroclub-abbeville.fr\/wp-content\/uploads\/2022\/06\/288663680_3230182737258652_1361742129677722681_n-1152x1536.jpg 1152w, http:\/\/aeroclub-abbeville.fr\/wp-content\/uploads\/2022\/06\/288663680_3230182737258652_1361742129677722681_n-624x832.jpg 624w, http:\/\/aeroclub-abbeville.fr\/wp-content\/uploads\/2022\/06\/288663680_3230182737258652_1361742129677722681_n.jpg 1536w\" sizes=\"(max-width: 768px) 100vw, 768px\" \/><figcaption class=\"wp-element-caption\">Karine Bellart, guide du Mus\u00e9e des Fr\u00e8res Caudron<\/figcaption><\/figure>\n\n\n\n<figure class=\"wp-block-image size-large\"><img loading=\"lazy\" decoding=\"async\" width=\"768\" height=\"1024\" data-id=\"5206\" src=\"http:\/\/aeroclub-abbeville.fr\/wp-content\/uploads\/2022\/06\/288653739_3230182360592023_3925651096818441485_n-768x1024.jpg\" alt=\"\" class=\"wp-image-5206\" srcset=\"http:\/\/aeroclub-abbeville.fr\/wp-content\/uploads\/2022\/06\/288653739_3230182360592023_3925651096818441485_n-768x1024.jpg 768w, http:\/\/aeroclub-abbeville.fr\/wp-content\/uploads\/2022\/06\/288653739_3230182360592023_3925651096818441485_n-360x480.jpg 360w, http:\/\/aeroclub-abbeville.fr\/wp-content\/uploads\/2022\/06\/288653739_3230182360592023_3925651096818441485_n-1152x1536.jpg 1152w, http:\/\/aeroclub-abbeville.fr\/wp-content\/uploads\/2022\/06\/288653739_3230182360592023_3925651096818441485_n-624x832.jpg 624w, http:\/\/aeroclub-abbeville.fr\/wp-content\/uploads\/2022\/06\/288653739_3230182360592023_3925651096818441485_n.jpg 1536w\" sizes=\"(max-width: 768px) 100vw, 768px\" \/><figcaption class=\"wp-element-caption\">Fran\u00e7oise Sockeel, Daniel Tellier, Pilote et Jean-Pierre Lignier, Pr\u00e9sident de l&rsquo;A\u00e9roclub d&rsquo;Abbeville<\/figcaption><\/figure>\n\n\n\n<figure class=\"wp-block-image size-large\"><img loading=\"lazy\" decoding=\"async\" width=\"768\" height=\"1024\" data-id=\"5208\" src=\"http:\/\/aeroclub-abbeville.fr\/wp-content\/uploads\/2022\/06\/288658847_3230182593925333_1381436195003264624_n-768x1024.jpg\" alt=\"\" class=\"wp-image-5208\" srcset=\"http:\/\/aeroclub-abbeville.fr\/wp-content\/uploads\/2022\/06\/288658847_3230182593925333_1381436195003264624_n-768x1024.jpg 768w, http:\/\/aeroclub-abbeville.fr\/wp-content\/uploads\/2022\/06\/288658847_3230182593925333_1381436195003264624_n-360x480.jpg 360w, http:\/\/aeroclub-abbeville.fr\/wp-content\/uploads\/2022\/06\/288658847_3230182593925333_1381436195003264624_n-1152x1536.jpg 1152w, http:\/\/aeroclub-abbeville.fr\/wp-content\/uploads\/2022\/06\/288658847_3230182593925333_1381436195003264624_n-624x832.jpg 624w, http:\/\/aeroclub-abbeville.fr\/wp-content\/uploads\/2022\/06\/288658847_3230182593925333_1381436195003264624_n.jpg 1536w\" sizes=\"(max-width: 768px) 100vw, 768px\" \/><\/figure>\n\n\n\n<figure class=\"wp-block-image size-large\"><img loading=\"lazy\" decoding=\"async\" width=\"1024\" height=\"577\" data-id=\"5339\" src=\"http:\/\/aeroclub-abbeville.fr\/wp-content\/uploads\/2022\/06\/20220613_185122-1024x577.jpg\" alt=\"\" class=\"wp-image-5339\" srcset=\"http:\/\/aeroclub-abbeville.fr\/wp-content\/uploads\/2022\/06\/20220613_185122-1024x577.jpg 1024w, http:\/\/aeroclub-abbeville.fr\/wp-content\/uploads\/2022\/06\/20220613_185122-480x270.jpg 480w, http:\/\/aeroclub-abbeville.fr\/wp-content\/uploads\/2022\/06\/20220613_185122-768x432.jpg 768w, http:\/\/aeroclub-abbeville.fr\/wp-content\/uploads\/2022\/06\/20220613_185122-1536x865.jpg 1536w, http:\/\/aeroclub-abbeville.fr\/wp-content\/uploads\/2022\/06\/20220613_185122-2048x1153.jpg 2048w, http:\/\/aeroclub-abbeville.fr\/wp-content\/uploads\/2022\/06\/20220613_185122-624x351.jpg 624w\" sizes=\"(max-width: 1024px) 100vw, 1024px\" \/><figcaption class=\"wp-element-caption\">Gigi et David<\/figcaption><\/figure>\n\n\n\n<figure class=\"wp-block-image size-large\"><img loading=\"lazy\" decoding=\"async\" width=\"1024\" height=\"577\" data-id=\"5340\" src=\"http:\/\/aeroclub-abbeville.fr\/wp-content\/uploads\/2022\/06\/20220613_185222-1024x577.jpg\" alt=\"\" class=\"wp-image-5340\" srcset=\"http:\/\/aeroclub-abbeville.fr\/wp-content\/uploads\/2022\/06\/20220613_185222-1024x577.jpg 1024w, http:\/\/aeroclub-abbeville.fr\/wp-content\/uploads\/2022\/06\/20220613_185222-480x270.jpg 480w, http:\/\/aeroclub-abbeville.fr\/wp-content\/uploads\/2022\/06\/20220613_185222-768x432.jpg 768w, http:\/\/aeroclub-abbeville.fr\/wp-content\/uploads\/2022\/06\/20220613_185222-1536x865.jpg 1536w, http:\/\/aeroclub-abbeville.fr\/wp-content\/uploads\/2022\/06\/20220613_185222-2048x1153.jpg 2048w, http:\/\/aeroclub-abbeville.fr\/wp-content\/uploads\/2022\/06\/20220613_185222-624x351.jpg 624w\" sizes=\"(max-width: 1024px) 100vw, 1024px\" \/><\/figure>\n\n\n\n<figure class=\"wp-block-image size-large\"><img loading=\"lazy\" decoding=\"async\" width=\"1024\" height=\"577\" data-id=\"5341\" src=\"http:\/\/aeroclub-abbeville.fr\/wp-content\/uploads\/2022\/06\/20220613_185146-1024x577.jpg\" alt=\"\" class=\"wp-image-5341\" srcset=\"http:\/\/aeroclub-abbeville.fr\/wp-content\/uploads\/2022\/06\/20220613_185146-1024x577.jpg 1024w, http:\/\/aeroclub-abbeville.fr\/wp-content\/uploads\/2022\/06\/20220613_185146-480x270.jpg 480w, http:\/\/aeroclub-abbeville.fr\/wp-content\/uploads\/2022\/06\/20220613_185146-768x432.jpg 768w, http:\/\/aeroclub-abbeville.fr\/wp-content\/uploads\/2022\/06\/20220613_185146-1536x865.jpg 1536w, http:\/\/aeroclub-abbeville.fr\/wp-content\/uploads\/2022\/06\/20220613_185146-2048x1153.jpg 2048w, http:\/\/aeroclub-abbeville.fr\/wp-content\/uploads\/2022\/06\/20220613_185146-624x351.jpg 624w\" sizes=\"(max-width: 1024px) 100vw, 1024px\" \/><\/figure>\n<\/figure>\n\n\n\n<p class=\"has-text-align-center\"><strong>Mardi 14 juin 2022<\/strong><br>\u00c0 l&rsquo;a\u00e9roclub d&rsquo;Abbeville-Buigny-Baie-de-Somme, nos invit\u00e9s ont assist\u00e9 \u00e0 la Projection du film \u00abBessie Coleman, premi\u00e8re aviatrice noire\u00bb du cin\u00e9aste Olivier Sarrazin.<br>Elle fut suivie d\u2019un cocktail de bienvenue en pr\u00e9sence des \u00e9lus et personnalit\u00e9s de la r\u00e9gion Picarde.<br>Apr\u00e8s le d\u00e9jeuner de sp\u00e9cialit\u00e9s r\u00e9gionales pris sur place, nos amis ont survol\u00e9 la plage du Crotoy, dans le \u00ab\u00a0ciel de Bessie\u00a0\u00bb.<br>Une visite de la cit\u00e9 m\u00e9di\u00e9vale de Saint Val\u00e9ry s\u2019est organis\u00e9e avec pour guide un de nos aviateurs, G\u00e9rard. L\u2019histoire des lieux o\u00f9 v\u00e9curent Guillaume d\u2019Orange et Jeanne d\u2019Arc, face \u00e0 la Baie de Somme, les ont remplis de nostalgie.<br>La soir\u00e9e s\u2019est termin\u00e9e au restaurant L\u2019A\u00e9rodrome, par de riches \u00e9changes autour d\u2019une bonne table.<\/p>\n\n\n\n<figure class=\"wp-block-gallery has-nested-images columns-default is-cropped wp-block-gallery-4 is-layout-flex wp-block-gallery-is-layout-flex\">\n<figure class=\"wp-block-image size-full\"><img loading=\"lazy\" decoding=\"async\" width=\"922\" height=\"977\" data-id=\"5210\" src=\"http:\/\/aeroclub-abbeville.fr\/wp-content\/uploads\/2022\/06\/274853074_5723071167719812_626815542309805670_n.jpg\" alt=\"\" class=\"wp-image-5210\" srcset=\"http:\/\/aeroclub-abbeville.fr\/wp-content\/uploads\/2022\/06\/274853074_5723071167719812_626815542309805670_n.jpg 922w, http:\/\/aeroclub-abbeville.fr\/wp-content\/uploads\/2022\/06\/274853074_5723071167719812_626815542309805670_n-453x480.jpg 453w, http:\/\/aeroclub-abbeville.fr\/wp-content\/uploads\/2022\/06\/274853074_5723071167719812_626815542309805670_n-768x814.jpg 768w, http:\/\/aeroclub-abbeville.fr\/wp-content\/uploads\/2022\/06\/274853074_5723071167719812_626815542309805670_n-624x661.jpg 624w\" sizes=\"(max-width: 922px) 100vw, 922px\" \/><\/figure>\n\n\n\n<figure class=\"wp-block-image size-full\"><img loading=\"lazy\" decoding=\"async\" width=\"2048\" height=\"1356\" data-id=\"5211\" src=\"http:\/\/aeroclub-abbeville.fr\/wp-content\/uploads\/2022\/06\/289335885_10222258693397523_4779402766671034766_n.jpg\" alt=\"\" class=\"wp-image-5211\" srcset=\"http:\/\/aeroclub-abbeville.fr\/wp-content\/uploads\/2022\/06\/289335885_10222258693397523_4779402766671034766_n.jpg 2048w, http:\/\/aeroclub-abbeville.fr\/wp-content\/uploads\/2022\/06\/289335885_10222258693397523_4779402766671034766_n-480x318.jpg 480w, http:\/\/aeroclub-abbeville.fr\/wp-content\/uploads\/2022\/06\/289335885_10222258693397523_4779402766671034766_n-1024x678.jpg 1024w, http:\/\/aeroclub-abbeville.fr\/wp-content\/uploads\/2022\/06\/289335885_10222258693397523_4779402766671034766_n-768x509.jpg 768w, http:\/\/aeroclub-abbeville.fr\/wp-content\/uploads\/2022\/06\/289335885_10222258693397523_4779402766671034766_n-1536x1017.jpg 1536w, http:\/\/aeroclub-abbeville.fr\/wp-content\/uploads\/2022\/06\/289335885_10222258693397523_4779402766671034766_n-624x413.jpg 624w\" sizes=\"(max-width: 2048px) 100vw, 2048px\" \/><\/figure>\n\n\n\n<figure class=\"wp-block-image size-full\"><img loading=\"lazy\" decoding=\"async\" width=\"2048\" height=\"1536\" data-id=\"5212\" src=\"http:\/\/aeroclub-abbeville.fr\/wp-content\/uploads\/2022\/06\/284491940_10160546802419057_3219642795551083095_n.jpg\" alt=\"\" class=\"wp-image-5212\" srcset=\"http:\/\/aeroclub-abbeville.fr\/wp-content\/uploads\/2022\/06\/284491940_10160546802419057_3219642795551083095_n.jpg 2048w, http:\/\/aeroclub-abbeville.fr\/wp-content\/uploads\/2022\/06\/284491940_10160546802419057_3219642795551083095_n-480x360.jpg 480w, http:\/\/aeroclub-abbeville.fr\/wp-content\/uploads\/2022\/06\/284491940_10160546802419057_3219642795551083095_n-1024x768.jpg 1024w, http:\/\/aeroclub-abbeville.fr\/wp-content\/uploads\/2022\/06\/284491940_10160546802419057_3219642795551083095_n-768x576.jpg 768w, http:\/\/aeroclub-abbeville.fr\/wp-content\/uploads\/2022\/06\/284491940_10160546802419057_3219642795551083095_n-1536x1152.jpg 1536w, http:\/\/aeroclub-abbeville.fr\/wp-content\/uploads\/2022\/06\/284491940_10160546802419057_3219642795551083095_n-624x468.jpg 624w\" sizes=\"(max-width: 2048px) 100vw, 2048px\" \/><\/figure>\n\n\n\n<figure class=\"wp-block-image size-full\"><img loading=\"lazy\" decoding=\"async\" width=\"2048\" height=\"1536\" data-id=\"5214\" src=\"http:\/\/aeroclub-abbeville.fr\/wp-content\/uploads\/2022\/06\/288563704_3230182533925339_4017666243669853087_n.jpg\" alt=\"\" class=\"wp-image-5214\" srcset=\"http:\/\/aeroclub-abbeville.fr\/wp-content\/uploads\/2022\/06\/288563704_3230182533925339_4017666243669853087_n.jpg 2048w, http:\/\/aeroclub-abbeville.fr\/wp-content\/uploads\/2022\/06\/288563704_3230182533925339_4017666243669853087_n-480x360.jpg 480w, http:\/\/aeroclub-abbeville.fr\/wp-content\/uploads\/2022\/06\/288563704_3230182533925339_4017666243669853087_n-1024x768.jpg 1024w, http:\/\/aeroclub-abbeville.fr\/wp-content\/uploads\/2022\/06\/288563704_3230182533925339_4017666243669853087_n-768x576.jpg 768w, http:\/\/aeroclub-abbeville.fr\/wp-content\/uploads\/2022\/06\/288563704_3230182533925339_4017666243669853087_n-1536x1152.jpg 1536w, http:\/\/aeroclub-abbeville.fr\/wp-content\/uploads\/2022\/06\/288563704_3230182533925339_4017666243669853087_n-624x468.jpg 624w\" sizes=\"(max-width: 2048px) 100vw, 2048px\" \/><figcaption class=\"wp-element-caption\">Gigi Coleman, Barbara Jackson, Monica Smith<\/figcaption><\/figure>\n\n\n\n<figure class=\"wp-block-image size-full\"><img loading=\"lazy\" decoding=\"async\" width=\"2048\" height=\"1536\" data-id=\"5215\" src=\"http:\/\/aeroclub-abbeville.fr\/wp-content\/uploads\/2022\/06\/288678033_3230182833925309_6987219075542227950_n.jpg\" alt=\"\" class=\"wp-image-5215\" srcset=\"http:\/\/aeroclub-abbeville.fr\/wp-content\/uploads\/2022\/06\/288678033_3230182833925309_6987219075542227950_n.jpg 2048w, http:\/\/aeroclub-abbeville.fr\/wp-content\/uploads\/2022\/06\/288678033_3230182833925309_6987219075542227950_n-480x360.jpg 480w, http:\/\/aeroclub-abbeville.fr\/wp-content\/uploads\/2022\/06\/288678033_3230182833925309_6987219075542227950_n-1024x768.jpg 1024w, http:\/\/aeroclub-abbeville.fr\/wp-content\/uploads\/2022\/06\/288678033_3230182833925309_6987219075542227950_n-768x576.jpg 768w, http:\/\/aeroclub-abbeville.fr\/wp-content\/uploads\/2022\/06\/288678033_3230182833925309_6987219075542227950_n-1536x1152.jpg 1536w, http:\/\/aeroclub-abbeville.fr\/wp-content\/uploads\/2022\/06\/288678033_3230182833925309_6987219075542227950_n-624x468.jpg 624w\" sizes=\"(max-width: 2048px) 100vw, 2048px\" \/><figcaption class=\"wp-element-caption\">Gigi Coleman, Sheila Chamberlain, Fran\u00e7oise Sockeel<\/figcaption><\/figure>\n\n\n\n<figure class=\"wp-block-image size-full\"><img loading=\"lazy\" decoding=\"async\" width=\"2048\" height=\"1538\" data-id=\"5216\" src=\"http:\/\/aeroclub-abbeville.fr\/wp-content\/uploads\/2022\/06\/288903516_3230182650591994_3120312371451752338_n.jpg\" alt=\"\" class=\"wp-image-5216\" srcset=\"http:\/\/aeroclub-abbeville.fr\/wp-content\/uploads\/2022\/06\/288903516_3230182650591994_3120312371451752338_n.jpg 2048w, http:\/\/aeroclub-abbeville.fr\/wp-content\/uploads\/2022\/06\/288903516_3230182650591994_3120312371451752338_n-480x360.jpg 480w, http:\/\/aeroclub-abbeville.fr\/wp-content\/uploads\/2022\/06\/288903516_3230182650591994_3120312371451752338_n-1024x769.jpg 1024w, http:\/\/aeroclub-abbeville.fr\/wp-content\/uploads\/2022\/06\/288903516_3230182650591994_3120312371451752338_n-768x577.jpg 768w, http:\/\/aeroclub-abbeville.fr\/wp-content\/uploads\/2022\/06\/288903516_3230182650591994_3120312371451752338_n-1536x1154.jpg 1536w, http:\/\/aeroclub-abbeville.fr\/wp-content\/uploads\/2022\/06\/288903516_3230182650591994_3120312371451752338_n-624x469.jpg 624w\" sizes=\"(max-width: 2048px) 100vw, 2048px\" \/><figcaption class=\"wp-element-caption\">Avec Gigi et Barbara<\/figcaption><\/figure>\n\n\n\n<figure class=\"wp-block-image size-full\"><img loading=\"lazy\" decoding=\"async\" width=\"1356\" height=\"2048\" data-id=\"5217\" src=\"http:\/\/aeroclub-abbeville.fr\/wp-content\/uploads\/2022\/06\/289150965_10222258716798108_8696650200059007066_n.jpg\" alt=\"\" class=\"wp-image-5217\" srcset=\"http:\/\/aeroclub-abbeville.fr\/wp-content\/uploads\/2022\/06\/289150965_10222258716798108_8696650200059007066_n.jpg 1356w, http:\/\/aeroclub-abbeville.fr\/wp-content\/uploads\/2022\/06\/289150965_10222258716798108_8696650200059007066_n-318x480.jpg 318w, http:\/\/aeroclub-abbeville.fr\/wp-content\/uploads\/2022\/06\/289150965_10222258716798108_8696650200059007066_n-678x1024.jpg 678w, http:\/\/aeroclub-abbeville.fr\/wp-content\/uploads\/2022\/06\/289150965_10222258716798108_8696650200059007066_n-768x1160.jpg 768w, http:\/\/aeroclub-abbeville.fr\/wp-content\/uploads\/2022\/06\/289150965_10222258716798108_8696650200059007066_n-1017x1536.jpg 1017w, http:\/\/aeroclub-abbeville.fr\/wp-content\/uploads\/2022\/06\/289150965_10222258716798108_8696650200059007066_n-624x942.jpg 624w\" sizes=\"(max-width: 1356px) 100vw, 1356px\" \/><figcaption class=\"wp-element-caption\">Th\u00e9odora Brown<\/figcaption><\/figure>\n\n\n\n<figure class=\"wp-block-image size-full\"><img loading=\"lazy\" decoding=\"async\" width=\"1538\" height=\"2048\" data-id=\"5218\" src=\"http:\/\/aeroclub-abbeville.fr\/wp-content\/uploads\/2022\/06\/288925729_3230182857258640_8273377861013690808_n.jpg\" alt=\"\" class=\"wp-image-5218\" srcset=\"http:\/\/aeroclub-abbeville.fr\/wp-content\/uploads\/2022\/06\/288925729_3230182857258640_8273377861013690808_n.jpg 1538w, http:\/\/aeroclub-abbeville.fr\/wp-content\/uploads\/2022\/06\/288925729_3230182857258640_8273377861013690808_n-360x480.jpg 360w, http:\/\/aeroclub-abbeville.fr\/wp-content\/uploads\/2022\/06\/288925729_3230182857258640_8273377861013690808_n-769x1024.jpg 769w, http:\/\/aeroclub-abbeville.fr\/wp-content\/uploads\/2022\/06\/288925729_3230182857258640_8273377861013690808_n-768x1023.jpg 768w, http:\/\/aeroclub-abbeville.fr\/wp-content\/uploads\/2022\/06\/288925729_3230182857258640_8273377861013690808_n-1154x1536.jpg 1154w, http:\/\/aeroclub-abbeville.fr\/wp-content\/uploads\/2022\/06\/288925729_3230182857258640_8273377861013690808_n-624x831.jpg 624w\" sizes=\"(max-width: 1538px) 100vw, 1538px\" \/><figcaption class=\"wp-element-caption\">Gigi Coleman et Axel H\u00e9nocque, jeune v\u00e9livole de l&rsquo;A\u00e9roclub d&rsquo;Abbeville<\/figcaption><\/figure>\n\n\n\n<figure class=\"wp-block-image size-full\"><img loading=\"lazy\" decoding=\"async\" width=\"1356\" height=\"2048\" data-id=\"5219\" src=\"http:\/\/aeroclub-abbeville.fr\/wp-content\/uploads\/2022\/06\/289187123_10222258720638204_7836831957991174186_n.jpg\" alt=\"\" class=\"wp-image-5219\" srcset=\"http:\/\/aeroclub-abbeville.fr\/wp-content\/uploads\/2022\/06\/289187123_10222258720638204_7836831957991174186_n.jpg 1356w, http:\/\/aeroclub-abbeville.fr\/wp-content\/uploads\/2022\/06\/289187123_10222258720638204_7836831957991174186_n-318x480.jpg 318w, http:\/\/aeroclub-abbeville.fr\/wp-content\/uploads\/2022\/06\/289187123_10222258720638204_7836831957991174186_n-678x1024.jpg 678w, http:\/\/aeroclub-abbeville.fr\/wp-content\/uploads\/2022\/06\/289187123_10222258720638204_7836831957991174186_n-768x1160.jpg 768w, http:\/\/aeroclub-abbeville.fr\/wp-content\/uploads\/2022\/06\/289187123_10222258720638204_7836831957991174186_n-1017x1536.jpg 1017w, http:\/\/aeroclub-abbeville.fr\/wp-content\/uploads\/2022\/06\/289187123_10222258720638204_7836831957991174186_n-624x942.jpg 624w\" sizes=\"(max-width: 1356px) 100vw, 1356px\" \/><figcaption class=\"wp-element-caption\">Avec Alain et Ma\u00e9va Delibero de l&rsquo;AFFP<\/figcaption><\/figure>\n\n\n\n<figure class=\"wp-block-image size-full\"><img loading=\"lazy\" decoding=\"async\" width=\"1356\" height=\"2048\" data-id=\"5220\" src=\"http:\/\/aeroclub-abbeville.fr\/wp-content\/uploads\/2022\/06\/289221145_10222258706197843_4461670749159882250_n.jpg\" alt=\"\" class=\"wp-image-5220\" srcset=\"http:\/\/aeroclub-abbeville.fr\/wp-content\/uploads\/2022\/06\/289221145_10222258706197843_4461670749159882250_n.jpg 1356w, http:\/\/aeroclub-abbeville.fr\/wp-content\/uploads\/2022\/06\/289221145_10222258706197843_4461670749159882250_n-318x480.jpg 318w, http:\/\/aeroclub-abbeville.fr\/wp-content\/uploads\/2022\/06\/289221145_10222258706197843_4461670749159882250_n-678x1024.jpg 678w, http:\/\/aeroclub-abbeville.fr\/wp-content\/uploads\/2022\/06\/289221145_10222258706197843_4461670749159882250_n-768x1160.jpg 768w, http:\/\/aeroclub-abbeville.fr\/wp-content\/uploads\/2022\/06\/289221145_10222258706197843_4461670749159882250_n-1017x1536.jpg 1017w, http:\/\/aeroclub-abbeville.fr\/wp-content\/uploads\/2022\/06\/289221145_10222258706197843_4461670749159882250_n-624x942.jpg 624w\" sizes=\"(max-width: 1356px) 100vw, 1356px\" \/><\/figure>\n\n\n\n<figure class=\"wp-block-image size-full\"><img loading=\"lazy\" decoding=\"async\" width=\"1356\" height=\"2048\" data-id=\"5221\" src=\"http:\/\/aeroclub-abbeville.fr\/wp-content\/uploads\/2022\/06\/289240935_10222258717118116_6691409824910158393_n.jpg\" alt=\"\" class=\"wp-image-5221\" srcset=\"http:\/\/aeroclub-abbeville.fr\/wp-content\/uploads\/2022\/06\/289240935_10222258717118116_6691409824910158393_n.jpg 1356w, http:\/\/aeroclub-abbeville.fr\/wp-content\/uploads\/2022\/06\/289240935_10222258717118116_6691409824910158393_n-318x480.jpg 318w, http:\/\/aeroclub-abbeville.fr\/wp-content\/uploads\/2022\/06\/289240935_10222258717118116_6691409824910158393_n-678x1024.jpg 678w, http:\/\/aeroclub-abbeville.fr\/wp-content\/uploads\/2022\/06\/289240935_10222258717118116_6691409824910158393_n-768x1160.jpg 768w, http:\/\/aeroclub-abbeville.fr\/wp-content\/uploads\/2022\/06\/289240935_10222258717118116_6691409824910158393_n-1017x1536.jpg 1017w, http:\/\/aeroclub-abbeville.fr\/wp-content\/uploads\/2022\/06\/289240935_10222258717118116_6691409824910158393_n-624x942.jpg 624w\" sizes=\"(max-width: 1356px) 100vw, 1356px\" \/><figcaption class=\"wp-element-caption\">Karen Mcrew<\/figcaption><\/figure>\n\n\n\n<figure class=\"wp-block-image size-full\"><img loading=\"lazy\" decoding=\"async\" width=\"1356\" height=\"2048\" data-id=\"5222\" src=\"http:\/\/aeroclub-abbeville.fr\/wp-content\/uploads\/2022\/06\/289273796_10222258717398123_6711664752312888550_n.jpg\" alt=\"\" class=\"wp-image-5222\" srcset=\"http:\/\/aeroclub-abbeville.fr\/wp-content\/uploads\/2022\/06\/289273796_10222258717398123_6711664752312888550_n.jpg 1356w, http:\/\/aeroclub-abbeville.fr\/wp-content\/uploads\/2022\/06\/289273796_10222258717398123_6711664752312888550_n-318x480.jpg 318w, http:\/\/aeroclub-abbeville.fr\/wp-content\/uploads\/2022\/06\/289273796_10222258717398123_6711664752312888550_n-678x1024.jpg 678w, http:\/\/aeroclub-abbeville.fr\/wp-content\/uploads\/2022\/06\/289273796_10222258717398123_6711664752312888550_n-768x1160.jpg 768w, http:\/\/aeroclub-abbeville.fr\/wp-content\/uploads\/2022\/06\/289273796_10222258717398123_6711664752312888550_n-1017x1536.jpg 1017w, http:\/\/aeroclub-abbeville.fr\/wp-content\/uploads\/2022\/06\/289273796_10222258717398123_6711664752312888550_n-624x942.jpg 624w\" sizes=\"(max-width: 1356px) 100vw, 1356px\" \/><figcaption class=\"wp-element-caption\">Monica Smith<\/figcaption><\/figure>\n\n\n\n<figure class=\"wp-block-image size-full\"><img loading=\"lazy\" decoding=\"async\" width=\"1356\" height=\"2048\" data-id=\"5223\" src=\"http:\/\/aeroclub-abbeville.fr\/wp-content\/uploads\/2022\/06\/289340838_10222258718918161_3525316045219449317_n.jpg\" alt=\"\" class=\"wp-image-5223\" srcset=\"http:\/\/aeroclub-abbeville.fr\/wp-content\/uploads\/2022\/06\/289340838_10222258718918161_3525316045219449317_n.jpg 1356w, http:\/\/aeroclub-abbeville.fr\/wp-content\/uploads\/2022\/06\/289340838_10222258718918161_3525316045219449317_n-318x480.jpg 318w, http:\/\/aeroclub-abbeville.fr\/wp-content\/uploads\/2022\/06\/289340838_10222258718918161_3525316045219449317_n-678x1024.jpg 678w, http:\/\/aeroclub-abbeville.fr\/wp-content\/uploads\/2022\/06\/289340838_10222258718918161_3525316045219449317_n-768x1160.jpg 768w, http:\/\/aeroclub-abbeville.fr\/wp-content\/uploads\/2022\/06\/289340838_10222258718918161_3525316045219449317_n-1017x1536.jpg 1017w, http:\/\/aeroclub-abbeville.fr\/wp-content\/uploads\/2022\/06\/289340838_10222258718918161_3525316045219449317_n-624x942.jpg 624w\" sizes=\"(max-width: 1356px) 100vw, 1356px\" \/><figcaption class=\"wp-element-caption\">June Ellis, ni\u00e8ce de Bessie Coleman<\/figcaption><\/figure>\n\n\n\n<figure class=\"wp-block-image size-full\"><img loading=\"lazy\" decoding=\"async\" width=\"2048\" height=\"1536\" data-id=\"5224\" src=\"http:\/\/aeroclub-abbeville.fr\/wp-content\/uploads\/2022\/06\/288678033_3230182833925309_6987219075542227950_n-1.jpg\" alt=\"\" class=\"wp-image-5224\" srcset=\"http:\/\/aeroclub-abbeville.fr\/wp-content\/uploads\/2022\/06\/288678033_3230182833925309_6987219075542227950_n-1.jpg 2048w, http:\/\/aeroclub-abbeville.fr\/wp-content\/uploads\/2022\/06\/288678033_3230182833925309_6987219075542227950_n-1-480x360.jpg 480w, http:\/\/aeroclub-abbeville.fr\/wp-content\/uploads\/2022\/06\/288678033_3230182833925309_6987219075542227950_n-1-1024x768.jpg 1024w, http:\/\/aeroclub-abbeville.fr\/wp-content\/uploads\/2022\/06\/288678033_3230182833925309_6987219075542227950_n-1-768x576.jpg 768w, http:\/\/aeroclub-abbeville.fr\/wp-content\/uploads\/2022\/06\/288678033_3230182833925309_6987219075542227950_n-1-1536x1152.jpg 1536w, http:\/\/aeroclub-abbeville.fr\/wp-content\/uploads\/2022\/06\/288678033_3230182833925309_6987219075542227950_n-1-624x468.jpg 624w\" sizes=\"(max-width: 2048px) 100vw, 2048px\" \/><figcaption class=\"wp-element-caption\">Dr. Sheila Chamberlain<\/figcaption><\/figure>\n\n\n\n<figure class=\"wp-block-image size-full\"><img loading=\"lazy\" decoding=\"async\" width=\"1920\" height=\"2560\" data-id=\"5373\" src=\"http:\/\/aeroclub-abbeville.fr\/wp-content\/uploads\/2022\/06\/IMG_2753-scaled.jpg\" alt=\"\" class=\"wp-image-5373\" srcset=\"http:\/\/aeroclub-abbeville.fr\/wp-content\/uploads\/2022\/06\/IMG_2753-scaled.jpg 1920w, http:\/\/aeroclub-abbeville.fr\/wp-content\/uploads\/2022\/06\/IMG_2753-360x480.jpg 360w, http:\/\/aeroclub-abbeville.fr\/wp-content\/uploads\/2022\/06\/IMG_2753-768x1024.jpg 768w, http:\/\/aeroclub-abbeville.fr\/wp-content\/uploads\/2022\/06\/IMG_2753-1152x1536.jpg 1152w, http:\/\/aeroclub-abbeville.fr\/wp-content\/uploads\/2022\/06\/IMG_2753-1536x2048.jpg 1536w, http:\/\/aeroclub-abbeville.fr\/wp-content\/uploads\/2022\/06\/IMG_2753-624x832.jpg 624w\" sizes=\"(max-width: 1920px) 100vw, 1920px\" \/><\/figure>\n<figcaption class=\"blocks-gallery-caption wp-element-caption\">\u00c9changes et partages apr\u00e8s le film sur Bessie Coleman !<br><br><\/figcaption><\/figure>\n\n\n\n<figure class=\"wp-block-gallery has-nested-images columns-default is-cropped wp-block-gallery-5 is-layout-flex wp-block-gallery-is-layout-flex\">\n<figure class=\"wp-block-image size-large\"><img loading=\"lazy\" decoding=\"async\" width=\"768\" height=\"1024\" data-id=\"5225\" src=\"http:\/\/aeroclub-abbeville.fr\/wp-content\/uploads\/2022\/06\/288542986_3230182473925345_7504017267793384624_n-768x1024.jpg\" alt=\"\" class=\"wp-image-5225\" srcset=\"http:\/\/aeroclub-abbeville.fr\/wp-content\/uploads\/2022\/06\/288542986_3230182473925345_7504017267793384624_n-768x1024.jpg 768w, http:\/\/aeroclub-abbeville.fr\/wp-content\/uploads\/2022\/06\/288542986_3230182473925345_7504017267793384624_n-360x480.jpg 360w, http:\/\/aeroclub-abbeville.fr\/wp-content\/uploads\/2022\/06\/288542986_3230182473925345_7504017267793384624_n-1152x1536.jpg 1152w, http:\/\/aeroclub-abbeville.fr\/wp-content\/uploads\/2022\/06\/288542986_3230182473925345_7504017267793384624_n-624x832.jpg 624w, http:\/\/aeroclub-abbeville.fr\/wp-content\/uploads\/2022\/06\/288542986_3230182473925345_7504017267793384624_n.jpg 1536w\" sizes=\"(max-width: 768px) 100vw, 768px\" \/><figcaption class=\"wp-element-caption\">Gigi et David<\/figcaption><\/figure>\n\n\n\n<figure class=\"wp-block-image size-large\"><img loading=\"lazy\" decoding=\"async\" width=\"769\" height=\"1024\" data-id=\"5226\" src=\"http:\/\/aeroclub-abbeville.fr\/wp-content\/uploads\/2022\/06\/288587267_3230182773925315_7910639846947208087_n-1-769x1024.jpg\" alt=\"\" class=\"wp-image-5226\" srcset=\"http:\/\/aeroclub-abbeville.fr\/wp-content\/uploads\/2022\/06\/288587267_3230182773925315_7910639846947208087_n-1-769x1024.jpg 769w, http:\/\/aeroclub-abbeville.fr\/wp-content\/uploads\/2022\/06\/288587267_3230182773925315_7910639846947208087_n-1-360x480.jpg 360w, http:\/\/aeroclub-abbeville.fr\/wp-content\/uploads\/2022\/06\/288587267_3230182773925315_7910639846947208087_n-1-768x1023.jpg 768w, http:\/\/aeroclub-abbeville.fr\/wp-content\/uploads\/2022\/06\/288587267_3230182773925315_7910639846947208087_n-1-1154x1536.jpg 1154w, http:\/\/aeroclub-abbeville.fr\/wp-content\/uploads\/2022\/06\/288587267_3230182773925315_7910639846947208087_n-1-624x831.jpg 624w, http:\/\/aeroclub-abbeville.fr\/wp-content\/uploads\/2022\/06\/288587267_3230182773925315_7910639846947208087_n-1.jpg 1538w\" sizes=\"(max-width: 769px) 100vw, 769px\" \/><\/figure>\n\n\n\n<figure class=\"wp-block-image size-large\"><img loading=\"lazy\" decoding=\"async\" width=\"768\" height=\"1024\" data-id=\"5227\" src=\"http:\/\/aeroclub-abbeville.fr\/wp-content\/uploads\/2022\/06\/288749879_3230182893925303_6504604125659578623_n-768x1024.jpg\" alt=\"\" class=\"wp-image-5227\" srcset=\"http:\/\/aeroclub-abbeville.fr\/wp-content\/uploads\/2022\/06\/288749879_3230182893925303_6504604125659578623_n-768x1024.jpg 768w, http:\/\/aeroclub-abbeville.fr\/wp-content\/uploads\/2022\/06\/288749879_3230182893925303_6504604125659578623_n-360x480.jpg 360w, http:\/\/aeroclub-abbeville.fr\/wp-content\/uploads\/2022\/06\/288749879_3230182893925303_6504604125659578623_n-1152x1536.jpg 1152w, http:\/\/aeroclub-abbeville.fr\/wp-content\/uploads\/2022\/06\/288749879_3230182893925303_6504604125659578623_n-624x832.jpg 624w, http:\/\/aeroclub-abbeville.fr\/wp-content\/uploads\/2022\/06\/288749879_3230182893925303_6504604125659578623_n.jpg 1536w\" sizes=\"(max-width: 768px) 100vw, 768px\" \/><\/figure>\n\n\n\n<figure class=\"wp-block-image size-large\"><img loading=\"lazy\" decoding=\"async\" width=\"1024\" height=\"678\" data-id=\"5228\" src=\"http:\/\/aeroclub-abbeville.fr\/wp-content\/uploads\/2022\/06\/288919781_10222258716398098_3870889653944904149_n-1024x678.jpg\" alt=\"\" class=\"wp-image-5228\" srcset=\"http:\/\/aeroclub-abbeville.fr\/wp-content\/uploads\/2022\/06\/288919781_10222258716398098_3870889653944904149_n-1024x678.jpg 1024w, http:\/\/aeroclub-abbeville.fr\/wp-content\/uploads\/2022\/06\/288919781_10222258716398098_3870889653944904149_n-480x318.jpg 480w, http:\/\/aeroclub-abbeville.fr\/wp-content\/uploads\/2022\/06\/288919781_10222258716398098_3870889653944904149_n-768x509.jpg 768w, http:\/\/aeroclub-abbeville.fr\/wp-content\/uploads\/2022\/06\/288919781_10222258716398098_3870889653944904149_n-1536x1017.jpg 1536w, http:\/\/aeroclub-abbeville.fr\/wp-content\/uploads\/2022\/06\/288919781_10222258716398098_3870889653944904149_n-624x413.jpg 624w, http:\/\/aeroclub-abbeville.fr\/wp-content\/uploads\/2022\/06\/288919781_10222258716398098_3870889653944904149_n.jpg 2048w\" sizes=\"(max-width: 1024px) 100vw, 1024px\" \/><\/figure>\n\n\n\n<figure class=\"wp-block-image size-large\"><img loading=\"lazy\" decoding=\"async\" width=\"1024\" height=\"678\" data-id=\"5229\" src=\"http:\/\/aeroclub-abbeville.fr\/wp-content\/uploads\/2022\/06\/289116201_10222258704917811_7145869058572033847_n-1024x678.jpg\" alt=\"\" class=\"wp-image-5229\" srcset=\"http:\/\/aeroclub-abbeville.fr\/wp-content\/uploads\/2022\/06\/289116201_10222258704917811_7145869058572033847_n-1024x678.jpg 1024w, http:\/\/aeroclub-abbeville.fr\/wp-content\/uploads\/2022\/06\/289116201_10222258704917811_7145869058572033847_n-480x318.jpg 480w, http:\/\/aeroclub-abbeville.fr\/wp-content\/uploads\/2022\/06\/289116201_10222258704917811_7145869058572033847_n-768x509.jpg 768w, http:\/\/aeroclub-abbeville.fr\/wp-content\/uploads\/2022\/06\/289116201_10222258704917811_7145869058572033847_n-1536x1017.jpg 1536w, http:\/\/aeroclub-abbeville.fr\/wp-content\/uploads\/2022\/06\/289116201_10222258704917811_7145869058572033847_n-624x413.jpg 624w, http:\/\/aeroclub-abbeville.fr\/wp-content\/uploads\/2022\/06\/289116201_10222258704917811_7145869058572033847_n.jpg 2048w\" sizes=\"(max-width: 1024px) 100vw, 1024px\" \/><figcaption class=\"wp-element-caption\">Barbara et Monica<\/figcaption><\/figure>\n\n\n\n<figure class=\"wp-block-image size-large\"><img loading=\"lazy\" decoding=\"async\" width=\"1024\" height=\"678\" data-id=\"5230\" src=\"http:\/\/aeroclub-abbeville.fr\/wp-content\/uploads\/2022\/06\/289117249_10222258699717681_1957201785584537792_n-1024x678.jpg\" alt=\"\" class=\"wp-image-5230\" srcset=\"http:\/\/aeroclub-abbeville.fr\/wp-content\/uploads\/2022\/06\/289117249_10222258699717681_1957201785584537792_n-1024x678.jpg 1024w, http:\/\/aeroclub-abbeville.fr\/wp-content\/uploads\/2022\/06\/289117249_10222258699717681_1957201785584537792_n-480x318.jpg 480w, http:\/\/aeroclub-abbeville.fr\/wp-content\/uploads\/2022\/06\/289117249_10222258699717681_1957201785584537792_n-768x509.jpg 768w, http:\/\/aeroclub-abbeville.fr\/wp-content\/uploads\/2022\/06\/289117249_10222258699717681_1957201785584537792_n-1536x1017.jpg 1536w, http:\/\/aeroclub-abbeville.fr\/wp-content\/uploads\/2022\/06\/289117249_10222258699717681_1957201785584537792_n-624x413.jpg 624w, http:\/\/aeroclub-abbeville.fr\/wp-content\/uploads\/2022\/06\/289117249_10222258699717681_1957201785584537792_n.jpg 2048w\" sizes=\"(max-width: 1024px) 100vw, 1024px\" \/><figcaption class=\"wp-element-caption\">Pamela Edwards, Ella Mitchell<\/figcaption><\/figure>\n\n\n\n<figure class=\"wp-block-image size-large\"><img loading=\"lazy\" decoding=\"async\" width=\"1024\" height=\"678\" data-id=\"5231\" src=\"http:\/\/aeroclub-abbeville.fr\/wp-content\/uploads\/2022\/06\/289149673_10222258727118366_8011942704022028380_n-1024x678.jpg\" alt=\"\" class=\"wp-image-5231\" srcset=\"http:\/\/aeroclub-abbeville.fr\/wp-content\/uploads\/2022\/06\/289149673_10222258727118366_8011942704022028380_n-1024x678.jpg 1024w, http:\/\/aeroclub-abbeville.fr\/wp-content\/uploads\/2022\/06\/289149673_10222258727118366_8011942704022028380_n-480x318.jpg 480w, http:\/\/aeroclub-abbeville.fr\/wp-content\/uploads\/2022\/06\/289149673_10222258727118366_8011942704022028380_n-768x509.jpg 768w, http:\/\/aeroclub-abbeville.fr\/wp-content\/uploads\/2022\/06\/289149673_10222258727118366_8011942704022028380_n-1536x1017.jpg 1536w, http:\/\/aeroclub-abbeville.fr\/wp-content\/uploads\/2022\/06\/289149673_10222258727118366_8011942704022028380_n-624x413.jpg 624w, http:\/\/aeroclub-abbeville.fr\/wp-content\/uploads\/2022\/06\/289149673_10222258727118366_8011942704022028380_n.jpg 2048w\" sizes=\"(max-width: 1024px) 100vw, 1024px\" \/><\/figure>\n\n\n\n<figure class=\"wp-block-image size-large\"><img loading=\"lazy\" decoding=\"async\" width=\"1024\" height=\"681\" data-id=\"5232\" src=\"http:\/\/aeroclub-abbeville.fr\/wp-content\/uploads\/2022\/06\/289252709_10222258713318021_8290948533578700750_n-1024x681.jpg\" alt=\"\" class=\"wp-image-5232\" srcset=\"http:\/\/aeroclub-abbeville.fr\/wp-content\/uploads\/2022\/06\/289252709_10222258713318021_8290948533578700750_n-1024x681.jpg 1024w, http:\/\/aeroclub-abbeville.fr\/wp-content\/uploads\/2022\/06\/289252709_10222258713318021_8290948533578700750_n-480x319.jpg 480w, http:\/\/aeroclub-abbeville.fr\/wp-content\/uploads\/2022\/06\/289252709_10222258713318021_8290948533578700750_n-768x511.jpg 768w, http:\/\/aeroclub-abbeville.fr\/wp-content\/uploads\/2022\/06\/289252709_10222258713318021_8290948533578700750_n-1536x1022.jpg 1536w, http:\/\/aeroclub-abbeville.fr\/wp-content\/uploads\/2022\/06\/289252709_10222258713318021_8290948533578700750_n-624x415.jpg 624w, http:\/\/aeroclub-abbeville.fr\/wp-content\/uploads\/2022\/06\/289252709_10222258713318021_8290948533578700750_n.jpg 2048w\" sizes=\"(max-width: 1024px) 100vw, 1024px\" \/><\/figure>\n\n\n\n<figure class=\"wp-block-image size-large\"><img loading=\"lazy\" decoding=\"async\" width=\"1024\" height=\"681\" data-id=\"5233\" src=\"http:\/\/aeroclub-abbeville.fr\/wp-content\/uploads\/2022\/06\/289306400_10222258726398348_7397557996557251958_n-1024x681.jpg\" alt=\"\" class=\"wp-image-5233\" srcset=\"http:\/\/aeroclub-abbeville.fr\/wp-content\/uploads\/2022\/06\/289306400_10222258726398348_7397557996557251958_n-1024x681.jpg 1024w, http:\/\/aeroclub-abbeville.fr\/wp-content\/uploads\/2022\/06\/289306400_10222258726398348_7397557996557251958_n-480x319.jpg 480w, http:\/\/aeroclub-abbeville.fr\/wp-content\/uploads\/2022\/06\/289306400_10222258726398348_7397557996557251958_n-768x511.jpg 768w, http:\/\/aeroclub-abbeville.fr\/wp-content\/uploads\/2022\/06\/289306400_10222258726398348_7397557996557251958_n-1536x1022.jpg 1536w, http:\/\/aeroclub-abbeville.fr\/wp-content\/uploads\/2022\/06\/289306400_10222258726398348_7397557996557251958_n-624x415.jpg 624w, http:\/\/aeroclub-abbeville.fr\/wp-content\/uploads\/2022\/06\/289306400_10222258726398348_7397557996557251958_n.jpg 2048w\" sizes=\"(max-width: 1024px) 100vw, 1024px\" \/><\/figure>\n<\/figure>\n\n\n\n<figure class=\"wp-block-gallery has-nested-images columns-default is-cropped wp-block-gallery-6 is-layout-flex wp-block-gallery-is-layout-flex\">\n<figure class=\"wp-block-image size-large\"><img loading=\"lazy\" decoding=\"async\" width=\"1024\" height=\"678\" data-id=\"5235\" src=\"http:\/\/aeroclub-abbeville.fr\/wp-content\/uploads\/2022\/06\/289151920_10222258697957637_2710012553129578893_n-1024x678.jpg\" alt=\"\" class=\"wp-image-5235\" srcset=\"http:\/\/aeroclub-abbeville.fr\/wp-content\/uploads\/2022\/06\/289151920_10222258697957637_2710012553129578893_n-1024x678.jpg 1024w, http:\/\/aeroclub-abbeville.fr\/wp-content\/uploads\/2022\/06\/289151920_10222258697957637_2710012553129578893_n-480x318.jpg 480w, http:\/\/aeroclub-abbeville.fr\/wp-content\/uploads\/2022\/06\/289151920_10222258697957637_2710012553129578893_n-768x509.jpg 768w, http:\/\/aeroclub-abbeville.fr\/wp-content\/uploads\/2022\/06\/289151920_10222258697957637_2710012553129578893_n-1536x1017.jpg 1536w, http:\/\/aeroclub-abbeville.fr\/wp-content\/uploads\/2022\/06\/289151920_10222258697957637_2710012553129578893_n-624x413.jpg 624w, http:\/\/aeroclub-abbeville.fr\/wp-content\/uploads\/2022\/06\/289151920_10222258697957637_2710012553129578893_n.jpg 2048w\" sizes=\"(max-width: 1024px) 100vw, 1024px\" \/><\/figure>\n\n\n\n<figure class=\"wp-block-image size-large\"><img loading=\"lazy\" decoding=\"async\" width=\"1024\" height=\"678\" data-id=\"5236\" src=\"http:\/\/aeroclub-abbeville.fr\/wp-content\/uploads\/2022\/06\/289227439_10222258698517651_5956528211018867259_n-1024x678.jpg\" alt=\"\" class=\"wp-image-5236\" srcset=\"http:\/\/aeroclub-abbeville.fr\/wp-content\/uploads\/2022\/06\/289227439_10222258698517651_5956528211018867259_n-1024x678.jpg 1024w, http:\/\/aeroclub-abbeville.fr\/wp-content\/uploads\/2022\/06\/289227439_10222258698517651_5956528211018867259_n-480x318.jpg 480w, http:\/\/aeroclub-abbeville.fr\/wp-content\/uploads\/2022\/06\/289227439_10222258698517651_5956528211018867259_n-768x509.jpg 768w, http:\/\/aeroclub-abbeville.fr\/wp-content\/uploads\/2022\/06\/289227439_10222258698517651_5956528211018867259_n-1536x1017.jpg 1536w, http:\/\/aeroclub-abbeville.fr\/wp-content\/uploads\/2022\/06\/289227439_10222258698517651_5956528211018867259_n-624x413.jpg 624w, http:\/\/aeroclub-abbeville.fr\/wp-content\/uploads\/2022\/06\/289227439_10222258698517651_5956528211018867259_n.jpg 2048w\" sizes=\"(max-width: 1024px) 100vw, 1024px\" \/><\/figure>\n\n\n\n<figure class=\"wp-block-image size-large\"><img loading=\"lazy\" decoding=\"async\" width=\"1024\" height=\"678\" data-id=\"5237\" src=\"http:\/\/aeroclub-abbeville.fr\/wp-content\/uploads\/2022\/06\/289302057_10222258694797558_7673506813835445720_n-1024x678.jpg\" alt=\"\" class=\"wp-image-5237\" srcset=\"http:\/\/aeroclub-abbeville.fr\/wp-content\/uploads\/2022\/06\/289302057_10222258694797558_7673506813835445720_n-1024x678.jpg 1024w, http:\/\/aeroclub-abbeville.fr\/wp-content\/uploads\/2022\/06\/289302057_10222258694797558_7673506813835445720_n-480x318.jpg 480w, http:\/\/aeroclub-abbeville.fr\/wp-content\/uploads\/2022\/06\/289302057_10222258694797558_7673506813835445720_n-768x509.jpg 768w, http:\/\/aeroclub-abbeville.fr\/wp-content\/uploads\/2022\/06\/289302057_10222258694797558_7673506813835445720_n-1536x1017.jpg 1536w, http:\/\/aeroclub-abbeville.fr\/wp-content\/uploads\/2022\/06\/289302057_10222258694797558_7673506813835445720_n-624x413.jpg 624w, http:\/\/aeroclub-abbeville.fr\/wp-content\/uploads\/2022\/06\/289302057_10222258694797558_7673506813835445720_n.jpg 2048w\" sizes=\"(max-width: 1024px) 100vw, 1024px\" \/><\/figure>\n\n\n\n<figure class=\"wp-block-image size-large\"><img loading=\"lazy\" decoding=\"async\" width=\"1024\" height=\"678\" data-id=\"5238\" src=\"http:\/\/aeroclub-abbeville.fr\/wp-content\/uploads\/2022\/06\/289343667_10222258697037614_7513639809926577472_n-1024x678.jpg\" alt=\"\" class=\"wp-image-5238\" srcset=\"http:\/\/aeroclub-abbeville.fr\/wp-content\/uploads\/2022\/06\/289343667_10222258697037614_7513639809926577472_n-1024x678.jpg 1024w, http:\/\/aeroclub-abbeville.fr\/wp-content\/uploads\/2022\/06\/289343667_10222258697037614_7513639809926577472_n-480x318.jpg 480w, http:\/\/aeroclub-abbeville.fr\/wp-content\/uploads\/2022\/06\/289343667_10222258697037614_7513639809926577472_n-768x509.jpg 768w, http:\/\/aeroclub-abbeville.fr\/wp-content\/uploads\/2022\/06\/289343667_10222258697037614_7513639809926577472_n-1536x1017.jpg 1536w, http:\/\/aeroclub-abbeville.fr\/wp-content\/uploads\/2022\/06\/289343667_10222258697037614_7513639809926577472_n-624x413.jpg 624w, http:\/\/aeroclub-abbeville.fr\/wp-content\/uploads\/2022\/06\/289343667_10222258697037614_7513639809926577472_n.jpg 2048w\" sizes=\"(max-width: 1024px) 100vw, 1024px\" \/><\/figure>\n<figcaption class=\"blocks-gallery-caption wp-element-caption\">Dans le \u00ab\u00a0Ciel de Bessie\u00a0\u00bb !<br><br><\/figcaption><\/figure>\n\n\n\n<figure class=\"wp-block-gallery has-nested-images columns-default is-cropped wp-block-gallery-7 is-layout-flex wp-block-gallery-is-layout-flex\">\n<figure class=\"wp-block-image size-large\"><img loading=\"lazy\" decoding=\"async\" width=\"1024\" height=\"768\" data-id=\"5342\" src=\"http:\/\/aeroclub-abbeville.fr\/wp-content\/uploads\/2022\/06\/P1050417-1024x768.jpeg\" alt=\"\" class=\"wp-image-5342\" srcset=\"http:\/\/aeroclub-abbeville.fr\/wp-content\/uploads\/2022\/06\/P1050417-1024x768.jpeg 1024w, http:\/\/aeroclub-abbeville.fr\/wp-content\/uploads\/2022\/06\/P1050417-480x360.jpeg 480w, http:\/\/aeroclub-abbeville.fr\/wp-content\/uploads\/2022\/06\/P1050417-768x576.jpeg 768w, http:\/\/aeroclub-abbeville.fr\/wp-content\/uploads\/2022\/06\/P1050417-1536x1152.jpeg 1536w, http:\/\/aeroclub-abbeville.fr\/wp-content\/uploads\/2022\/06\/P1050417-2048x1536.jpeg 2048w, http:\/\/aeroclub-abbeville.fr\/wp-content\/uploads\/2022\/06\/P1050417-624x468.jpeg 624w\" sizes=\"(max-width: 1024px) 100vw, 1024px\" \/><figcaption class=\"wp-element-caption\">Le Relais Guillaume de Normandie<\/figcaption><\/figure>\n\n\n\n<figure class=\"wp-block-image size-large\"><img loading=\"lazy\" decoding=\"async\" width=\"1024\" height=\"768\" data-id=\"5344\" src=\"http:\/\/aeroclub-abbeville.fr\/wp-content\/uploads\/2022\/06\/P1050421-1024x768.jpeg\" alt=\"\" class=\"wp-image-5344\" srcset=\"http:\/\/aeroclub-abbeville.fr\/wp-content\/uploads\/2022\/06\/P1050421-1024x768.jpeg 1024w, http:\/\/aeroclub-abbeville.fr\/wp-content\/uploads\/2022\/06\/P1050421-480x360.jpeg 480w, http:\/\/aeroclub-abbeville.fr\/wp-content\/uploads\/2022\/06\/P1050421-768x576.jpeg 768w, http:\/\/aeroclub-abbeville.fr\/wp-content\/uploads\/2022\/06\/P1050421-1536x1152.jpeg 1536w, http:\/\/aeroclub-abbeville.fr\/wp-content\/uploads\/2022\/06\/P1050421-2048x1536.jpeg 2048w, http:\/\/aeroclub-abbeville.fr\/wp-content\/uploads\/2022\/06\/P1050421-624x468.jpeg 624w\" sizes=\"(max-width: 1024px) 100vw, 1024px\" \/><figcaption class=\"wp-element-caption\">\u00c9glise de St Val\u00e9ry<\/figcaption><\/figure>\n\n\n\n<figure class=\"wp-block-image size-large\"><img loading=\"lazy\" decoding=\"async\" width=\"1024\" height=\"768\" data-id=\"5343\" src=\"http:\/\/aeroclub-abbeville.fr\/wp-content\/uploads\/2022\/06\/P1050413-1024x768.jpeg\" alt=\"\" class=\"wp-image-5343\" srcset=\"http:\/\/aeroclub-abbeville.fr\/wp-content\/uploads\/2022\/06\/P1050413-1024x768.jpeg 1024w, http:\/\/aeroclub-abbeville.fr\/wp-content\/uploads\/2022\/06\/P1050413-480x360.jpeg 480w, http:\/\/aeroclub-abbeville.fr\/wp-content\/uploads\/2022\/06\/P1050413-768x576.jpeg 768w, http:\/\/aeroclub-abbeville.fr\/wp-content\/uploads\/2022\/06\/P1050413-1536x1152.jpeg 1536w, http:\/\/aeroclub-abbeville.fr\/wp-content\/uploads\/2022\/06\/P1050413-2048x1536.jpeg 2048w, http:\/\/aeroclub-abbeville.fr\/wp-content\/uploads\/2022\/06\/P1050413-624x468.jpeg 624w\" sizes=\"(max-width: 1024px) 100vw, 1024px\" \/><figcaption class=\"wp-element-caption\">Le Grenier \u00e0 Sel<\/figcaption><\/figure>\n\n\n\n<figure class=\"wp-block-image size-large\"><img loading=\"lazy\" decoding=\"async\" width=\"1024\" height=\"768\" data-id=\"5345\" src=\"http:\/\/aeroclub-abbeville.fr\/wp-content\/uploads\/2022\/06\/P1050422-1024x768.jpeg\" alt=\"\" class=\"wp-image-5345\" srcset=\"http:\/\/aeroclub-abbeville.fr\/wp-content\/uploads\/2022\/06\/P1050422-1024x768.jpeg 1024w, http:\/\/aeroclub-abbeville.fr\/wp-content\/uploads\/2022\/06\/P1050422-480x360.jpeg 480w, http:\/\/aeroclub-abbeville.fr\/wp-content\/uploads\/2022\/06\/P1050422-768x576.jpeg 768w, http:\/\/aeroclub-abbeville.fr\/wp-content\/uploads\/2022\/06\/P1050422-1536x1152.jpeg 1536w, http:\/\/aeroclub-abbeville.fr\/wp-content\/uploads\/2022\/06\/P1050422-2048x1536.jpeg 2048w, http:\/\/aeroclub-abbeville.fr\/wp-content\/uploads\/2022\/06\/P1050422-624x468.jpeg 624w\" sizes=\"(max-width: 1024px) 100vw, 1024px\" \/><figcaption class=\"wp-element-caption\">Les vestiges du ch\u00e2teau de Guillaume de Normandie<\/figcaption><\/figure>\n<figcaption class=\"blocks-gallery-caption wp-element-caption\">Les Beaut\u00e9s Historiques de St Val\u00e9ry sur Somme, en face du Crotoy.<br><br><\/figcaption><\/figure>\n\n\n\n<p class=\"has-text-align-center\"><strong>Mercredi 15 juin 2022<\/strong><br>La ville de Rue, o\u00f9 logeait Bessie, a propos\u00e9 une visite guid\u00e9e du Mus\u00e9e des Fr\u00e8res Caudron, pionniers avionneurs de l\u2019\u00e9poque.<br>Le beffroi de Rue abritait, quant \u00e0 lui, une exposition des 13 premi\u00e8res Femmes Pilotes brevet\u00e9es sur des avions Caudron ou Potez.<br>Puis ce fut l\u2019inauguration de la \u00ab Salle Bessie Coleman \u00bb en pr\u00e9sence des \u00e9lus, d\u00e9put\u00e9s et personnalit\u00e9s r\u00e9gionales.<br>Une plaque comm\u00e9morative et un panneau explicatif ont \u00e9t\u00e9 d\u00e9couverts par June Coleman, ni\u00e8ce de Bessie Coleman, par Gigi Coleman, petite ni\u00e8ce de Bessie et Sheila L. Chamberlain, pr\u00e9sidente de l\u2019Association des pilotes noir(e)s am\u00e9ricain(e)s, o\u00f9 toutes les compagnies a\u00e9riennes des USA sont repr\u00e9sent\u00e9es.<\/p>\n\n\n\n<figure class=\"wp-block-gallery has-nested-images columns-default is-cropped wp-block-gallery-8 is-layout-flex wp-block-gallery-is-layout-flex\">\n<figure class=\"wp-block-image size-large\"><img loading=\"lazy\" decoding=\"async\" width=\"768\" height=\"1024\" data-id=\"5243\" src=\"http:\/\/aeroclub-abbeville.fr\/wp-content\/uploads\/2022\/06\/288659488_3230182763925316_1855390506965692396_n-768x1024.jpg\" alt=\"\" class=\"wp-image-5243\" srcset=\"http:\/\/aeroclub-abbeville.fr\/wp-content\/uploads\/2022\/06\/288659488_3230182763925316_1855390506965692396_n-768x1024.jpg 768w, http:\/\/aeroclub-abbeville.fr\/wp-content\/uploads\/2022\/06\/288659488_3230182763925316_1855390506965692396_n-360x480.jpg 360w, http:\/\/aeroclub-abbeville.fr\/wp-content\/uploads\/2022\/06\/288659488_3230182763925316_1855390506965692396_n-1152x1536.jpg 1152w, http:\/\/aeroclub-abbeville.fr\/wp-content\/uploads\/2022\/06\/288659488_3230182763925316_1855390506965692396_n-624x832.jpg 624w, http:\/\/aeroclub-abbeville.fr\/wp-content\/uploads\/2022\/06\/288659488_3230182763925316_1855390506965692396_n.jpg 1536w\" sizes=\"(max-width: 768px) 100vw, 768px\" \/><\/figure>\n\n\n\n<figure class=\"wp-block-image size-large\"><img loading=\"lazy\" decoding=\"async\" width=\"768\" height=\"1024\" data-id=\"5246\" src=\"http:\/\/aeroclub-abbeville.fr\/wp-content\/uploads\/2022\/06\/288748729_3230182433925349_8511632285012726224_n-768x1024.jpg\" alt=\"\" class=\"wp-image-5246\" srcset=\"http:\/\/aeroclub-abbeville.fr\/wp-content\/uploads\/2022\/06\/288748729_3230182433925349_8511632285012726224_n-768x1024.jpg 768w, http:\/\/aeroclub-abbeville.fr\/wp-content\/uploads\/2022\/06\/288748729_3230182433925349_8511632285012726224_n-360x480.jpg 360w, http:\/\/aeroclub-abbeville.fr\/wp-content\/uploads\/2022\/06\/288748729_3230182433925349_8511632285012726224_n-1152x1536.jpg 1152w, http:\/\/aeroclub-abbeville.fr\/wp-content\/uploads\/2022\/06\/288748729_3230182433925349_8511632285012726224_n-624x832.jpg 624w, http:\/\/aeroclub-abbeville.fr\/wp-content\/uploads\/2022\/06\/288748729_3230182433925349_8511632285012726224_n.jpg 1536w\" sizes=\"(max-width: 768px) 100vw, 768px\" \/><figcaption class=\"wp-element-caption\">Karine Bellart au Mus\u00e9e des Fr\u00e8res Caudron \u00e0 Rue.<\/figcaption><\/figure>\n\n\n\n<figure class=\"wp-block-image size-large\"><img loading=\"lazy\" decoding=\"async\" width=\"769\" height=\"1024\" data-id=\"5247\" src=\"http:\/\/aeroclub-abbeville.fr\/wp-content\/uploads\/2022\/06\/288844285_3230182573925335_4403380332128639912_n-769x1024.jpg\" alt=\"\" class=\"wp-image-5247\" srcset=\"http:\/\/aeroclub-abbeville.fr\/wp-content\/uploads\/2022\/06\/288844285_3230182573925335_4403380332128639912_n-769x1024.jpg 769w, http:\/\/aeroclub-abbeville.fr\/wp-content\/uploads\/2022\/06\/288844285_3230182573925335_4403380332128639912_n-360x480.jpg 360w, http:\/\/aeroclub-abbeville.fr\/wp-content\/uploads\/2022\/06\/288844285_3230182573925335_4403380332128639912_n-768x1023.jpg 768w, http:\/\/aeroclub-abbeville.fr\/wp-content\/uploads\/2022\/06\/288844285_3230182573925335_4403380332128639912_n-1154x1536.jpg 1154w, http:\/\/aeroclub-abbeville.fr\/wp-content\/uploads\/2022\/06\/288844285_3230182573925335_4403380332128639912_n-624x831.jpg 624w, http:\/\/aeroclub-abbeville.fr\/wp-content\/uploads\/2022\/06\/288844285_3230182573925335_4403380332128639912_n.jpg 1538w\" sizes=\"(max-width: 769px) 100vw, 769px\" \/><figcaption class=\"wp-element-caption\">Virginie, guide du Mus\u00e9e et Gigi <\/figcaption><\/figure>\n\n\n\n<figure class=\"wp-block-image size-large\"><img loading=\"lazy\" decoding=\"async\" width=\"769\" height=\"1024\" data-id=\"5249\" src=\"http:\/\/aeroclub-abbeville.fr\/wp-content\/uploads\/2022\/06\/288958636_3230182810591978_8172809662084418166_n-769x1024.jpg\" alt=\"\" class=\"wp-image-5249\" srcset=\"http:\/\/aeroclub-abbeville.fr\/wp-content\/uploads\/2022\/06\/288958636_3230182810591978_8172809662084418166_n-769x1024.jpg 769w, http:\/\/aeroclub-abbeville.fr\/wp-content\/uploads\/2022\/06\/288958636_3230182810591978_8172809662084418166_n-360x480.jpg 360w, http:\/\/aeroclub-abbeville.fr\/wp-content\/uploads\/2022\/06\/288958636_3230182810591978_8172809662084418166_n-768x1023.jpg 768w, http:\/\/aeroclub-abbeville.fr\/wp-content\/uploads\/2022\/06\/288958636_3230182810591978_8172809662084418166_n-1154x1536.jpg 1154w, http:\/\/aeroclub-abbeville.fr\/wp-content\/uploads\/2022\/06\/288958636_3230182810591978_8172809662084418166_n-624x831.jpg 624w, http:\/\/aeroclub-abbeville.fr\/wp-content\/uploads\/2022\/06\/288958636_3230182810591978_8172809662084418166_n.jpg 1538w\" sizes=\"(max-width: 769px) 100vw, 769px\" \/><figcaption class=\"wp-element-caption\">Karine Bellart du service du patrimoine et Gigi<\/figcaption><\/figure>\n\n\n\n<figure class=\"wp-block-image size-large\"><img loading=\"lazy\" decoding=\"async\" width=\"768\" height=\"1024\" data-id=\"5244\" src=\"http:\/\/aeroclub-abbeville.fr\/wp-content\/uploads\/2022\/06\/288655259_3230182390592020_8504490813990018347_n-768x1024.jpg\" alt=\"\" class=\"wp-image-5244\" srcset=\"http:\/\/aeroclub-abbeville.fr\/wp-content\/uploads\/2022\/06\/288655259_3230182390592020_8504490813990018347_n-768x1024.jpg 768w, http:\/\/aeroclub-abbeville.fr\/wp-content\/uploads\/2022\/06\/288655259_3230182390592020_8504490813990018347_n-360x480.jpg 360w, http:\/\/aeroclub-abbeville.fr\/wp-content\/uploads\/2022\/06\/288655259_3230182390592020_8504490813990018347_n-1152x1536.jpg 1152w, http:\/\/aeroclub-abbeville.fr\/wp-content\/uploads\/2022\/06\/288655259_3230182390592020_8504490813990018347_n-624x832.jpg 624w, http:\/\/aeroclub-abbeville.fr\/wp-content\/uploads\/2022\/06\/288655259_3230182390592020_8504490813990018347_n.jpg 1536w\" sizes=\"(max-width: 768px) 100vw, 768px\" \/><figcaption class=\"wp-element-caption\">David Quinn<\/figcaption><\/figure>\n\n\n\n<figure class=\"wp-block-image size-large\"><img loading=\"lazy\" decoding=\"async\" width=\"768\" height=\"1024\" data-id=\"5245\" src=\"http:\/\/aeroclub-abbeville.fr\/wp-content\/uploads\/2022\/06\/288707657_3230182313925361_8849738949573327104_n-768x1024.jpg\" alt=\"\" class=\"wp-image-5245\" srcset=\"http:\/\/aeroclub-abbeville.fr\/wp-content\/uploads\/2022\/06\/288707657_3230182313925361_8849738949573327104_n-768x1024.jpg 768w, http:\/\/aeroclub-abbeville.fr\/wp-content\/uploads\/2022\/06\/288707657_3230182313925361_8849738949573327104_n-360x480.jpg 360w, http:\/\/aeroclub-abbeville.fr\/wp-content\/uploads\/2022\/06\/288707657_3230182313925361_8849738949573327104_n-1152x1536.jpg 1152w, http:\/\/aeroclub-abbeville.fr\/wp-content\/uploads\/2022\/06\/288707657_3230182313925361_8849738949573327104_n-624x832.jpg 624w, http:\/\/aeroclub-abbeville.fr\/wp-content\/uploads\/2022\/06\/288707657_3230182313925361_8849738949573327104_n.jpg 1536w\" sizes=\"(max-width: 768px) 100vw, 768px\" \/><figcaption class=\"wp-element-caption\">Pamela et Ella<\/figcaption><\/figure>\n\n\n\n<figure class=\"wp-block-image size-large\"><img loading=\"lazy\" decoding=\"async\" width=\"768\" height=\"1024\" data-id=\"5248\" src=\"http:\/\/aeroclub-abbeville.fr\/wp-content\/uploads\/2022\/06\/288878593_3230182717258654_9072861418351382044_n-768x1024.jpg\" alt=\"\" class=\"wp-image-5248\" srcset=\"http:\/\/aeroclub-abbeville.fr\/wp-content\/uploads\/2022\/06\/288878593_3230182717258654_9072861418351382044_n-768x1024.jpg 768w, http:\/\/aeroclub-abbeville.fr\/wp-content\/uploads\/2022\/06\/288878593_3230182717258654_9072861418351382044_n-360x480.jpg 360w, http:\/\/aeroclub-abbeville.fr\/wp-content\/uploads\/2022\/06\/288878593_3230182717258654_9072861418351382044_n-1152x1536.jpg 1152w, http:\/\/aeroclub-abbeville.fr\/wp-content\/uploads\/2022\/06\/288878593_3230182717258654_9072861418351382044_n-624x832.jpg 624w, http:\/\/aeroclub-abbeville.fr\/wp-content\/uploads\/2022\/06\/288878593_3230182717258654_9072861418351382044_n.jpg 1536w\" sizes=\"(max-width: 768px) 100vw, 768px\" \/><\/figure>\n\n\n\n<figure class=\"wp-block-image size-large\"><img loading=\"lazy\" decoding=\"async\" width=\"1024\" height=\"678\" data-id=\"5251\" src=\"http:\/\/aeroclub-abbeville.fr\/wp-content\/uploads\/2022\/06\/289160133_10222258715118066_1193640261193798710_n-1024x678.jpg\" alt=\"\" class=\"wp-image-5251\" srcset=\"http:\/\/aeroclub-abbeville.fr\/wp-content\/uploads\/2022\/06\/289160133_10222258715118066_1193640261193798710_n-1024x678.jpg 1024w, http:\/\/aeroclub-abbeville.fr\/wp-content\/uploads\/2022\/06\/289160133_10222258715118066_1193640261193798710_n-480x318.jpg 480w, http:\/\/aeroclub-abbeville.fr\/wp-content\/uploads\/2022\/06\/289160133_10222258715118066_1193640261193798710_n-768x509.jpg 768w, http:\/\/aeroclub-abbeville.fr\/wp-content\/uploads\/2022\/06\/289160133_10222258715118066_1193640261193798710_n-1536x1017.jpg 1536w, http:\/\/aeroclub-abbeville.fr\/wp-content\/uploads\/2022\/06\/289160133_10222258715118066_1193640261193798710_n-624x413.jpg 624w, http:\/\/aeroclub-abbeville.fr\/wp-content\/uploads\/2022\/06\/289160133_10222258715118066_1193640261193798710_n.jpg 2048w\" sizes=\"(max-width: 1024px) 100vw, 1024px\" \/><\/figure>\n\n\n\n<figure class=\"wp-block-image size-large\"><img loading=\"lazy\" decoding=\"async\" width=\"1024\" height=\"678\" data-id=\"5252\" src=\"http:\/\/aeroclub-abbeville.fr\/wp-content\/uploads\/2022\/06\/289243512_10222258725998338_6293881619038196395_n-1024x678.jpg\" alt=\"\" class=\"wp-image-5252\" srcset=\"http:\/\/aeroclub-abbeville.fr\/wp-content\/uploads\/2022\/06\/289243512_10222258725998338_6293881619038196395_n-1024x678.jpg 1024w, http:\/\/aeroclub-abbeville.fr\/wp-content\/uploads\/2022\/06\/289243512_10222258725998338_6293881619038196395_n-480x318.jpg 480w, http:\/\/aeroclub-abbeville.fr\/wp-content\/uploads\/2022\/06\/289243512_10222258725998338_6293881619038196395_n-768x509.jpg 768w, http:\/\/aeroclub-abbeville.fr\/wp-content\/uploads\/2022\/06\/289243512_10222258725998338_6293881619038196395_n-1536x1017.jpg 1536w, http:\/\/aeroclub-abbeville.fr\/wp-content\/uploads\/2022\/06\/289243512_10222258725998338_6293881619038196395_n-624x413.jpg 624w, http:\/\/aeroclub-abbeville.fr\/wp-content\/uploads\/2022\/06\/289243512_10222258725998338_6293881619038196395_n.jpg 2048w\" sizes=\"(max-width: 1024px) 100vw, 1024px\" \/><\/figure>\n\n\n\n<figure class=\"wp-block-image size-large\"><img loading=\"lazy\" decoding=\"async\" width=\"1024\" height=\"678\" data-id=\"5250\" src=\"http:\/\/aeroclub-abbeville.fr\/wp-content\/uploads\/2022\/06\/289156611_10222258724838309_2391732064920209726_n-1024x678.jpg\" alt=\"\" class=\"wp-image-5250\" srcset=\"http:\/\/aeroclub-abbeville.fr\/wp-content\/uploads\/2022\/06\/289156611_10222258724838309_2391732064920209726_n-1024x678.jpg 1024w, http:\/\/aeroclub-abbeville.fr\/wp-content\/uploads\/2022\/06\/289156611_10222258724838309_2391732064920209726_n-480x318.jpg 480w, http:\/\/aeroclub-abbeville.fr\/wp-content\/uploads\/2022\/06\/289156611_10222258724838309_2391732064920209726_n-768x509.jpg 768w, http:\/\/aeroclub-abbeville.fr\/wp-content\/uploads\/2022\/06\/289156611_10222258724838309_2391732064920209726_n-1536x1017.jpg 1536w, http:\/\/aeroclub-abbeville.fr\/wp-content\/uploads\/2022\/06\/289156611_10222258724838309_2391732064920209726_n-624x413.jpg 624w, http:\/\/aeroclub-abbeville.fr\/wp-content\/uploads\/2022\/06\/289156611_10222258724838309_2391732064920209726_n.jpg 2048w\" sizes=\"(max-width: 1024px) 100vw, 1024px\" \/><figcaption class=\"wp-element-caption\">Exposition des Femmes-Pilotes au Beffroi de Rue<\/figcaption><\/figure>\n\n\n\n<figure class=\"wp-block-image size-large\"><img loading=\"lazy\" decoding=\"async\" width=\"1024\" height=\"678\" data-id=\"5253\" src=\"http:\/\/aeroclub-abbeville.fr\/wp-content\/uploads\/2022\/06\/289344031_10222258732718506_305469587434876859_n-1024x678.jpg\" alt=\"\" class=\"wp-image-5253\" srcset=\"http:\/\/aeroclub-abbeville.fr\/wp-content\/uploads\/2022\/06\/289344031_10222258732718506_305469587434876859_n-1024x678.jpg 1024w, http:\/\/aeroclub-abbeville.fr\/wp-content\/uploads\/2022\/06\/289344031_10222258732718506_305469587434876859_n-480x318.jpg 480w, http:\/\/aeroclub-abbeville.fr\/wp-content\/uploads\/2022\/06\/289344031_10222258732718506_305469587434876859_n-768x509.jpg 768w, http:\/\/aeroclub-abbeville.fr\/wp-content\/uploads\/2022\/06\/289344031_10222258732718506_305469587434876859_n-1536x1017.jpg 1536w, http:\/\/aeroclub-abbeville.fr\/wp-content\/uploads\/2022\/06\/289344031_10222258732718506_305469587434876859_n-624x413.jpg 624w, http:\/\/aeroclub-abbeville.fr\/wp-content\/uploads\/2022\/06\/289344031_10222258732718506_305469587434876859_n.jpg 2048w\" sizes=\"(max-width: 1024px) 100vw, 1024px\" \/><\/figure>\n\n\n\n<figure class=\"wp-block-image size-large\"><img loading=\"lazy\" decoding=\"async\" width=\"1024\" height=\"678\" data-id=\"5254\" src=\"http:\/\/aeroclub-abbeville.fr\/wp-content\/uploads\/2022\/06\/289393957_10222258702837759_3843307204163654786_n-1024x678.jpg\" alt=\"\" class=\"wp-image-5254\" srcset=\"http:\/\/aeroclub-abbeville.fr\/wp-content\/uploads\/2022\/06\/289393957_10222258702837759_3843307204163654786_n-1024x678.jpg 1024w, http:\/\/aeroclub-abbeville.fr\/wp-content\/uploads\/2022\/06\/289393957_10222258702837759_3843307204163654786_n-480x318.jpg 480w, http:\/\/aeroclub-abbeville.fr\/wp-content\/uploads\/2022\/06\/289393957_10222258702837759_3843307204163654786_n-768x509.jpg 768w, http:\/\/aeroclub-abbeville.fr\/wp-content\/uploads\/2022\/06\/289393957_10222258702837759_3843307204163654786_n-1536x1017.jpg 1536w, http:\/\/aeroclub-abbeville.fr\/wp-content\/uploads\/2022\/06\/289393957_10222258702837759_3843307204163654786_n-624x413.jpg 624w, http:\/\/aeroclub-abbeville.fr\/wp-content\/uploads\/2022\/06\/289393957_10222258702837759_3843307204163654786_n.jpg 2048w\" sizes=\"(max-width: 1024px) 100vw, 1024px\" \/><\/figure>\n<\/figure>\n\n\n\n<figure class=\"wp-block-gallery has-nested-images columns-default is-cropped wp-block-gallery-9 is-layout-flex wp-block-gallery-is-layout-flex\">\n<figure class=\"wp-block-image size-large\"><img loading=\"lazy\" decoding=\"async\" width=\"768\" height=\"1024\" data-id=\"5255\" src=\"http:\/\/aeroclub-abbeville.fr\/wp-content\/uploads\/2022\/06\/288519751_3230182273925365_6882395570846320690_n-768x1024.jpg\" alt=\"\" class=\"wp-image-5255\" srcset=\"http:\/\/aeroclub-abbeville.fr\/wp-content\/uploads\/2022\/06\/288519751_3230182273925365_6882395570846320690_n-768x1024.jpg 768w, http:\/\/aeroclub-abbeville.fr\/wp-content\/uploads\/2022\/06\/288519751_3230182273925365_6882395570846320690_n-360x480.jpg 360w, http:\/\/aeroclub-abbeville.fr\/wp-content\/uploads\/2022\/06\/288519751_3230182273925365_6882395570846320690_n-1152x1536.jpg 1152w, http:\/\/aeroclub-abbeville.fr\/wp-content\/uploads\/2022\/06\/288519751_3230182273925365_6882395570846320690_n-624x832.jpg 624w, http:\/\/aeroclub-abbeville.fr\/wp-content\/uploads\/2022\/06\/288519751_3230182273925365_6882395570846320690_n.jpg 1536w\" sizes=\"(max-width: 768px) 100vw, 768px\" \/><figcaption class=\"wp-element-caption\">Inauguration de la Salle Bessie Coleman par Jacky Thueux Maire de Rue<\/figcaption><\/figure>\n\n\n\n<figure class=\"wp-block-image size-large\"><img loading=\"lazy\" decoding=\"async\" width=\"768\" height=\"1024\" data-id=\"5257\" src=\"http:\/\/aeroclub-abbeville.fr\/wp-content\/uploads\/2022\/06\/288689768_3230182553925337_39596739116527238_n-768x1024.jpg\" alt=\"\" class=\"wp-image-5257\" srcset=\"http:\/\/aeroclub-abbeville.fr\/wp-content\/uploads\/2022\/06\/288689768_3230182553925337_39596739116527238_n-768x1024.jpg 768w, http:\/\/aeroclub-abbeville.fr\/wp-content\/uploads\/2022\/06\/288689768_3230182553925337_39596739116527238_n-360x480.jpg 360w, http:\/\/aeroclub-abbeville.fr\/wp-content\/uploads\/2022\/06\/288689768_3230182553925337_39596739116527238_n-1152x1536.jpg 1152w, http:\/\/aeroclub-abbeville.fr\/wp-content\/uploads\/2022\/06\/288689768_3230182553925337_39596739116527238_n-624x832.jpg 624w, http:\/\/aeroclub-abbeville.fr\/wp-content\/uploads\/2022\/06\/288689768_3230182553925337_39596739116527238_n.jpg 1536w\" sizes=\"(max-width: 768px) 100vw, 768px\" \/><\/figure>\n\n\n\n<figure class=\"wp-block-image size-large\"><img loading=\"lazy\" decoding=\"async\" width=\"1024\" height=\"678\" data-id=\"5259\" src=\"http:\/\/aeroclub-abbeville.fr\/wp-content\/uploads\/2022\/06\/289072090_10222258734438549_6721214032541414090_n-1024x678.jpg\" alt=\"\" class=\"wp-image-5259\" srcset=\"http:\/\/aeroclub-abbeville.fr\/wp-content\/uploads\/2022\/06\/289072090_10222258734438549_6721214032541414090_n-1024x678.jpg 1024w, http:\/\/aeroclub-abbeville.fr\/wp-content\/uploads\/2022\/06\/289072090_10222258734438549_6721214032541414090_n-480x318.jpg 480w, http:\/\/aeroclub-abbeville.fr\/wp-content\/uploads\/2022\/06\/289072090_10222258734438549_6721214032541414090_n-768x509.jpg 768w, http:\/\/aeroclub-abbeville.fr\/wp-content\/uploads\/2022\/06\/289072090_10222258734438549_6721214032541414090_n-1536x1017.jpg 1536w, http:\/\/aeroclub-abbeville.fr\/wp-content\/uploads\/2022\/06\/289072090_10222258734438549_6721214032541414090_n-624x413.jpg 624w, http:\/\/aeroclub-abbeville.fr\/wp-content\/uploads\/2022\/06\/289072090_10222258734438549_6721214032541414090_n.jpg 2048w\" sizes=\"(max-width: 1024px) 100vw, 1024px\" \/><\/figure>\n\n\n\n<figure class=\"wp-block-image size-large\"><img loading=\"lazy\" decoding=\"async\" width=\"1024\" height=\"678\" data-id=\"5263\" src=\"http:\/\/aeroclub-abbeville.fr\/wp-content\/uploads\/2022\/06\/289215719_10222258729398423_5002763041877285639_n-1024x678.jpg\" alt=\"\" class=\"wp-image-5263\" srcset=\"http:\/\/aeroclub-abbeville.fr\/wp-content\/uploads\/2022\/06\/289215719_10222258729398423_5002763041877285639_n-1024x678.jpg 1024w, http:\/\/aeroclub-abbeville.fr\/wp-content\/uploads\/2022\/06\/289215719_10222258729398423_5002763041877285639_n-480x318.jpg 480w, http:\/\/aeroclub-abbeville.fr\/wp-content\/uploads\/2022\/06\/289215719_10222258729398423_5002763041877285639_n-768x509.jpg 768w, http:\/\/aeroclub-abbeville.fr\/wp-content\/uploads\/2022\/06\/289215719_10222258729398423_5002763041877285639_n-1536x1017.jpg 1536w, http:\/\/aeroclub-abbeville.fr\/wp-content\/uploads\/2022\/06\/289215719_10222258729398423_5002763041877285639_n-624x413.jpg 624w, http:\/\/aeroclub-abbeville.fr\/wp-content\/uploads\/2022\/06\/289215719_10222258729398423_5002763041877285639_n.jpg 2048w\" sizes=\"(max-width: 1024px) 100vw, 1024px\" \/><figcaption class=\"wp-element-caption\">Patricia Poupart, Conseill\u00e8re R\u00e9gionale,  Etienne Maquet, D\u00e9put\u00e9 et Gigi Coleman<\/figcaption><\/figure>\n\n\n\n<figure class=\"wp-block-image size-large\"><img loading=\"lazy\" decoding=\"async\" width=\"1024\" height=\"678\" data-id=\"5261\" src=\"http:\/\/aeroclub-abbeville.fr\/wp-content\/uploads\/2022\/06\/289173250_10222258735958587_3516305400452923958_n-1024x678.jpg\" alt=\"\" class=\"wp-image-5261\" srcset=\"http:\/\/aeroclub-abbeville.fr\/wp-content\/uploads\/2022\/06\/289173250_10222258735958587_3516305400452923958_n-1024x678.jpg 1024w, http:\/\/aeroclub-abbeville.fr\/wp-content\/uploads\/2022\/06\/289173250_10222258735958587_3516305400452923958_n-480x318.jpg 480w, http:\/\/aeroclub-abbeville.fr\/wp-content\/uploads\/2022\/06\/289173250_10222258735958587_3516305400452923958_n-768x509.jpg 768w, http:\/\/aeroclub-abbeville.fr\/wp-content\/uploads\/2022\/06\/289173250_10222258735958587_3516305400452923958_n-1536x1017.jpg 1536w, http:\/\/aeroclub-abbeville.fr\/wp-content\/uploads\/2022\/06\/289173250_10222258735958587_3516305400452923958_n-624x413.jpg 624w, http:\/\/aeroclub-abbeville.fr\/wp-content\/uploads\/2022\/06\/289173250_10222258735958587_3516305400452923958_n.jpg 2048w\" sizes=\"(max-width: 1024px) 100vw, 1024px\" \/><\/figure>\n\n\n\n<figure class=\"wp-block-image size-large\"><img loading=\"lazy\" decoding=\"async\" width=\"1024\" height=\"678\" data-id=\"5267\" src=\"http:\/\/aeroclub-abbeville.fr\/wp-content\/uploads\/2022\/06\/289221672_10222258728118391_1514057814094208188_n-1024x678.jpg\" alt=\"\" class=\"wp-image-5267\" srcset=\"http:\/\/aeroclub-abbeville.fr\/wp-content\/uploads\/2022\/06\/289221672_10222258728118391_1514057814094208188_n-1024x678.jpg 1024w, http:\/\/aeroclub-abbeville.fr\/wp-content\/uploads\/2022\/06\/289221672_10222258728118391_1514057814094208188_n-480x318.jpg 480w, http:\/\/aeroclub-abbeville.fr\/wp-content\/uploads\/2022\/06\/289221672_10222258728118391_1514057814094208188_n-768x509.jpg 768w, http:\/\/aeroclub-abbeville.fr\/wp-content\/uploads\/2022\/06\/289221672_10222258728118391_1514057814094208188_n-1536x1017.jpg 1536w, http:\/\/aeroclub-abbeville.fr\/wp-content\/uploads\/2022\/06\/289221672_10222258728118391_1514057814094208188_n-624x413.jpg 624w, http:\/\/aeroclub-abbeville.fr\/wp-content\/uploads\/2022\/06\/289221672_10222258728118391_1514057814094208188_n.jpg 2048w\" sizes=\"(max-width: 1024px) 100vw, 1024px\" \/><\/figure>\n\n\n\n<figure class=\"wp-block-image size-large\"><img loading=\"lazy\" decoding=\"async\" width=\"1024\" height=\"678\" data-id=\"5273\" src=\"http:\/\/aeroclub-abbeville.fr\/wp-content\/uploads\/2022\/06\/289244136_10222258715158067_7790078932634033701_n-1024x678.jpg\" alt=\"\" class=\"wp-image-5273\" srcset=\"http:\/\/aeroclub-abbeville.fr\/wp-content\/uploads\/2022\/06\/289244136_10222258715158067_7790078932634033701_n-1024x678.jpg 1024w, http:\/\/aeroclub-abbeville.fr\/wp-content\/uploads\/2022\/06\/289244136_10222258715158067_7790078932634033701_n-480x318.jpg 480w, http:\/\/aeroclub-abbeville.fr\/wp-content\/uploads\/2022\/06\/289244136_10222258715158067_7790078932634033701_n-768x509.jpg 768w, http:\/\/aeroclub-abbeville.fr\/wp-content\/uploads\/2022\/06\/289244136_10222258715158067_7790078932634033701_n-1536x1017.jpg 1536w, http:\/\/aeroclub-abbeville.fr\/wp-content\/uploads\/2022\/06\/289244136_10222258715158067_7790078932634033701_n-624x413.jpg 624w, http:\/\/aeroclub-abbeville.fr\/wp-content\/uploads\/2022\/06\/289244136_10222258715158067_7790078932634033701_n.jpg 2048w\" sizes=\"(max-width: 1024px) 100vw, 1024px\" \/><\/figure>\n\n\n\n<figure class=\"wp-block-image size-large\"><img loading=\"lazy\" decoding=\"async\" width=\"1024\" height=\"678\" data-id=\"5271\" src=\"http:\/\/aeroclub-abbeville.fr\/wp-content\/uploads\/2022\/06\/289072090_10222258734438549_6721214032541414090_n-1-1024x678.jpg\" alt=\"\" class=\"wp-image-5271\" srcset=\"http:\/\/aeroclub-abbeville.fr\/wp-content\/uploads\/2022\/06\/289072090_10222258734438549_6721214032541414090_n-1-1024x678.jpg 1024w, http:\/\/aeroclub-abbeville.fr\/wp-content\/uploads\/2022\/06\/289072090_10222258734438549_6721214032541414090_n-1-480x318.jpg 480w, http:\/\/aeroclub-abbeville.fr\/wp-content\/uploads\/2022\/06\/289072090_10222258734438549_6721214032541414090_n-1-768x509.jpg 768w, http:\/\/aeroclub-abbeville.fr\/wp-content\/uploads\/2022\/06\/289072090_10222258734438549_6721214032541414090_n-1-1536x1017.jpg 1536w, http:\/\/aeroclub-abbeville.fr\/wp-content\/uploads\/2022\/06\/289072090_10222258734438549_6721214032541414090_n-1-624x413.jpg 624w, http:\/\/aeroclub-abbeville.fr\/wp-content\/uploads\/2022\/06\/289072090_10222258734438549_6721214032541414090_n-1.jpg 2048w\" sizes=\"(max-width: 1024px) 100vw, 1024px\" \/><\/figure>\n\n\n\n<figure class=\"wp-block-image size-large\"><img loading=\"lazy\" decoding=\"async\" width=\"1024\" height=\"678\" data-id=\"5275\" src=\"http:\/\/aeroclub-abbeville.fr\/wp-content\/uploads\/2022\/06\/289276160_10222258720758207_3382410248999369875_n-1024x678.jpg\" alt=\"\" class=\"wp-image-5275\" srcset=\"http:\/\/aeroclub-abbeville.fr\/wp-content\/uploads\/2022\/06\/289276160_10222258720758207_3382410248999369875_n-1024x678.jpg 1024w, http:\/\/aeroclub-abbeville.fr\/wp-content\/uploads\/2022\/06\/289276160_10222258720758207_3382410248999369875_n-480x318.jpg 480w, http:\/\/aeroclub-abbeville.fr\/wp-content\/uploads\/2022\/06\/289276160_10222258720758207_3382410248999369875_n-768x509.jpg 768w, http:\/\/aeroclub-abbeville.fr\/wp-content\/uploads\/2022\/06\/289276160_10222258720758207_3382410248999369875_n-1536x1017.jpg 1536w, http:\/\/aeroclub-abbeville.fr\/wp-content\/uploads\/2022\/06\/289276160_10222258720758207_3382410248999369875_n-624x413.jpg 624w, http:\/\/aeroclub-abbeville.fr\/wp-content\/uploads\/2022\/06\/289276160_10222258720758207_3382410248999369875_n.jpg 2048w\" sizes=\"(max-width: 1024px) 100vw, 1024px\" \/><\/figure>\n\n\n\n<figure class=\"wp-block-image size-large\"><img loading=\"lazy\" decoding=\"async\" width=\"1024\" height=\"678\" data-id=\"5282\" src=\"http:\/\/aeroclub-abbeville.fr\/wp-content\/uploads\/2022\/06\/289443245_10222258731438474_3119295933606335155_n-1024x678.jpg\" alt=\"\" class=\"wp-image-5282\" srcset=\"http:\/\/aeroclub-abbeville.fr\/wp-content\/uploads\/2022\/06\/289443245_10222258731438474_3119295933606335155_n-1024x678.jpg 1024w, http:\/\/aeroclub-abbeville.fr\/wp-content\/uploads\/2022\/06\/289443245_10222258731438474_3119295933606335155_n-480x318.jpg 480w, http:\/\/aeroclub-abbeville.fr\/wp-content\/uploads\/2022\/06\/289443245_10222258731438474_3119295933606335155_n-768x509.jpg 768w, http:\/\/aeroclub-abbeville.fr\/wp-content\/uploads\/2022\/06\/289443245_10222258731438474_3119295933606335155_n-1536x1017.jpg 1536w, http:\/\/aeroclub-abbeville.fr\/wp-content\/uploads\/2022\/06\/289443245_10222258731438474_3119295933606335155_n-624x413.jpg 624w, http:\/\/aeroclub-abbeville.fr\/wp-content\/uploads\/2022\/06\/289443245_10222258731438474_3119295933606335155_n.jpg 2048w\" sizes=\"(max-width: 1024px) 100vw, 1024px\" \/><\/figure>\n\n\n\n<figure class=\"wp-block-image size-large\"><img loading=\"lazy\" decoding=\"async\" width=\"1024\" height=\"678\" data-id=\"5280\" src=\"http:\/\/aeroclub-abbeville.fr\/wp-content\/uploads\/2022\/06\/289332072_10222258732918511_2116693584593967045_n-1024x678.jpg\" alt=\"\" class=\"wp-image-5280\" srcset=\"http:\/\/aeroclub-abbeville.fr\/wp-content\/uploads\/2022\/06\/289332072_10222258732918511_2116693584593967045_n-1024x678.jpg 1024w, http:\/\/aeroclub-abbeville.fr\/wp-content\/uploads\/2022\/06\/289332072_10222258732918511_2116693584593967045_n-480x318.jpg 480w, http:\/\/aeroclub-abbeville.fr\/wp-content\/uploads\/2022\/06\/289332072_10222258732918511_2116693584593967045_n-768x509.jpg 768w, http:\/\/aeroclub-abbeville.fr\/wp-content\/uploads\/2022\/06\/289332072_10222258732918511_2116693584593967045_n-1536x1017.jpg 1536w, http:\/\/aeroclub-abbeville.fr\/wp-content\/uploads\/2022\/06\/289332072_10222258732918511_2116693584593967045_n-624x413.jpg 624w, http:\/\/aeroclub-abbeville.fr\/wp-content\/uploads\/2022\/06\/289332072_10222258732918511_2116693584593967045_n.jpg 2048w\" sizes=\"(max-width: 1024px) 100vw, 1024px\" \/><\/figure>\n\n\n\n<figure class=\"wp-block-image size-large\"><img loading=\"lazy\" decoding=\"async\" width=\"1024\" height=\"678\" data-id=\"5277\" src=\"http:\/\/aeroclub-abbeville.fr\/wp-content\/uploads\/2022\/06\/289288794_10222258728798408_8040432542171232205_n-1024x678.jpg\" alt=\"\" class=\"wp-image-5277\" srcset=\"http:\/\/aeroclub-abbeville.fr\/wp-content\/uploads\/2022\/06\/289288794_10222258728798408_8040432542171232205_n-1024x678.jpg 1024w, http:\/\/aeroclub-abbeville.fr\/wp-content\/uploads\/2022\/06\/289288794_10222258728798408_8040432542171232205_n-480x318.jpg 480w, http:\/\/aeroclub-abbeville.fr\/wp-content\/uploads\/2022\/06\/289288794_10222258728798408_8040432542171232205_n-768x509.jpg 768w, http:\/\/aeroclub-abbeville.fr\/wp-content\/uploads\/2022\/06\/289288794_10222258728798408_8040432542171232205_n-1536x1017.jpg 1536w, http:\/\/aeroclub-abbeville.fr\/wp-content\/uploads\/2022\/06\/289288794_10222258728798408_8040432542171232205_n-624x413.jpg 624w, http:\/\/aeroclub-abbeville.fr\/wp-content\/uploads\/2022\/06\/289288794_10222258728798408_8040432542171232205_n.jpg 2048w\" sizes=\"(max-width: 1024px) 100vw, 1024px\" \/><\/figure>\n\n\n\n<figure class=\"wp-block-image size-large\"><img loading=\"lazy\" decoding=\"async\" width=\"1024\" height=\"678\" data-id=\"5266\" src=\"http:\/\/aeroclub-abbeville.fr\/wp-content\/uploads\/2022\/06\/289220789_10222258715518076_8708707422399614616_n-1024x678.jpg\" alt=\"\" class=\"wp-image-5266\" srcset=\"http:\/\/aeroclub-abbeville.fr\/wp-content\/uploads\/2022\/06\/289220789_10222258715518076_8708707422399614616_n-1024x678.jpg 1024w, http:\/\/aeroclub-abbeville.fr\/wp-content\/uploads\/2022\/06\/289220789_10222258715518076_8708707422399614616_n-480x318.jpg 480w, http:\/\/aeroclub-abbeville.fr\/wp-content\/uploads\/2022\/06\/289220789_10222258715518076_8708707422399614616_n-768x509.jpg 768w, http:\/\/aeroclub-abbeville.fr\/wp-content\/uploads\/2022\/06\/289220789_10222258715518076_8708707422399614616_n-1536x1017.jpg 1536w, http:\/\/aeroclub-abbeville.fr\/wp-content\/uploads\/2022\/06\/289220789_10222258715518076_8708707422399614616_n-624x413.jpg 624w, http:\/\/aeroclub-abbeville.fr\/wp-content\/uploads\/2022\/06\/289220789_10222258715518076_8708707422399614616_n.jpg 2048w\" sizes=\"(max-width: 1024px) 100vw, 1024px\" \/><figcaption class=\"wp-element-caption\">La famille Coleman, petite-ni\u00e8ce et ni\u00e8ce de Bessie.<\/figcaption><\/figure>\n\n\n\n<figure class=\"wp-block-image size-large\"><img loading=\"lazy\" decoding=\"async\" width=\"1024\" height=\"678\" data-id=\"5268\" src=\"http:\/\/aeroclub-abbeville.fr\/wp-content\/uploads\/2022\/06\/289237790_10222258721318221_2920621546831524265_n-1024x678.jpg\" alt=\"\" class=\"wp-image-5268\" srcset=\"http:\/\/aeroclub-abbeville.fr\/wp-content\/uploads\/2022\/06\/289237790_10222258721318221_2920621546831524265_n-1024x678.jpg 1024w, http:\/\/aeroclub-abbeville.fr\/wp-content\/uploads\/2022\/06\/289237790_10222258721318221_2920621546831524265_n-480x318.jpg 480w, http:\/\/aeroclub-abbeville.fr\/wp-content\/uploads\/2022\/06\/289237790_10222258721318221_2920621546831524265_n-768x509.jpg 768w, http:\/\/aeroclub-abbeville.fr\/wp-content\/uploads\/2022\/06\/289237790_10222258721318221_2920621546831524265_n-1536x1017.jpg 1536w, http:\/\/aeroclub-abbeville.fr\/wp-content\/uploads\/2022\/06\/289237790_10222258721318221_2920621546831524265_n-624x413.jpg 624w, http:\/\/aeroclub-abbeville.fr\/wp-content\/uploads\/2022\/06\/289237790_10222258721318221_2920621546831524265_n.jpg 2048w\" sizes=\"(max-width: 1024px) 100vw, 1024px\" \/><\/figure>\n\n\n\n<figure class=\"wp-block-image size-large\"><img loading=\"lazy\" decoding=\"async\" width=\"1024\" height=\"678\" data-id=\"5283\" src=\"http:\/\/aeroclub-abbeville.fr\/wp-content\/uploads\/2022\/06\/289453421_10222258729998438_3924177849116478768_n-1024x678.jpg\" alt=\"\" class=\"wp-image-5283\" srcset=\"http:\/\/aeroclub-abbeville.fr\/wp-content\/uploads\/2022\/06\/289453421_10222258729998438_3924177849116478768_n-1024x678.jpg 1024w, http:\/\/aeroclub-abbeville.fr\/wp-content\/uploads\/2022\/06\/289453421_10222258729998438_3924177849116478768_n-480x318.jpg 480w, http:\/\/aeroclub-abbeville.fr\/wp-content\/uploads\/2022\/06\/289453421_10222258729998438_3924177849116478768_n-768x509.jpg 768w, http:\/\/aeroclub-abbeville.fr\/wp-content\/uploads\/2022\/06\/289453421_10222258729998438_3924177849116478768_n-1536x1017.jpg 1536w, http:\/\/aeroclub-abbeville.fr\/wp-content\/uploads\/2022\/06\/289453421_10222258729998438_3924177849116478768_n-624x413.jpg 624w, http:\/\/aeroclub-abbeville.fr\/wp-content\/uploads\/2022\/06\/289453421_10222258729998438_3924177849116478768_n.jpg 2048w\" sizes=\"(max-width: 1024px) 100vw, 1024px\" \/><\/figure>\n\n\n\n<figure class=\"wp-block-image size-large\"><img loading=\"lazy\" decoding=\"async\" width=\"1024\" height=\"768\" data-id=\"5286\" src=\"http:\/\/aeroclub-abbeville.fr\/wp-content\/uploads\/2022\/06\/DSC01008-1024x768.jpg\" alt=\"\" class=\"wp-image-5286\" srcset=\"http:\/\/aeroclub-abbeville.fr\/wp-content\/uploads\/2022\/06\/DSC01008-1024x768.jpg 1024w, http:\/\/aeroclub-abbeville.fr\/wp-content\/uploads\/2022\/06\/DSC01008-480x360.jpg 480w, http:\/\/aeroclub-abbeville.fr\/wp-content\/uploads\/2022\/06\/DSC01008-768x576.jpg 768w, http:\/\/aeroclub-abbeville.fr\/wp-content\/uploads\/2022\/06\/DSC01008-1536x1152.jpg 1536w, http:\/\/aeroclub-abbeville.fr\/wp-content\/uploads\/2022\/06\/DSC01008-2048x1536.jpg 2048w, http:\/\/aeroclub-abbeville.fr\/wp-content\/uploads\/2022\/06\/DSC01008-624x468.jpg 624w\" sizes=\"(max-width: 1024px) 100vw, 1024px\" \/><\/figure>\n\n\n\n<figure class=\"wp-block-image size-large\"><img loading=\"lazy\" decoding=\"async\" width=\"1024\" height=\"678\" data-id=\"5276\" src=\"http:\/\/aeroclub-abbeville.fr\/wp-content\/uploads\/2022\/06\/289280571_10222258699277670_7506904789141253595_n-1024x678.jpg\" alt=\"\" class=\"wp-image-5276\" srcset=\"http:\/\/aeroclub-abbeville.fr\/wp-content\/uploads\/2022\/06\/289280571_10222258699277670_7506904789141253595_n-1024x678.jpg 1024w, http:\/\/aeroclub-abbeville.fr\/wp-content\/uploads\/2022\/06\/289280571_10222258699277670_7506904789141253595_n-480x318.jpg 480w, http:\/\/aeroclub-abbeville.fr\/wp-content\/uploads\/2022\/06\/289280571_10222258699277670_7506904789141253595_n-768x509.jpg 768w, http:\/\/aeroclub-abbeville.fr\/wp-content\/uploads\/2022\/06\/289280571_10222258699277670_7506904789141253595_n-1536x1017.jpg 1536w, http:\/\/aeroclub-abbeville.fr\/wp-content\/uploads\/2022\/06\/289280571_10222258699277670_7506904789141253595_n-624x413.jpg 624w, http:\/\/aeroclub-abbeville.fr\/wp-content\/uploads\/2022\/06\/289280571_10222258699277670_7506904789141253595_n.jpg 2048w\" sizes=\"(max-width: 1024px) 100vw, 1024px\" \/><\/figure>\n\n\n\n<figure class=\"wp-block-image size-large\"><img loading=\"lazy\" decoding=\"async\" width=\"1024\" height=\"768\" data-id=\"5287\" src=\"http:\/\/aeroclub-abbeville.fr\/wp-content\/uploads\/2022\/06\/DSC01012-1024x768.jpg\" alt=\"\" class=\"wp-image-5287\" srcset=\"http:\/\/aeroclub-abbeville.fr\/wp-content\/uploads\/2022\/06\/DSC01012-1024x768.jpg 1024w, http:\/\/aeroclub-abbeville.fr\/wp-content\/uploads\/2022\/06\/DSC01012-480x360.jpg 480w, http:\/\/aeroclub-abbeville.fr\/wp-content\/uploads\/2022\/06\/DSC01012-768x576.jpg 768w, http:\/\/aeroclub-abbeville.fr\/wp-content\/uploads\/2022\/06\/DSC01012-1536x1152.jpg 1536w, http:\/\/aeroclub-abbeville.fr\/wp-content\/uploads\/2022\/06\/DSC01012-2048x1536.jpg 2048w, http:\/\/aeroclub-abbeville.fr\/wp-content\/uploads\/2022\/06\/DSC01012-624x468.jpg 624w\" sizes=\"(max-width: 1024px) 100vw, 1024px\" \/><\/figure>\n\n\n\n<figure class=\"wp-block-image size-large\"><img loading=\"lazy\" decoding=\"async\" width=\"1024\" height=\"768\" data-id=\"5288\" src=\"http:\/\/aeroclub-abbeville.fr\/wp-content\/uploads\/2022\/06\/DSC01013-1024x768.jpg\" alt=\"\" class=\"wp-image-5288\" srcset=\"http:\/\/aeroclub-abbeville.fr\/wp-content\/uploads\/2022\/06\/DSC01013-1024x768.jpg 1024w, http:\/\/aeroclub-abbeville.fr\/wp-content\/uploads\/2022\/06\/DSC01013-480x360.jpg 480w, http:\/\/aeroclub-abbeville.fr\/wp-content\/uploads\/2022\/06\/DSC01013-768x576.jpg 768w, http:\/\/aeroclub-abbeville.fr\/wp-content\/uploads\/2022\/06\/DSC01013-1536x1152.jpg 1536w, http:\/\/aeroclub-abbeville.fr\/wp-content\/uploads\/2022\/06\/DSC01013-2048x1536.jpg 2048w, http:\/\/aeroclub-abbeville.fr\/wp-content\/uploads\/2022\/06\/DSC01013-624x468.jpg 624w\" sizes=\"(max-width: 1024px) 100vw, 1024px\" \/><\/figure>\n\n\n\n<figure class=\"wp-block-image size-large\"><img loading=\"lazy\" decoding=\"async\" width=\"1024\" height=\"678\" data-id=\"5262\" src=\"http:\/\/aeroclub-abbeville.fr\/wp-content\/uploads\/2022\/06\/289189928_10222258736918611_7916263045068728161_n-1024x678.jpg\" alt=\"\" class=\"wp-image-5262\" srcset=\"http:\/\/aeroclub-abbeville.fr\/wp-content\/uploads\/2022\/06\/289189928_10222258736918611_7916263045068728161_n-1024x678.jpg 1024w, http:\/\/aeroclub-abbeville.fr\/wp-content\/uploads\/2022\/06\/289189928_10222258736918611_7916263045068728161_n-480x318.jpg 480w, http:\/\/aeroclub-abbeville.fr\/wp-content\/uploads\/2022\/06\/289189928_10222258736918611_7916263045068728161_n-768x509.jpg 768w, http:\/\/aeroclub-abbeville.fr\/wp-content\/uploads\/2022\/06\/289189928_10222258736918611_7916263045068728161_n-1536x1017.jpg 1536w, http:\/\/aeroclub-abbeville.fr\/wp-content\/uploads\/2022\/06\/289189928_10222258736918611_7916263045068728161_n-624x413.jpg 624w, http:\/\/aeroclub-abbeville.fr\/wp-content\/uploads\/2022\/06\/289189928_10222258736918611_7916263045068728161_n.jpg 2048w\" sizes=\"(max-width: 1024px) 100vw, 1024px\" \/><\/figure>\n\n\n\n<figure class=\"wp-block-image size-large\"><img loading=\"lazy\" decoding=\"async\" width=\"1024\" height=\"678\" data-id=\"5278\" src=\"http:\/\/aeroclub-abbeville.fr\/wp-content\/uploads\/2022\/06\/289298372_10222258734038539_6830648795647988315_n-1024x678.jpg\" alt=\"\" class=\"wp-image-5278\" srcset=\"http:\/\/aeroclub-abbeville.fr\/wp-content\/uploads\/2022\/06\/289298372_10222258734038539_6830648795647988315_n-1024x678.jpg 1024w, http:\/\/aeroclub-abbeville.fr\/wp-content\/uploads\/2022\/06\/289298372_10222258734038539_6830648795647988315_n-480x318.jpg 480w, http:\/\/aeroclub-abbeville.fr\/wp-content\/uploads\/2022\/06\/289298372_10222258734038539_6830648795647988315_n-768x509.jpg 768w, http:\/\/aeroclub-abbeville.fr\/wp-content\/uploads\/2022\/06\/289298372_10222258734038539_6830648795647988315_n-1536x1017.jpg 1536w, http:\/\/aeroclub-abbeville.fr\/wp-content\/uploads\/2022\/06\/289298372_10222258734038539_6830648795647988315_n-624x413.jpg 624w, http:\/\/aeroclub-abbeville.fr\/wp-content\/uploads\/2022\/06\/289298372_10222258734038539_6830648795647988315_n.jpg 2048w\" sizes=\"(max-width: 1024px) 100vw, 1024px\" \/><figcaption class=\"wp-element-caption\">Monica Smith et Etienne Maquet<\/figcaption><\/figure>\n\n\n\n<figure class=\"wp-block-image size-large\"><img loading=\"lazy\" decoding=\"async\" width=\"1024\" height=\"678\" data-id=\"5274\" src=\"http:\/\/aeroclub-abbeville.fr\/wp-content\/uploads\/2022\/06\/289252144_10222258700277695_6389863803106625540_n-1024x678.jpg\" alt=\"\" class=\"wp-image-5274\" srcset=\"http:\/\/aeroclub-abbeville.fr\/wp-content\/uploads\/2022\/06\/289252144_10222258700277695_6389863803106625540_n-1024x678.jpg 1024w, http:\/\/aeroclub-abbeville.fr\/wp-content\/uploads\/2022\/06\/289252144_10222258700277695_6389863803106625540_n-480x318.jpg 480w, http:\/\/aeroclub-abbeville.fr\/wp-content\/uploads\/2022\/06\/289252144_10222258700277695_6389863803106625540_n-768x509.jpg 768w, http:\/\/aeroclub-abbeville.fr\/wp-content\/uploads\/2022\/06\/289252144_10222258700277695_6389863803106625540_n-1536x1017.jpg 1536w, http:\/\/aeroclub-abbeville.fr\/wp-content\/uploads\/2022\/06\/289252144_10222258700277695_6389863803106625540_n-624x413.jpg 624w, http:\/\/aeroclub-abbeville.fr\/wp-content\/uploads\/2022\/06\/289252144_10222258700277695_6389863803106625540_n.jpg 2048w\" sizes=\"(max-width: 1024px) 100vw, 1024px\" \/><\/figure>\n\n\n\n<figure class=\"wp-block-image size-large\"><img loading=\"lazy\" decoding=\"async\" width=\"1024\" height=\"678\" data-id=\"5264\" src=\"http:\/\/aeroclub-abbeville.fr\/wp-content\/uploads\/2022\/06\/289241863_10222258732478500_1319470063918474662_n-1024x678.jpg\" alt=\"\" class=\"wp-image-5264\" srcset=\"http:\/\/aeroclub-abbeville.fr\/wp-content\/uploads\/2022\/06\/289241863_10222258732478500_1319470063918474662_n-1024x678.jpg 1024w, http:\/\/aeroclub-abbeville.fr\/wp-content\/uploads\/2022\/06\/289241863_10222258732478500_1319470063918474662_n-480x318.jpg 480w, http:\/\/aeroclub-abbeville.fr\/wp-content\/uploads\/2022\/06\/289241863_10222258732478500_1319470063918474662_n-768x509.jpg 768w, http:\/\/aeroclub-abbeville.fr\/wp-content\/uploads\/2022\/06\/289241863_10222258732478500_1319470063918474662_n-1536x1017.jpg 1536w, http:\/\/aeroclub-abbeville.fr\/wp-content\/uploads\/2022\/06\/289241863_10222258732478500_1319470063918474662_n-624x413.jpg 624w, http:\/\/aeroclub-abbeville.fr\/wp-content\/uploads\/2022\/06\/289241863_10222258732478500_1319470063918474662_n.jpg 2048w\" sizes=\"(max-width: 1024px) 100vw, 1024px\" \/><\/figure>\n\n\n\n<figure class=\"wp-block-image size-large\"><img loading=\"lazy\" decoding=\"async\" width=\"1024\" height=\"678\" data-id=\"5279\" src=\"http:\/\/aeroclub-abbeville.fr\/wp-content\/uploads\/2022\/06\/289325316_10222258737398623_5245649525195405646_n-1024x678.jpg\" alt=\"\" class=\"wp-image-5279\" srcset=\"http:\/\/aeroclub-abbeville.fr\/wp-content\/uploads\/2022\/06\/289325316_10222258737398623_5245649525195405646_n-1024x678.jpg 1024w, http:\/\/aeroclub-abbeville.fr\/wp-content\/uploads\/2022\/06\/289325316_10222258737398623_5245649525195405646_n-480x318.jpg 480w, http:\/\/aeroclub-abbeville.fr\/wp-content\/uploads\/2022\/06\/289325316_10222258737398623_5245649525195405646_n-768x509.jpg 768w, http:\/\/aeroclub-abbeville.fr\/wp-content\/uploads\/2022\/06\/289325316_10222258737398623_5245649525195405646_n-1536x1017.jpg 1536w, http:\/\/aeroclub-abbeville.fr\/wp-content\/uploads\/2022\/06\/289325316_10222258737398623_5245649525195405646_n-624x413.jpg 624w, http:\/\/aeroclub-abbeville.fr\/wp-content\/uploads\/2022\/06\/289325316_10222258737398623_5245649525195405646_n.jpg 2048w\" sizes=\"(max-width: 1024px) 100vw, 1024px\" \/><\/figure>\n\n\n\n<figure class=\"wp-block-image size-large\"><img loading=\"lazy\" decoding=\"async\" width=\"1024\" height=\"678\" data-id=\"5281\" src=\"http:\/\/aeroclub-abbeville.fr\/wp-content\/uploads\/2022\/06\/289373374_10222258736478600_6830563619557011406_n-1024x678.jpg\" alt=\"\" class=\"wp-image-5281\" srcset=\"http:\/\/aeroclub-abbeville.fr\/wp-content\/uploads\/2022\/06\/289373374_10222258736478600_6830563619557011406_n-1024x678.jpg 1024w, http:\/\/aeroclub-abbeville.fr\/wp-content\/uploads\/2022\/06\/289373374_10222258736478600_6830563619557011406_n-480x318.jpg 480w, http:\/\/aeroclub-abbeville.fr\/wp-content\/uploads\/2022\/06\/289373374_10222258736478600_6830563619557011406_n-768x509.jpg 768w, http:\/\/aeroclub-abbeville.fr\/wp-content\/uploads\/2022\/06\/289373374_10222258736478600_6830563619557011406_n-1536x1017.jpg 1536w, http:\/\/aeroclub-abbeville.fr\/wp-content\/uploads\/2022\/06\/289373374_10222258736478600_6830563619557011406_n-624x413.jpg 624w, http:\/\/aeroclub-abbeville.fr\/wp-content\/uploads\/2022\/06\/289373374_10222258736478600_6830563619557011406_n.jpg 2048w\" sizes=\"(max-width: 1024px) 100vw, 1024px\" \/><\/figure>\n\n\n\n<figure class=\"wp-block-image size-large\"><img loading=\"lazy\" decoding=\"async\" width=\"1024\" height=\"768\" data-id=\"5304\" src=\"http:\/\/aeroclub-abbeville.fr\/wp-content\/uploads\/2022\/06\/288640885_3230182787258647_1369789529038270232_n-1-1024x768.jpg\" alt=\"\" class=\"wp-image-5304\" srcset=\"http:\/\/aeroclub-abbeville.fr\/wp-content\/uploads\/2022\/06\/288640885_3230182787258647_1369789529038270232_n-1-1024x768.jpg 1024w, http:\/\/aeroclub-abbeville.fr\/wp-content\/uploads\/2022\/06\/288640885_3230182787258647_1369789529038270232_n-1-480x360.jpg 480w, http:\/\/aeroclub-abbeville.fr\/wp-content\/uploads\/2022\/06\/288640885_3230182787258647_1369789529038270232_n-1-768x576.jpg 768w, http:\/\/aeroclub-abbeville.fr\/wp-content\/uploads\/2022\/06\/288640885_3230182787258647_1369789529038270232_n-1-1536x1152.jpg 1536w, http:\/\/aeroclub-abbeville.fr\/wp-content\/uploads\/2022\/06\/288640885_3230182787258647_1369789529038270232_n-1-624x468.jpg 624w, http:\/\/aeroclub-abbeville.fr\/wp-content\/uploads\/2022\/06\/288640885_3230182787258647_1369789529038270232_n-1.jpg 2048w\" sizes=\"(max-width: 1024px) 100vw, 1024px\" \/><figcaption class=\"wp-element-caption\">Sheila Chamberlain, Jacky Thueux, maire de Rue, Gigi Coleman<\/figcaption><\/figure>\n<\/figure>\n\n\n\n<p class=\"has-text-align-center\">Le Cocktail de l\u2019amiti\u00e9 offert par la commune a permis de rencontrer des passionn\u00e9s d\u2019aviation ou d\u2019histoire a\u00e9ronautique, comme Patrick Sadi-Lecointe, petit-neveu de \u00ab l\u2019As \u00bb de l\u2019entre deux guerres, Joseph Sadi-Lecointe, aviateur fran\u00e7ais natif de la r\u00e9gion, qui a \u00e9tabli plusieurs records du monde d&rsquo;altitude et de vitesse et un grand R\u00e9sistant.<br>Il fut le formateur-instructeur en France du fameux Eug\u00e8ne Bullard, pilote noir am\u00e9ricain, de l&rsquo;Escadrille Lafayette, venu se battre \u00e0 nos c\u00f4t\u00e9s lors de la premi\u00e8re guerre mondiale et \u00ab idole \u00bb de Bessie Coleman. C&rsquo;est lui qui lui donna l\u2019envie de devenir aviatrice.<br>Il est amusant de noter que ce m\u00eame Joseph Sadi-Lecointe offrit en 1930 \u00e0 son ami Michel Dor\u00e9 un avion Potez pour d\u00e9marrer sa propre \u00e9cole de pilotage, devenue depuis \u00ab L\u2019A\u00e9roclub d\u2019Abbeville-Buigny-Baie-de-Somme \u00bb.<br>Une merveilleuse co\u00efncidence et une belle rencontre !<br>Le dernier repas picard s&rsquo;est fait pour nos amis am\u00e9ricains au restaurant \u00ab\u00a0Les Aviateurs\u00a0\u00bb au Crotoy.<br>Puis ce fut le retour \u00e0 l&rsquo;h\u00f4tel Caudron et le d\u00e9part pour Paris.<br>Quelle belle aventure !<\/p>\n\n\n\n<figure class=\"wp-block-gallery has-nested-images columns-default is-cropped wp-block-gallery-10 is-layout-flex wp-block-gallery-is-layout-flex\">\n<figure class=\"wp-block-image size-large\"><img loading=\"lazy\" decoding=\"async\" width=\"1024\" height=\"768\" data-id=\"5376\" src=\"http:\/\/aeroclub-abbeville.fr\/wp-content\/uploads\/2022\/06\/IMG_5920-2-1024x768.jpg\" alt=\"\" class=\"wp-image-5376\" srcset=\"http:\/\/aeroclub-abbeville.fr\/wp-content\/uploads\/2022\/06\/IMG_5920-2-1024x768.jpg 1024w, http:\/\/aeroclub-abbeville.fr\/wp-content\/uploads\/2022\/06\/IMG_5920-2-480x360.jpg 480w, http:\/\/aeroclub-abbeville.fr\/wp-content\/uploads\/2022\/06\/IMG_5920-2-768x576.jpg 768w, http:\/\/aeroclub-abbeville.fr\/wp-content\/uploads\/2022\/06\/IMG_5920-2-1536x1152.jpg 1536w, http:\/\/aeroclub-abbeville.fr\/wp-content\/uploads\/2022\/06\/IMG_5920-2-2048x1536.jpg 2048w, http:\/\/aeroclub-abbeville.fr\/wp-content\/uploads\/2022\/06\/IMG_5920-2-624x468.jpg 624w\" sizes=\"(max-width: 1024px) 100vw, 1024px\" \/><\/figure>\n\n\n\n<figure class=\"wp-block-image size-large\"><img loading=\"lazy\" decoding=\"async\" width=\"768\" height=\"1024\" data-id=\"5377\" src=\"http:\/\/aeroclub-abbeville.fr\/wp-content\/uploads\/2022\/06\/IMG_2923-768x1024.jpg\" alt=\"\" class=\"wp-image-5377\" srcset=\"http:\/\/aeroclub-abbeville.fr\/wp-content\/uploads\/2022\/06\/IMG_2923-768x1024.jpg 768w, http:\/\/aeroclub-abbeville.fr\/wp-content\/uploads\/2022\/06\/IMG_2923-360x480.jpg 360w, http:\/\/aeroclub-abbeville.fr\/wp-content\/uploads\/2022\/06\/IMG_2923-1152x1536.jpg 1152w, http:\/\/aeroclub-abbeville.fr\/wp-content\/uploads\/2022\/06\/IMG_2923-1536x2048.jpg 1536w, http:\/\/aeroclub-abbeville.fr\/wp-content\/uploads\/2022\/06\/IMG_2923-624x832.jpg 624w, http:\/\/aeroclub-abbeville.fr\/wp-content\/uploads\/2022\/06\/IMG_2923-scaled.jpg 1920w\" sizes=\"(max-width: 768px) 100vw, 768px\" \/><\/figure>\n\n\n\n<figure class=\"wp-block-image size-large\"><img loading=\"lazy\" decoding=\"async\" width=\"768\" height=\"1024\" data-id=\"5378\" src=\"http:\/\/aeroclub-abbeville.fr\/wp-content\/uploads\/2022\/06\/IMG_5911-768x1024.jpg\" alt=\"\" class=\"wp-image-5378\" srcset=\"http:\/\/aeroclub-abbeville.fr\/wp-content\/uploads\/2022\/06\/IMG_5911-768x1024.jpg 768w, http:\/\/aeroclub-abbeville.fr\/wp-content\/uploads\/2022\/06\/IMG_5911-360x480.jpg 360w, http:\/\/aeroclub-abbeville.fr\/wp-content\/uploads\/2022\/06\/IMG_5911-1152x1536.jpg 1152w, http:\/\/aeroclub-abbeville.fr\/wp-content\/uploads\/2022\/06\/IMG_5911-1536x2048.jpg 1536w, http:\/\/aeroclub-abbeville.fr\/wp-content\/uploads\/2022\/06\/IMG_5911-624x832.jpg 624w, http:\/\/aeroclub-abbeville.fr\/wp-content\/uploads\/2022\/06\/IMG_5911-scaled.jpg 1920w\" sizes=\"(max-width: 768px) 100vw, 768px\" \/><figcaption class=\"wp-element-caption\">Avec G\u00e9rard Mercier, Pilote<\/figcaption><\/figure>\n\n\n\n<figure class=\"wp-block-image size-large\"><img loading=\"lazy\" decoding=\"async\" width=\"768\" height=\"1024\" data-id=\"5379\" src=\"http:\/\/aeroclub-abbeville.fr\/wp-content\/uploads\/2022\/06\/IMG_5900-768x1024.jpg\" alt=\"\" class=\"wp-image-5379\" srcset=\"http:\/\/aeroclub-abbeville.fr\/wp-content\/uploads\/2022\/06\/IMG_5900-768x1024.jpg 768w, http:\/\/aeroclub-abbeville.fr\/wp-content\/uploads\/2022\/06\/IMG_5900-360x480.jpg 360w, http:\/\/aeroclub-abbeville.fr\/wp-content\/uploads\/2022\/06\/IMG_5900-1152x1536.jpg 1152w, http:\/\/aeroclub-abbeville.fr\/wp-content\/uploads\/2022\/06\/IMG_5900-1536x2048.jpg 1536w, http:\/\/aeroclub-abbeville.fr\/wp-content\/uploads\/2022\/06\/IMG_5900-624x832.jpg 624w, http:\/\/aeroclub-abbeville.fr\/wp-content\/uploads\/2022\/06\/IMG_5900-scaled.jpg 1920w\" sizes=\"(max-width: 768px) 100vw, 768px\" \/><figcaption class=\"wp-element-caption\">Avec Jacky Thueux, Maire de Rue et Jean-Pierre Lignier, Pr\u00e9sident de l&rsquo;A\u00e9roclub d&rsquo;Abbeville<\/figcaption><\/figure>\n\n\n\n<figure class=\"wp-block-image size-large\"><img loading=\"lazy\" decoding=\"async\" width=\"768\" height=\"1024\" data-id=\"5380\" src=\"http:\/\/aeroclub-abbeville.fr\/wp-content\/uploads\/2022\/06\/IMG_5906-768x1024.jpg\" alt=\"\" class=\"wp-image-5380\" srcset=\"http:\/\/aeroclub-abbeville.fr\/wp-content\/uploads\/2022\/06\/IMG_5906-768x1024.jpg 768w, http:\/\/aeroclub-abbeville.fr\/wp-content\/uploads\/2022\/06\/IMG_5906-360x480.jpg 360w, http:\/\/aeroclub-abbeville.fr\/wp-content\/uploads\/2022\/06\/IMG_5906-1152x1536.jpg 1152w, http:\/\/aeroclub-abbeville.fr\/wp-content\/uploads\/2022\/06\/IMG_5906-1536x2048.jpg 1536w, http:\/\/aeroclub-abbeville.fr\/wp-content\/uploads\/2022\/06\/IMG_5906-624x832.jpg 624w, http:\/\/aeroclub-abbeville.fr\/wp-content\/uploads\/2022\/06\/IMG_5906-scaled.jpg 1920w\" sizes=\"(max-width: 768px) 100vw, 768px\" \/><figcaption class=\"wp-element-caption\">Cette affiche officielle sign\u00e9e de tous sera remise au Smithsonian Institut <\/figcaption><\/figure>\n\n\n\n<figure class=\"wp-block-image size-large\"><img loading=\"lazy\" decoding=\"async\" width=\"768\" height=\"1024\" data-id=\"5302\" src=\"http:\/\/aeroclub-abbeville.fr\/wp-content\/uploads\/2022\/06\/DSC01016-2-768x1024.jpg\" alt=\"\" class=\"wp-image-5302\" srcset=\"http:\/\/aeroclub-abbeville.fr\/wp-content\/uploads\/2022\/06\/DSC01016-2-768x1024.jpg 768w, http:\/\/aeroclub-abbeville.fr\/wp-content\/uploads\/2022\/06\/DSC01016-2-360x480.jpg 360w, http:\/\/aeroclub-abbeville.fr\/wp-content\/uploads\/2022\/06\/DSC01016-2-1152x1536.jpg 1152w, http:\/\/aeroclub-abbeville.fr\/wp-content\/uploads\/2022\/06\/DSC01016-2-1536x2048.jpg 1536w, http:\/\/aeroclub-abbeville.fr\/wp-content\/uploads\/2022\/06\/DSC01016-2-624x832.jpg 624w, http:\/\/aeroclub-abbeville.fr\/wp-content\/uploads\/2022\/06\/DSC01016-2-scaled.jpg 1920w\" sizes=\"(max-width: 768px) 100vw, 768px\" \/><figcaption class=\"wp-element-caption\">Patrick Sadi-Lecointe et Dr. Sheila Chamberlain<\/figcaption><\/figure>\n\n\n\n<figure class=\"wp-block-image size-large\"><img loading=\"lazy\" decoding=\"async\" width=\"768\" height=\"1024\" data-id=\"5295\" src=\"http:\/\/aeroclub-abbeville.fr\/wp-content\/uploads\/2022\/06\/288496743_3230182263925366_3782193324615275131_n-768x1024.jpg\" alt=\"\" class=\"wp-image-5295\" srcset=\"http:\/\/aeroclub-abbeville.fr\/wp-content\/uploads\/2022\/06\/288496743_3230182263925366_3782193324615275131_n-768x1024.jpg 768w, http:\/\/aeroclub-abbeville.fr\/wp-content\/uploads\/2022\/06\/288496743_3230182263925366_3782193324615275131_n-360x480.jpg 360w, http:\/\/aeroclub-abbeville.fr\/wp-content\/uploads\/2022\/06\/288496743_3230182263925366_3782193324615275131_n-1152x1536.jpg 1152w, http:\/\/aeroclub-abbeville.fr\/wp-content\/uploads\/2022\/06\/288496743_3230182263925366_3782193324615275131_n-624x832.jpg 624w, http:\/\/aeroclub-abbeville.fr\/wp-content\/uploads\/2022\/06\/288496743_3230182263925366_3782193324615275131_n.jpg 1536w\" sizes=\"(max-width: 768px) 100vw, 768px\" \/><figcaption class=\"wp-element-caption\">Le restaurant \u00ab\u00a0Les Aviateurs\u00a0\u00bb au Crotoy<\/figcaption><\/figure>\n\n\n\n<figure class=\"wp-block-image size-large\"><img loading=\"lazy\" decoding=\"async\" width=\"768\" height=\"1024\" data-id=\"5297\" src=\"http:\/\/aeroclub-abbeville.fr\/wp-content\/uploads\/2022\/06\/289029129_3230182327258693_5219455708275268169_n-768x1024.jpg\" alt=\"\" class=\"wp-image-5297\" srcset=\"http:\/\/aeroclub-abbeville.fr\/wp-content\/uploads\/2022\/06\/289029129_3230182327258693_5219455708275268169_n-768x1024.jpg 768w, http:\/\/aeroclub-abbeville.fr\/wp-content\/uploads\/2022\/06\/289029129_3230182327258693_5219455708275268169_n-360x480.jpg 360w, http:\/\/aeroclub-abbeville.fr\/wp-content\/uploads\/2022\/06\/289029129_3230182327258693_5219455708275268169_n-1152x1536.jpg 1152w, http:\/\/aeroclub-abbeville.fr\/wp-content\/uploads\/2022\/06\/289029129_3230182327258693_5219455708275268169_n-624x832.jpg 624w, http:\/\/aeroclub-abbeville.fr\/wp-content\/uploads\/2022\/06\/289029129_3230182327258693_5219455708275268169_n.jpg 1536w\" sizes=\"(max-width: 768px) 100vw, 768px\" \/><\/figure>\n\n\n\n<figure class=\"wp-block-image size-large\"><img loading=\"lazy\" decoding=\"async\" width=\"1024\" height=\"768\" data-id=\"5294\" src=\"http:\/\/aeroclub-abbeville.fr\/wp-content\/uploads\/2022\/06\/288425400_3230182747258651_4193474393628906986_n-1024x768.jpg\" alt=\"\" class=\"wp-image-5294\" srcset=\"http:\/\/aeroclub-abbeville.fr\/wp-content\/uploads\/2022\/06\/288425400_3230182747258651_4193474393628906986_n-1024x768.jpg 1024w, http:\/\/aeroclub-abbeville.fr\/wp-content\/uploads\/2022\/06\/288425400_3230182747258651_4193474393628906986_n-480x360.jpg 480w, http:\/\/aeroclub-abbeville.fr\/wp-content\/uploads\/2022\/06\/288425400_3230182747258651_4193474393628906986_n-768x576.jpg 768w, http:\/\/aeroclub-abbeville.fr\/wp-content\/uploads\/2022\/06\/288425400_3230182747258651_4193474393628906986_n-1536x1152.jpg 1536w, http:\/\/aeroclub-abbeville.fr\/wp-content\/uploads\/2022\/06\/288425400_3230182747258651_4193474393628906986_n-624x468.jpg 624w, http:\/\/aeroclub-abbeville.fr\/wp-content\/uploads\/2022\/06\/288425400_3230182747258651_4193474393628906986_n.jpg 2048w\" sizes=\"(max-width: 1024px) 100vw, 1024px\" \/><figcaption class=\"wp-element-caption\">June, ni\u00e8ce de Bessie Coleman et sa belle-fille Karen<\/figcaption><\/figure>\n\n\n\n<figure class=\"wp-block-image size-large\"><img loading=\"lazy\" decoding=\"async\" width=\"1024\" height=\"768\" data-id=\"5296\" src=\"http:\/\/aeroclub-abbeville.fr\/wp-content\/uploads\/2022\/06\/288711750_3230182233925369_3075491737131200896_n-1024x768.jpg\" alt=\"\" class=\"wp-image-5296\" srcset=\"http:\/\/aeroclub-abbeville.fr\/wp-content\/uploads\/2022\/06\/288711750_3230182233925369_3075491737131200896_n-1024x768.jpg 1024w, http:\/\/aeroclub-abbeville.fr\/wp-content\/uploads\/2022\/06\/288711750_3230182233925369_3075491737131200896_n-480x360.jpg 480w, http:\/\/aeroclub-abbeville.fr\/wp-content\/uploads\/2022\/06\/288711750_3230182233925369_3075491737131200896_n-768x576.jpg 768w, http:\/\/aeroclub-abbeville.fr\/wp-content\/uploads\/2022\/06\/288711750_3230182233925369_3075491737131200896_n-1536x1152.jpg 1536w, http:\/\/aeroclub-abbeville.fr\/wp-content\/uploads\/2022\/06\/288711750_3230182233925369_3075491737131200896_n-624x468.jpg 624w, http:\/\/aeroclub-abbeville.fr\/wp-content\/uploads\/2022\/06\/288711750_3230182233925369_3075491737131200896_n.jpg 2048w\" sizes=\"(max-width: 1024px) 100vw, 1024px\" \/><figcaption class=\"wp-element-caption\">Le Groupe au Complet avant le d\u00e9part<\/figcaption><\/figure>\n<\/figure>\n\n\n\n<p class=\"has-text-align-center\">Mme et Mr Yvert, propri\u00e9taires de l&rsquo;H\u00f4tel CAUDRON \u00e0 Rue, ont accueilli tout le groupe avec leur gentillesse, leur disponibilit\u00e9 et leur comp\u00e9tence pendant ce s\u00e9jour. Nous les en remercions.<\/p>\n\n\n\n<figure class=\"wp-block-gallery has-nested-images columns-default is-cropped wp-block-gallery-11 is-layout-flex wp-block-gallery-is-layout-flex\">\n<figure class=\"wp-block-image size-large\"><img loading=\"lazy\" decoding=\"async\" width=\"960\" height=\"720\" data-id=\"5299\" src=\"http:\/\/aeroclub-abbeville.fr\/wp-content\/uploads\/2022\/06\/289618049_3234701256806800_6009831831712963545_n.jpg\" alt=\"\" class=\"wp-image-5299\" srcset=\"http:\/\/aeroclub-abbeville.fr\/wp-content\/uploads\/2022\/06\/289618049_3234701256806800_6009831831712963545_n.jpg 960w, http:\/\/aeroclub-abbeville.fr\/wp-content\/uploads\/2022\/06\/289618049_3234701256806800_6009831831712963545_n-480x360.jpg 480w, http:\/\/aeroclub-abbeville.fr\/wp-content\/uploads\/2022\/06\/289618049_3234701256806800_6009831831712963545_n-768x576.jpg 768w, http:\/\/aeroclub-abbeville.fr\/wp-content\/uploads\/2022\/06\/289618049_3234701256806800_6009831831712963545_n-624x468.jpg 624w\" sizes=\"(max-width: 960px) 100vw, 960px\" \/><\/figure>\n\n\n\n<figure class=\"wp-block-image size-large\"><img loading=\"lazy\" decoding=\"async\" width=\"960\" height=\"720\" data-id=\"5300\" src=\"http:\/\/aeroclub-abbeville.fr\/wp-content\/uploads\/2022\/06\/289656868_3234698920140367_2669173573086036559_n.jpg\" alt=\"\" class=\"wp-image-5300\" srcset=\"http:\/\/aeroclub-abbeville.fr\/wp-content\/uploads\/2022\/06\/289656868_3234698920140367_2669173573086036559_n.jpg 960w, http:\/\/aeroclub-abbeville.fr\/wp-content\/uploads\/2022\/06\/289656868_3234698920140367_2669173573086036559_n-480x360.jpg 480w, http:\/\/aeroclub-abbeville.fr\/wp-content\/uploads\/2022\/06\/289656868_3234698920140367_2669173573086036559_n-768x576.jpg 768w, http:\/\/aeroclub-abbeville.fr\/wp-content\/uploads\/2022\/06\/289656868_3234698920140367_2669173573086036559_n-624x468.jpg 624w\" sizes=\"(max-width: 960px) 100vw, 960px\" \/><\/figure>\n<\/figure>\n\n\n\n<p><strong>LE FUTUR<\/strong><\/p>\n\n\n\n<p class=\"has-text-align-center\">Nous n\u2019avons pas assez de mots pour \u00e9voquer tous les moments forts de ces trois jours en compagnie de nos amis du bout du monde.<br>Mais le flot des souvenirs, des \u00e9motions, des photos, des \u00e9changes et des partages cr\u00e9era ce \u00ab pont transatlantique \u00bb porteur de projets d\u2019avenir entre nos deux nations, encore une fois gr\u00e2ce \u00e0 Queen Bess !<br>Merci \u00e0 vous tous de nous avoir permis de vivre nos r\u00eaves !<br><\/p>\n\n\n\n<p class=\"has-text-align-center\">Fran\u00e7oise Sockeel<\/p>\n\n\n\n<figure class=\"wp-block-image size-large\"><img loading=\"lazy\" decoding=\"async\" width=\"1024\" height=\"612\" src=\"http:\/\/aeroclub-abbeville.fr\/wp-content\/uploads\/2022\/07\/Journal-dAbbeville-22-juin-2022-Rue-salle-Bessie-Coleman-1024x612.png\" alt=\"\" class=\"wp-image-5391\" srcset=\"http:\/\/aeroclub-abbeville.fr\/wp-content\/uploads\/2022\/07\/Journal-dAbbeville-22-juin-2022-Rue-salle-Bessie-Coleman-1024x612.png 1024w, http:\/\/aeroclub-abbeville.fr\/wp-content\/uploads\/2022\/07\/Journal-dAbbeville-22-juin-2022-Rue-salle-Bessie-Coleman-480x287.png 480w, http:\/\/aeroclub-abbeville.fr\/wp-content\/uploads\/2022\/07\/Journal-dAbbeville-22-juin-2022-Rue-salle-Bessie-Coleman-768x459.png 768w, http:\/\/aeroclub-abbeville.fr\/wp-content\/uploads\/2022\/07\/Journal-dAbbeville-22-juin-2022-Rue-salle-Bessie-Coleman-624x373.png 624w, http:\/\/aeroclub-abbeville.fr\/wp-content\/uploads\/2022\/07\/Journal-dAbbeville-22-juin-2022-Rue-salle-Bessie-Coleman.png 1488w\" sizes=\"(max-width: 1024px) 100vw, 1024px\" \/><\/figure>\n\n\n\n<p> <\/p>\n\n\n\n<p>Cr\u00e9dits Photos : Gigi Coleman, Bruno Cozette, Vincent D\u00e9taille, Jeanine Sadi-Lecointe, Philippe Sall\u00e9, Fran\u00e7oise Sockeel.<\/p>\n\n\n\n<p>Tous nos remerciements vont \u00e0 nos amis b\u00e9n\u00e9voles et adh\u00e9rents de l&rsquo;A\u00e9roclub d&rsquo;Abbeville, aux mairies des Villes-Partenaires : Abbeville, Le Crotoy, Rue, aux salari\u00e9s du Mus\u00e9e des Fr\u00e8res Caudron, aux h\u00f4tel et restaurants impliqu\u00e9s et \u00e0 tous ceux qui nous ont apport\u00e9 leur aide morale et pratique pendant le s\u00e9jour de nos invit\u00e9s. <br>Un Merci particulier \u00e0 mon mari Pascal pour sa patience,<br>\u00e0 Mme Jeaneen Johnson-Zanif\u00e9, des Democrats Abroads de Toulouse, notre interpr\u00e8te quasi-personnelle, pour sa patience et sa disponibilit\u00e9,<br>\u00e0 Olivier Sarrazin pour son aide si fid\u00e8le,<br>\u00e0 notre Pr\u00e9sident Jean-Pierre Lignier, <br>\u00e0 nos pilotes d&rsquo;avions, chauffeurs et guides: Fran\u00e7ois Duvollet, G\u00e9rard Mercier, Daniel Tellier, William Godefroy,<br>\u00e0 nos aides pr\u00e9cieux: Nicolas Bleuse, Jean-Yves Chuette, Bruno Cozette, Vincent D\u00e9taille, Val\u00e9ry et Axel H\u00e9nocque, Alexandre et Laure Le Benoist et \u00c8ve, Guillaume Pruvost, Philippe Soulas, Laurent Thommeret, <br>\u00e0 Karine Bellard, Johann Rauch, Virginie et Robin de l&rsquo;OT, <br>\u00e0 l&rsquo;AFFP,<br>etc &#8230; et pardon pour tous ceux que j&rsquo;ai oubli\u00e9 de citer.<\/p>\n\n\n\n<figure class=\"wp-block-gallery has-nested-images columns-default is-cropped wp-block-gallery-12 is-layout-flex wp-block-gallery-is-layout-flex\">\n<figure class=\"wp-block-image size-large\"><img loading=\"lazy\" decoding=\"async\" width=\"1024\" height=\"678\" data-id=\"5319\" src=\"http:\/\/aeroclub-abbeville.fr\/wp-content\/uploads\/2022\/06\/289150897_10222258722438249_4051000587914369584_n-1024x678.jpg\" alt=\"\" class=\"wp-image-5319\" srcset=\"http:\/\/aeroclub-abbeville.fr\/wp-content\/uploads\/2022\/06\/289150897_10222258722438249_4051000587914369584_n-1024x678.jpg 1024w, http:\/\/aeroclub-abbeville.fr\/wp-content\/uploads\/2022\/06\/289150897_10222258722438249_4051000587914369584_n-480x318.jpg 480w, http:\/\/aeroclub-abbeville.fr\/wp-content\/uploads\/2022\/06\/289150897_10222258722438249_4051000587914369584_n-768x509.jpg 768w, http:\/\/aeroclub-abbeville.fr\/wp-content\/uploads\/2022\/06\/289150897_10222258722438249_4051000587914369584_n-1536x1017.jpg 1536w, http:\/\/aeroclub-abbeville.fr\/wp-content\/uploads\/2022\/06\/289150897_10222258722438249_4051000587914369584_n-624x413.jpg 624w, http:\/\/aeroclub-abbeville.fr\/wp-content\/uploads\/2022\/06\/289150897_10222258722438249_4051000587914369584_n.jpg 2048w\" sizes=\"(max-width: 1024px) 100vw, 1024px\" \/><\/figure>\n<\/figure>\n","protected":false},"excerpt":{"rendered":"<p>Du Lundi 13 Juin 2022 au Mercredi 15 Juin 2022 Bessie Coleman, 100 ans apr\u00e8s, par del\u00e0 le Pass\u00e9,Par del\u00e0 l\u2019Oc\u00e9an, une rencontre au Pr\u00e9sent !L\u2019Aviation,Une Histoire d\u2019Amiti\u00e9,Une Histoire de Passion ! LE PASS\u00c9 L\u2019Histoire, Le Projet : Du 15 Juin 2021 au 15 Juin 2022 Comm\u00e9moration du 100e anniversaire pour Elizabeth (Queen Bessie) Coleman,Premi\u00e8re [&hellip;]<\/p>\n","protected":false},"author":211,"featured_media":0,"comment_status":"open","ping_status":"closed","sticky":false,"template":"","format":"standard","meta":{"inline_featured_image":false,"footnotes":""},"categories":[20,21,2,22,3,6,7,8,26,11,13,14,17,18,19],"tags":[],"class_list":["post-5192","post","type-post","status-publish","format-standard","hentry","category-actualites","category-arrosages-fetes","category-avion","category-bia","category-club","category-formation","category-formation_avion","category-formation_planeur","category-histoire","category-manifestations","category-planeur","category-presse","category-ulm","category-vie-du-club","category-vol-a-voile"],"_links":{"self":[{"href":"http:\/\/aeroclub-abbeville.fr\/index.php?rest_route=\/wp\/v2\/posts\/5192","targetHints":{"allow":["GET"]}}],"collection":[{"href":"http:\/\/aeroclub-abbeville.fr\/index.php?rest_route=\/wp\/v2\/posts"}],"about":[{"href":"http:\/\/aeroclub-abbeville.fr\/index.php?rest_route=\/wp\/v2\/types\/post"}],"author":[{"embeddable":true,"href":"http:\/\/aeroclub-abbeville.fr\/index.php?rest_route=\/wp\/v2\/users\/211"}],"replies":[{"embeddable":true,"href":"http:\/\/aeroclub-abbeville.fr\/index.php?rest_route=%2Fwp%2Fv2%2Fcomments&post=5192"}],"version-history":[{"count":64,"href":"http:\/\/aeroclub-abbeville.fr\/index.php?rest_route=\/wp\/v2\/posts\/5192\/revisions"}],"predecessor-version":[{"id":6618,"href":"http:\/\/aeroclub-abbeville.fr\/index.php?rest_route=\/wp\/v2\/posts\/5192\/revisions\/6618"}],"wp:attachment":[{"href":"http:\/\/aeroclub-abbeville.fr\/index.php?rest_route=%2Fwp%2Fv2%2Fmedia&parent=5192"}],"wp:term":[{"taxonomy":"category","embeddable":true,"href":"http:\/\/aeroclub-abbeville.fr\/index.php?rest_route=%2Fwp%2Fv2%2Fcategories&post=5192"},{"taxonomy":"post_tag","embeddable":true,"href":"http:\/\/aeroclub-abbeville.fr\/index.php?rest_route=%2Fwp%2Fv2%2Ftags&post=5192"}],"curies":[{"name":"wp","href":"https:\/\/api.w.org\/{rel}","templated":true}]}}