{"id":5397,"date":"2022-07-04T10:03:17","date_gmt":"2022-07-04T09:03:17","guid":{"rendered":"http:\/\/aeroclub-abbeville.fr\/?p=5397"},"modified":"2022-07-04T10:48:53","modified_gmt":"2022-07-04T09:48:53","slug":"abbeville-i-can-fly-abbeville-alex-touch-the-sky","status":"publish","type":"post","link":"http:\/\/aeroclub-abbeville.fr\/?p=5397","title":{"rendered":"Abbeville, i can fly ! Abbeville, Alex touch the Sky !"},"content":{"rendered":"\n<p>Le 4 Juillet 2022<\/p>\n\n\n\n<p class=\"has-text-align-center\">Alexandre Fierain, la conjugaison du r\u00eave !<br>Je r\u00eave, tu oses, il vole, nous planons, vous participez, ils gagnent !<\/p>\n\n\n\n<figure class=\"wp-block-gallery columns-2 is-cropped wp-block-gallery-1 is-layout-flex wp-block-gallery-is-layout-flex\"><ul class=\"blocks-gallery-grid\"><li class=\"blocks-gallery-item\"><figure><img fetchpriority=\"high\" decoding=\"async\" width=\"414\" height=\"414\" src=\"http:\/\/aeroclub-abbeville.fr\/wp-content\/uploads\/2022\/07\/221811939_944109056154927_1860042989256067475_n.jpg\" alt=\"\" data-id=\"5398\" class=\"wp-image-5398\" srcset=\"http:\/\/aeroclub-abbeville.fr\/wp-content\/uploads\/2022\/07\/221811939_944109056154927_1860042989256067475_n.jpg 414w, http:\/\/aeroclub-abbeville.fr\/wp-content\/uploads\/2022\/07\/221811939_944109056154927_1860042989256067475_n-150x150.jpg 150w\" sizes=\"(max-width: 414px) 100vw, 414px\" \/><\/figure><\/li><li class=\"blocks-gallery-item\"><figure><img decoding=\"async\" width=\"1080\" height=\"1748\" src=\"http:\/\/aeroclub-abbeville.fr\/wp-content\/uploads\/2022\/07\/FB_IMG_1656924516058.jpg\" alt=\"\" data-id=\"5408\" data-full-url=\"http:\/\/aeroclub-abbeville.fr\/wp-content\/uploads\/2022\/07\/FB_IMG_1656924516058.jpg\" data-link=\"http:\/\/aeroclub-abbeville.fr\/?attachment_id=5408\" class=\"wp-image-5408\" srcset=\"http:\/\/aeroclub-abbeville.fr\/wp-content\/uploads\/2022\/07\/FB_IMG_1656924516058.jpg 1080w, http:\/\/aeroclub-abbeville.fr\/wp-content\/uploads\/2022\/07\/FB_IMG_1656924516058-297x480.jpg 297w, http:\/\/aeroclub-abbeville.fr\/wp-content\/uploads\/2022\/07\/FB_IMG_1656924516058-633x1024.jpg 633w, http:\/\/aeroclub-abbeville.fr\/wp-content\/uploads\/2022\/07\/FB_IMG_1656924516058-768x1243.jpg 768w, http:\/\/aeroclub-abbeville.fr\/wp-content\/uploads\/2022\/07\/FB_IMG_1656924516058-949x1536.jpg 949w, http:\/\/aeroclub-abbeville.fr\/wp-content\/uploads\/2022\/07\/FB_IMG_1656924516058-624x1010.jpg 624w\" sizes=\"(max-width: 1080px) 100vw, 1080px\" \/><\/figure><\/li><\/ul><figcaption class=\"blocks-gallery-caption\"><br><\/figcaption><\/figure>\n\n\n\n<p class=\"has-text-align-center\">Alexandre Fierain, notre V\u00e9livole Abbevillois, participe au championnat de Pologne en classe club \u00e0 Ostrow avec une partie de l&rsquo;\u00e9quipe de France Junior.<\/p>\n\n\n\n<p class=\"has-text-align-center\">Ce concours fait partie de leur programme d&rsquo;entrainement avant les championnats du monde junior \u00e0 Tabor en Tch\u00e9quie.<\/p>\n\n\n\n<p class=\"has-text-align-center\">Il reste une semaine de concours, mais il a gagn\u00e9 la premi\u00e8re \u00e9preuve.<\/p>\n\n\n\n<p class=\"has-text-align-center\">Classement ici :&nbsp;<a href=\"https:\/\/www.soaringspot.com\/en_gb\/ostrow-glide-2022-07\/results\/club-a-regionals\/task-2-on-2022-07-02\/daily\" target=\"_blank\" rel=\"noreferrer noopener\">https:\/\/www.soaringspot.com\/en_gb\/ostrow-glide-2022-07\/results\/club-a-regionals\/task-2-on-2022-07-02\/daily<\/a><\/p>\n\n\n\n<p class=\"has-text-align-center\">On remarque que les pilotes sont inscrits au nom de leur club d&rsquo;origine, les couleurs d&rsquo;Abbeville sont donc pr\u00e9sentes dans cette r\u00e9gion de Pologne.<\/p>\n\n\n\n<p class=\"has-text-align-center\">Avec Guillaume, son p\u00e8re, lui-m\u00eame v\u00e9livole aguerri de l&rsquo;A\u00e9roclub, il en profite aussi pour remercier le club et tous les sponsors institutionnels et entreprises qui ont bien voulu participer \u00e0 cette aventure.<\/p>\n\n\n\n<figure class=\"wp-block-gallery columns-2 is-cropped wp-block-gallery-2 is-layout-flex wp-block-gallery-is-layout-flex\"><ul class=\"blocks-gallery-grid\"><li class=\"blocks-gallery-item\"><figure><img decoding=\"async\" width=\"1024\" height=\"683\" src=\"http:\/\/aeroclub-abbeville.fr\/wp-content\/uploads\/2022\/07\/De\u0301collage-1ere-e\u0301preuve-1024x683.jpg\" alt=\"\" data-id=\"5400\" class=\"wp-image-5400\" srcset=\"http:\/\/aeroclub-abbeville.fr\/wp-content\/uploads\/2022\/07\/De\u0301collage-1ere-e\u0301preuve-1024x683.jpg 1024w, http:\/\/aeroclub-abbeville.fr\/wp-content\/uploads\/2022\/07\/De\u0301collage-1ere-e\u0301preuve-480x320.jpg 480w, http:\/\/aeroclub-abbeville.fr\/wp-content\/uploads\/2022\/07\/De\u0301collage-1ere-e\u0301preuve-768x512.jpg 768w, http:\/\/aeroclub-abbeville.fr\/wp-content\/uploads\/2022\/07\/De\u0301collage-1ere-e\u0301preuve-1536x1024.jpg 1536w, http:\/\/aeroclub-abbeville.fr\/wp-content\/uploads\/2022\/07\/De\u0301collage-1ere-e\u0301preuve-624x416.jpg 624w, http:\/\/aeroclub-abbeville.fr\/wp-content\/uploads\/2022\/07\/De\u0301collage-1ere-e\u0301preuve.jpg 2048w\" sizes=\"(max-width: 1024px) 100vw, 1024px\" \/><\/figure><\/li><li class=\"blocks-gallery-item\"><figure><img loading=\"lazy\" decoding=\"async\" width=\"960\" height=\"640\" src=\"http:\/\/aeroclub-abbeville.fr\/wp-content\/uploads\/2022\/07\/photo-sponsoring-2022.jpg\" alt=\"\" data-id=\"5401\" data-link=\"http:\/\/aeroclub-abbeville.fr\/?attachment_id=5401\" class=\"wp-image-5401\" srcset=\"http:\/\/aeroclub-abbeville.fr\/wp-content\/uploads\/2022\/07\/photo-sponsoring-2022.jpg 960w, http:\/\/aeroclub-abbeville.fr\/wp-content\/uploads\/2022\/07\/photo-sponsoring-2022-480x320.jpg 480w, http:\/\/aeroclub-abbeville.fr\/wp-content\/uploads\/2022\/07\/photo-sponsoring-2022-768x512.jpg 768w, http:\/\/aeroclub-abbeville.fr\/wp-content\/uploads\/2022\/07\/photo-sponsoring-2022-624x416.jpg 624w\" sizes=\"(max-width: 960px) 100vw, 960px\" \/><\/figure><\/li><\/ul><\/figure>\n\n\n\n<figure class=\"wp-block-image size-large\"><img loading=\"lazy\" decoding=\"async\" width=\"1024\" height=\"683\" src=\"http:\/\/aeroclub-abbeville.fr\/wp-content\/uploads\/2022\/07\/Podium-1e\u0301re-e\u0301preuve-1-1024x683.jpg\" alt=\"\" class=\"wp-image-5407\" srcset=\"http:\/\/aeroclub-abbeville.fr\/wp-content\/uploads\/2022\/07\/Podium-1e\u0301re-e\u0301preuve-1-1024x683.jpg 1024w, http:\/\/aeroclub-abbeville.fr\/wp-content\/uploads\/2022\/07\/Podium-1e\u0301re-e\u0301preuve-1-480x320.jpg 480w, http:\/\/aeroclub-abbeville.fr\/wp-content\/uploads\/2022\/07\/Podium-1e\u0301re-e\u0301preuve-1-768x512.jpg 768w, http:\/\/aeroclub-abbeville.fr\/wp-content\/uploads\/2022\/07\/Podium-1e\u0301re-e\u0301preuve-1-1536x1024.jpg 1536w, http:\/\/aeroclub-abbeville.fr\/wp-content\/uploads\/2022\/07\/Podium-1e\u0301re-e\u0301preuve-1-624x416.jpg 624w, http:\/\/aeroclub-abbeville.fr\/wp-content\/uploads\/2022\/07\/Podium-1e\u0301re-e\u0301preuve-1.jpg 2048w\" sizes=\"(max-width: 1024px) 100vw, 1024px\" \/><figcaption>Sur le podium, lors de la premi\u00e8re \u00e9preuve !<\/figcaption><\/figure>\n\n\n\n<p><\/p>\n\n\n\n<p class=\"has-text-align-center\">Et de nouveau en ce deuxi\u00e8me jour,<\/p>\n\n\n\n<p class=\"has-text-align-center\">Il vient de remporter la 2\u00e8me \u00e9preuve (315 km \u00e0 108 Km\/h de moyenne).<\/p>\n\n\n\n<p class=\"has-text-align-center\">R\u00e9sultat de la 2\u00e8me \u00e9preuve :&nbsp;<a href=\"https:\/\/www.soaringspot.com\/en_gb\/ostrow-glide-2022-07\/results\/club-a-regionals\/task-3-on-2022-07-03\/daily\">https:\/\/www.soaringspot.com\/en_gb\/ostrow-glide-2022-07\/results\/club-a-regionals\/task-3-on-2022-07-03\/daily<\/a><\/p>\n\n\n\n<p class=\"has-text-align-center\">Quant \u00e0 nous, Abbevillois, nous en avons toujours ces excellents souvenirs !<br>Avec Alexandre, on est les Rois !<\/p>\n\n\n\n<figure class=\"wp-block-gallery columns-3 is-cropped wp-block-gallery-3 is-layout-flex wp-block-gallery-is-layout-flex\"><ul class=\"blocks-gallery-grid\"><li class=\"blocks-gallery-item\"><figure><img loading=\"lazy\" decoding=\"async\" width=\"960\" height=\"540\" src=\"http:\/\/aeroclub-abbeville.fr\/wp-content\/uploads\/2022\/07\/14100479_790023617799583_2049614997843154908_n.jpg\" alt=\"\" data-id=\"5411\" data-link=\"http:\/\/aeroclub-abbeville.fr\/?attachment_id=5411\" class=\"wp-image-5411\" srcset=\"http:\/\/aeroclub-abbeville.fr\/wp-content\/uploads\/2022\/07\/14100479_790023617799583_2049614997843154908_n.jpg 960w, http:\/\/aeroclub-abbeville.fr\/wp-content\/uploads\/2022\/07\/14100479_790023617799583_2049614997843154908_n-480x270.jpg 480w, http:\/\/aeroclub-abbeville.fr\/wp-content\/uploads\/2022\/07\/14100479_790023617799583_2049614997843154908_n-768x432.jpg 768w, http:\/\/aeroclub-abbeville.fr\/wp-content\/uploads\/2022\/07\/14100479_790023617799583_2049614997843154908_n-624x351.jpg 624w\" sizes=\"(max-width: 960px) 100vw, 960px\" \/><\/figure><\/li><li class=\"blocks-gallery-item\"><figure><img loading=\"lazy\" decoding=\"async\" width=\"1440\" height=\"1421\" src=\"http:\/\/aeroclub-abbeville.fr\/wp-content\/uploads\/2022\/07\/128424053_1987950431340223_6041548015667791164_n.jpg\" alt=\"\" data-id=\"5412\" data-link=\"http:\/\/aeroclub-abbeville.fr\/?attachment_id=5412\" class=\"wp-image-5412\" srcset=\"http:\/\/aeroclub-abbeville.fr\/wp-content\/uploads\/2022\/07\/128424053_1987950431340223_6041548015667791164_n.jpg 1440w, http:\/\/aeroclub-abbeville.fr\/wp-content\/uploads\/2022\/07\/128424053_1987950431340223_6041548015667791164_n-480x474.jpg 480w, http:\/\/aeroclub-abbeville.fr\/wp-content\/uploads\/2022\/07\/128424053_1987950431340223_6041548015667791164_n-1024x1010.jpg 1024w, http:\/\/aeroclub-abbeville.fr\/wp-content\/uploads\/2022\/07\/128424053_1987950431340223_6041548015667791164_n-768x758.jpg 768w, http:\/\/aeroclub-abbeville.fr\/wp-content\/uploads\/2022\/07\/128424053_1987950431340223_6041548015667791164_n-624x616.jpg 624w\" sizes=\"(max-width: 1440px) 100vw, 1440px\" \/><\/figure><\/li><li class=\"blocks-gallery-item\"><figure><img loading=\"lazy\" decoding=\"async\" width=\"414\" height=\"414\" src=\"http:\/\/aeroclub-abbeville.fr\/wp-content\/uploads\/2022\/07\/222679305_944109006154932_7018176489524406400_n.jpg\" alt=\"\" data-id=\"5402\" class=\"wp-image-5402\" srcset=\"http:\/\/aeroclub-abbeville.fr\/wp-content\/uploads\/2022\/07\/222679305_944109006154932_7018176489524406400_n.jpg 414w, http:\/\/aeroclub-abbeville.fr\/wp-content\/uploads\/2022\/07\/222679305_944109006154932_7018176489524406400_n-150x150.jpg 150w\" sizes=\"(max-width: 414px) 100vw, 414px\" \/><\/figure><\/li><li class=\"blocks-gallery-item\"><figure><img loading=\"lazy\" decoding=\"async\" width=\"414\" height=\"414\" src=\"http:\/\/aeroclub-abbeville.fr\/wp-content\/uploads\/2022\/07\/222113850_944706652761834_8306559214865488399_n.jpg\" alt=\"\" data-id=\"5403\" data-link=\"http:\/\/aeroclub-abbeville.fr\/?attachment_id=5403\" class=\"wp-image-5403\" srcset=\"http:\/\/aeroclub-abbeville.fr\/wp-content\/uploads\/2022\/07\/222113850_944706652761834_8306559214865488399_n.jpg 414w, http:\/\/aeroclub-abbeville.fr\/wp-content\/uploads\/2022\/07\/222113850_944706652761834_8306559214865488399_n-150x150.jpg 150w\" sizes=\"(max-width: 414px) 100vw, 414px\" \/><\/figure><\/li><li class=\"blocks-gallery-item\"><figure><img loading=\"lazy\" decoding=\"async\" width=\"414\" height=\"414\" src=\"http:\/\/aeroclub-abbeville.fr\/wp-content\/uploads\/2022\/07\/219596761_945299822702517_5316544332252659054_n.jpg\" alt=\"\" data-id=\"5404\" data-link=\"http:\/\/aeroclub-abbeville.fr\/?attachment_id=5404\" class=\"wp-image-5404\" srcset=\"http:\/\/aeroclub-abbeville.fr\/wp-content\/uploads\/2022\/07\/219596761_945299822702517_5316544332252659054_n.jpg 414w, http:\/\/aeroclub-abbeville.fr\/wp-content\/uploads\/2022\/07\/219596761_945299822702517_5316544332252659054_n-150x150.jpg 150w\" sizes=\"(max-width: 414px) 100vw, 414px\" \/><\/figure><\/li><\/ul><\/figure>\n\n\n\n<figure class=\"wp-block-image size-full\"><img decoding=\"async\" src=\"http:\/\/aeroclub-abbeville.fr\/wp-content\/uploads\/2022\/07\/211984185_2163332133802051_8634046561030409139_n-2.jpg\" alt=\"\" class=\"wp-image-5414\"\/><\/figure>\n\n\n\n<p>La suite du tournoi, on n&rsquo;attend que \u00e7a !<\/p>\n\n\n\n<p><\/p>\n\n\n\n<figure class=\"wp-block-image size-large\"><img loading=\"lazy\" decoding=\"async\" width=\"1024\" height=\"768\" src=\"http:\/\/aeroclub-abbeville.fr\/wp-content\/uploads\/2022\/07\/275841064_3235151503430422_3286649770881304211_n-1024x768.jpg\" alt=\"\" class=\"wp-image-5409\" srcset=\"http:\/\/aeroclub-abbeville.fr\/wp-content\/uploads\/2022\/07\/275841064_3235151503430422_3286649770881304211_n-1024x768.jpg 1024w, http:\/\/aeroclub-abbeville.fr\/wp-content\/uploads\/2022\/07\/275841064_3235151503430422_3286649770881304211_n-480x360.jpg 480w, http:\/\/aeroclub-abbeville.fr\/wp-content\/uploads\/2022\/07\/275841064_3235151503430422_3286649770881304211_n-768x576.jpg 768w, http:\/\/aeroclub-abbeville.fr\/wp-content\/uploads\/2022\/07\/275841064_3235151503430422_3286649770881304211_n-1536x1152.jpg 1536w, http:\/\/aeroclub-abbeville.fr\/wp-content\/uploads\/2022\/07\/275841064_3235151503430422_3286649770881304211_n-624x468.jpg 624w, http:\/\/aeroclub-abbeville.fr\/wp-content\/uploads\/2022\/07\/275841064_3235151503430422_3286649770881304211_n.jpg 2048w\" sizes=\"(max-width: 1024px) 100vw, 1024px\" \/><figcaption>Bises \u00e0 vous tous !<\/figcaption><\/figure>\n\n\n\n<p><\/p>\n\n\n\n<p>\u00c0 tr\u00e8s bient\u00f4t pour la suite !<\/p>\n\n\n\n<p>Fran\u00e7oise Sockeel<\/p>\n\n\n\n<p>Cr\u00e9dits photos : Facebook, Alexandre et Guillaume Fierain, Badou Michel, Fran\u00e7oise Sockeel<\/p>\n","protected":false},"excerpt":{"rendered":"<p>Le 4 Juillet 2022 Alexandre Fierain, la conjugaison du r\u00eave !Je r\u00eave, tu oses, il vole, nous planons, vous participez, ils gagnent ! Alexandre Fierain, notre V\u00e9livole Abbevillois, participe au championnat de Pologne en classe club \u00e0 Ostrow avec une partie de l&rsquo;\u00e9quipe de France Junior. Ce concours fait partie de leur programme d&rsquo;entrainement avant [&hellip;]<\/p>\n","protected":false},"author":211,"featured_media":0,"comment_status":"open","ping_status":"closed","sticky":false,"template":"","format":"standard","meta":{"inline_featured_image":false,"footnotes":""},"categories":[20,21,2,22,3,4,6,8,26,11,13,14,18,19,31],"tags":[],"class_list":["post-5397","post","type-post","status-publish","format-standard","hentry","category-actualites","category-arrosages-fetes","category-avion","category-bia","category-club","category-competitions","category-formation","category-formation_planeur","category-histoire","category-manifestations","category-planeur","category-presse","category-vie-du-club","category-vol-a-voile","category-voyages"],"_links":{"self":[{"href":"http:\/\/aeroclub-abbeville.fr\/index.php?rest_route=\/wp\/v2\/posts\/5397","targetHints":{"allow":["GET"]}}],"collection":[{"href":"http:\/\/aeroclub-abbeville.fr\/index.php?rest_route=\/wp\/v2\/posts"}],"about":[{"href":"http:\/\/aeroclub-abbeville.fr\/index.php?rest_route=\/wp\/v2\/types\/post"}],"author":[{"embeddable":true,"href":"http:\/\/aeroclub-abbeville.fr\/index.php?rest_route=\/wp\/v2\/users\/211"}],"replies":[{"embeddable":true,"href":"http:\/\/aeroclub-abbeville.fr\/index.php?rest_route=%2Fwp%2Fv2%2Fcomments&post=5397"}],"version-history":[{"count":8,"href":"http:\/\/aeroclub-abbeville.fr\/index.php?rest_route=\/wp\/v2\/posts\/5397\/revisions"}],"predecessor-version":[{"id":5423,"href":"http:\/\/aeroclub-abbeville.fr\/index.php?rest_route=\/wp\/v2\/posts\/5397\/revisions\/5423"}],"wp:attachment":[{"href":"http:\/\/aeroclub-abbeville.fr\/index.php?rest_route=%2Fwp%2Fv2%2Fmedia&parent=5397"}],"wp:term":[{"taxonomy":"category","embeddable":true,"href":"http:\/\/aeroclub-abbeville.fr\/index.php?rest_route=%2Fwp%2Fv2%2Fcategories&post=5397"},{"taxonomy":"post_tag","embeddable":true,"href":"http:\/\/aeroclub-abbeville.fr\/index.php?rest_route=%2Fwp%2Fv2%2Ftags&post=5397"}],"curies":[{"name":"wp","href":"https:\/\/api.w.org\/{rel}","templated":true}]}}