{"id":5427,"date":"2022-07-07T10:48:33","date_gmt":"2022-07-07T09:48:33","guid":{"rendered":"http:\/\/aeroclub-abbeville.fr\/?p=5427"},"modified":"2025-08-25T12:27:42","modified_gmt":"2025-08-25T11:27:42","slug":"notre-hommage-a-bessie-en-picardie-qui-est-qui","status":"publish","type":"post","link":"http:\/\/aeroclub-abbeville.fr\/?p=5427","title":{"rendered":"Notre hommage \u00e0 Bessie Coleman en Picardie ! Avec Sheila Chamberlain, un devoir d&rsquo;Honneur et de M\u00e9moire !"},"content":{"rendered":"\n<p>Le 7 Juillet 2022<\/p>\n\n\n\n<p class=\"has-text-align-center\">Pendant le mois de juin du 13 au 15, nous avons re\u00e7u un groupe d&rsquo;invit\u00e9s am\u00e9ricains venant de toutes les r\u00e9gions des USA.<br>Ils venaient comm\u00e9morer le Centenaire de l&rsquo;obtention du brevet de pilote international de Bessie Coleman, premi\u00e8re femme afro-am\u00e9rindienne \u00e0 l&rsquo;avoir obtenu \u00e0 l&rsquo;\u00e9cole des Fr\u00e8res Caudron le 15 juin 1921.<br>C&rsquo;est la Dr Sheila Chamberlain, en charge de l&rsquo;organisation d&rsquo;un voyage en Picardie pour la famille Coleman, les adh\u00e9rents et amis de la Fondation \u00ab\u00a0Bessie Coleman Aviation Allstars\u00a0\u00bb de Chicago, qui m&rsquo;avait demand\u00e9 de le pr\u00e9parer avec elle depuis 2019. et ce fut fait !<br>Vous pouvez lire l&rsquo;article d\u00e9velopp\u00e9 en cliquant sur le lien :<br><br><a href=\"http:\/\/aeroclub-abbeville.fr\/?p=5192\" data-type=\"URL\" data-id=\"http:\/\/aeroclub-abbeville.fr\/?p=5192\">http:\/\/aeroclub-abbeville.fr\/?p=5192<\/a><\/p>\n\n\n\n<figure class=\"wp-block-image size-large\"><img fetchpriority=\"high\" decoding=\"async\" width=\"1024\" height=\"678\" src=\"http:\/\/aeroclub-abbeville.fr\/wp-content\/uploads\/2022\/07\/289454373_10222258699917686_1119025291137677018_n-1024x678.jpg\" alt=\"\" class=\"wp-image-5429\" srcset=\"http:\/\/aeroclub-abbeville.fr\/wp-content\/uploads\/2022\/07\/289454373_10222258699917686_1119025291137677018_n-1024x678.jpg 1024w, http:\/\/aeroclub-abbeville.fr\/wp-content\/uploads\/2022\/07\/289454373_10222258699917686_1119025291137677018_n-480x318.jpg 480w, http:\/\/aeroclub-abbeville.fr\/wp-content\/uploads\/2022\/07\/289454373_10222258699917686_1119025291137677018_n-768x509.jpg 768w, http:\/\/aeroclub-abbeville.fr\/wp-content\/uploads\/2022\/07\/289454373_10222258699917686_1119025291137677018_n-1536x1017.jpg 1536w, http:\/\/aeroclub-abbeville.fr\/wp-content\/uploads\/2022\/07\/289454373_10222258699917686_1119025291137677018_n-624x413.jpg 624w, http:\/\/aeroclub-abbeville.fr\/wp-content\/uploads\/2022\/07\/289454373_10222258699917686_1119025291137677018_n.jpg 2048w\" sizes=\"(max-width: 1024px) 100vw, 1024px\" \/><figcaption class=\"wp-element-caption\">Les Ami(e)s de \u00ab\u00a0Queen Bess\u00a0\u00bb \u00e0 Abbeville<\/figcaption><\/figure>\n\n\n\n<p class=\"has-text-align-center\">Un article, paru r\u00e9cemment, met en lumi\u00e8re, chez une de nos invit\u00e9es, une Personnalit\u00e9 insoup\u00e7onn\u00e9e, que j&rsquo;aimerais vous faire d\u00e9couvrir.<\/p>\n\n\n\n<figure class=\"wp-block-gallery has-nested-images columns-default is-cropped wp-block-gallery-1 is-layout-flex wp-block-gallery-is-layout-flex\">\n<figure class=\"wp-block-image size-large\"><img decoding=\"async\" width=\"388\" height=\"388\" data-id=\"5431\" src=\"http:\/\/aeroclub-abbeville.fr\/wp-content\/uploads\/2022\/07\/1509065_10153019539143367_6572967933572380805_n.jpg\" alt=\"\" class=\"wp-image-5431\" srcset=\"http:\/\/aeroclub-abbeville.fr\/wp-content\/uploads\/2022\/07\/1509065_10153019539143367_6572967933572380805_n.jpg 388w, http:\/\/aeroclub-abbeville.fr\/wp-content\/uploads\/2022\/07\/1509065_10153019539143367_6572967933572380805_n-150x150.jpg 150w\" sizes=\"(max-width: 388px) 100vw, 388px\" \/><\/figure>\n\n\n\n<figure class=\"wp-block-image size-large\"><img decoding=\"async\" width=\"1024\" height=\"1024\" data-id=\"5461\" src=\"http:\/\/aeroclub-abbeville.fr\/wp-content\/uploads\/2022\/07\/IMG_0699-1024x1024.jpg\" alt=\"\" class=\"wp-image-5461\" srcset=\"http:\/\/aeroclub-abbeville.fr\/wp-content\/uploads\/2022\/07\/IMG_0699-1024x1024.jpg 1024w, http:\/\/aeroclub-abbeville.fr\/wp-content\/uploads\/2022\/07\/IMG_0699-480x480.jpg 480w, http:\/\/aeroclub-abbeville.fr\/wp-content\/uploads\/2022\/07\/IMG_0699-150x150.jpg 150w, http:\/\/aeroclub-abbeville.fr\/wp-content\/uploads\/2022\/07\/IMG_0699-768x768.jpg 768w, http:\/\/aeroclub-abbeville.fr\/wp-content\/uploads\/2022\/07\/IMG_0699-624x624.jpg 624w, http:\/\/aeroclub-abbeville.fr\/wp-content\/uploads\/2022\/07\/IMG_0699.jpg 1140w\" sizes=\"(max-width: 1024px) 100vw, 1024px\" \/><\/figure>\n<figcaption class=\"blocks-gallery-caption wp-element-caption\">La Dr Sheila Chamberlain<\/figcaption><\/figure>\n\n\n\n<p class=\"has-text-align-center\"><strong>Son Histoire <\/strong><\/p>\n\n\n\n<p class=\"has-text-align-center\">La Dr Sheila Chamberlain est n\u00e9e en 1950 et a grandi en Allemagne de l&rsquo;Ouest. Elle a fait ses \u00e9tudes au lyc\u00e9e Fort Knox. Son p\u00e8re \u00e9tait un ing\u00e9nieur de l&rsquo;arm\u00e9e am\u00e9ricaine et sa m\u00e8re poss\u00e9dait un salon de coiffure et a pratiqu\u00e9 le m\u00e9tier d&rsquo;infirmi\u00e8re. Son cousin \u00e9tait le capitaine Luke Weathers, la seule personne de Memphis au Tennessee, \u00e0 devenir l&rsquo;un des premiers aviateurs de Tuskegee Airmen. Sheila Chamberlain a \u00e9tudi\u00e9 au Spelman College. Elle est dipl\u00f4m\u00e9e \u00ab\u00a0magna cum laude\u00a0\u00bb du Spelman College en 1981. Elle \u00e9tait \u00e9tudiante de troisi\u00e8me cycle \u00e0 l&rsquo;Universit\u00e9 de l&rsquo;Oklahoma. Elle a fr\u00e9quent\u00e9 l&rsquo;\u00e9cole de pilotage, o\u00f9 elle a \u00e9t\u00e9 encadr\u00e9e par Willa Brown. <br>Elle est la premi\u00e8re femme afro-am\u00e9ricaine \u00e0 se pr\u00e9senter au Congr\u00e8s des \u00c9tats-Unis, le premier officier afro-am\u00e9ricain de la Civil Air Patrol et la premi\u00e8re femme aux \u00c9tats-Unis \u00e0 avoir une licence de pilote et une licence de m\u00e9canicien d&rsquo;a\u00e9ronefs. Mrs Brown, une amie proche du s\u00e9nateur Harry Truman et elle sont parmi les 5 femmes afro-am\u00e9ricaines \u00e0 \u00eatre dipl\u00f4m\u00e9es de l&rsquo;\u00e9cole de pilotage de l&rsquo;arm\u00e9e am\u00e9ricaine.<\/p>\n\n\n\n<p class=\"has-text-align-center\"><strong>Sa Carri\u00e8re<\/strong> <\/p>\n\n\n\n<p class=\"has-text-align-center\">En 1985, Sheila Chamberlain est devenue la premi\u00e8re femme noire pilote du renseignement de combat de l&rsquo;arm\u00e9e am\u00e9ricaine.  Elle a pass\u00e9 quinze ans de service aux \u00c9tats-Unis et \u00e0 l&rsquo;\u00e9tranger. Elle a effectu\u00e9 trois tourn\u00e9es majeures \u00e0 la Grenade, en Cor\u00e9e, en Am\u00e9rique Centrale et du Sud et dans la guerre du golfe Persique. <br>Elle a occup\u00e9 deux postes de commandement. <br>Sheila Chamberlain faisait partie de l&rsquo;unit\u00e9 qui a stabilis\u00e9 le sud de la Floride apr\u00e8s l&rsquo;ouragan Andrew en 1992. <br>Elle a \u00e9t\u00e9 la premi\u00e8re femme \u00e0 \u00eatre \u00e9lue aux National Tuskegee Airmen en 1998 et \u00e9tait membre de la section Fort Rucker des Tuskegee Airmen. <br>Apr\u00e8s l&rsquo;ouragan Andrew, Sheila a d\u00e9cid\u00e9 de se retirer de l&rsquo;Arm\u00e9e de l&rsquo;air des USA et est retourn\u00e9e \u00e0 l&rsquo;enseignement sup\u00e9rieur. Elle a obtenu un dipl\u00f4me de Docteur en Droit \u00e0 la facult\u00e9 de Droit de l&rsquo;Universit\u00e9 de Miami en 1996. Apr\u00e8s l&rsquo;avoir obtenu, elle a travaill\u00e9 comme assistante l\u00e9gislative au S\u00e9nat. <br>Elle s&rsquo;est ensuite pr\u00e9sent\u00e9e comme candidate D\u00e9mocrate au poste de S\u00e9nateur de l&rsquo;\u00c9tat. <br>Elle a t\u00e9moign\u00e9 devant la Chambre des repr\u00e9sentants des \u00c9tats-Unis sur les raisons pour lesquelles les femmes devraient \u00eatre affect\u00e9es aux unit\u00e9s d&rsquo;aviation. <br>Un an apr\u00e8s son d\u00e9part, le d\u00e9partement am\u00e9ricain de la D\u00e9fense a annonc\u00e9 que les femmes seraient autoris\u00e9es \u00e0 piloter tous les types d&rsquo;avions de combat de l&rsquo;Arm\u00e9e Am\u00e9ricaine, y compris les Jets. <br>Elle fait partie de l&rsquo;Organisation des femmes v\u00e9t\u00e9rans.<br>Son nom apparait 2 fois dans la liste des records du Congr\u00e8s des \u00c9tats-Unis d&rsquo;Am\u00e9rique en 1994 et en 1998.<br>Elle continue \u00e0 travailler pour la reconnaissance des Femmes Pilotes Noires, leur insertion et leur r\u00e9habilitation sociale et m\u00e9dicale dans les organisations de V\u00e9t\u00e9rans.<\/p>\n\n\n\n<figure class=\"wp-block-gallery has-nested-images columns-default is-cropped wp-block-gallery-2 is-layout-flex wp-block-gallery-is-layout-flex\">\n<figure class=\"wp-block-image size-large\"><img loading=\"lazy\" decoding=\"async\" width=\"219\" height=\"219\" data-id=\"5463\" src=\"http:\/\/aeroclub-abbeville.fr\/wp-content\/uploads\/2022\/07\/index.jpg\" alt=\"\" class=\"wp-image-5463\" srcset=\"http:\/\/aeroclub-abbeville.fr\/wp-content\/uploads\/2022\/07\/index.jpg 219w, http:\/\/aeroclub-abbeville.fr\/wp-content\/uploads\/2022\/07\/index-150x150.jpg 150w\" sizes=\"(max-width: 219px) 100vw, 219px\" \/><\/figure>\n\n\n\n<figure class=\"wp-block-image size-large\"><img loading=\"lazy\" decoding=\"async\" width=\"301\" height=\"321\" data-id=\"5462\" src=\"http:\/\/aeroclub-abbeville.fr\/wp-content\/uploads\/2022\/07\/sheliachamberlain7d770335f9bd6490bbe9ff0000b1c0f4.jpg\" alt=\"\" class=\"wp-image-5462\"\/><\/figure>\n\n\n\n<figure class=\"wp-block-image size-large\"><img loading=\"lazy\" decoding=\"async\" width=\"1024\" height=\"768\" data-id=\"5523\" src=\"http:\/\/aeroclub-abbeville.fr\/wp-content\/uploads\/2022\/07\/IMG_2869-1-1024x768.jpg\" alt=\"\" class=\"wp-image-5523\" srcset=\"http:\/\/aeroclub-abbeville.fr\/wp-content\/uploads\/2022\/07\/IMG_2869-1-1024x768.jpg 1024w, http:\/\/aeroclub-abbeville.fr\/wp-content\/uploads\/2022\/07\/IMG_2869-1-480x360.jpg 480w, http:\/\/aeroclub-abbeville.fr\/wp-content\/uploads\/2022\/07\/IMG_2869-1-768x576.jpg 768w, http:\/\/aeroclub-abbeville.fr\/wp-content\/uploads\/2022\/07\/IMG_2869-1-1536x1152.jpg 1536w, http:\/\/aeroclub-abbeville.fr\/wp-content\/uploads\/2022\/07\/IMG_2869-1-2048x1536.jpg 2048w, http:\/\/aeroclub-abbeville.fr\/wp-content\/uploads\/2022\/07\/IMG_2869-1-624x468.jpg 624w\" sizes=\"(max-width: 1024px) 100vw, 1024px\" \/><\/figure>\n<\/figure>\n\n\n\n<figure class=\"wp-block-gallery has-nested-images columns-default is-cropped wp-block-gallery-3 is-layout-flex wp-block-gallery-is-layout-flex\">\n<figure class=\"wp-block-image size-large\"><img loading=\"lazy\" decoding=\"async\" width=\"720\" height=\"960\" data-id=\"5481\" src=\"http:\/\/aeroclub-abbeville.fr\/wp-content\/uploads\/2022\/07\/IMG_1683-2.jpg\" alt=\"\" class=\"wp-image-5481\" srcset=\"http:\/\/aeroclub-abbeville.fr\/wp-content\/uploads\/2022\/07\/IMG_1683-2.jpg 720w, http:\/\/aeroclub-abbeville.fr\/wp-content\/uploads\/2022\/07\/IMG_1683-2-360x480.jpg 360w, http:\/\/aeroclub-abbeville.fr\/wp-content\/uploads\/2022\/07\/IMG_1683-2-624x832.jpg 624w\" sizes=\"(max-width: 720px) 100vw, 720px\" \/><\/figure>\n\n\n\n<figure class=\"wp-block-image size-large\"><img loading=\"lazy\" decoding=\"async\" width=\"640\" height=\"480\" data-id=\"5482\" src=\"http:\/\/aeroclub-abbeville.fr\/wp-content\/uploads\/2022\/07\/IMG_16961-2.jpg\" alt=\"\" class=\"wp-image-5482\" srcset=\"http:\/\/aeroclub-abbeville.fr\/wp-content\/uploads\/2022\/07\/IMG_16961-2.jpg 640w, http:\/\/aeroclub-abbeville.fr\/wp-content\/uploads\/2022\/07\/IMG_16961-2-480x360.jpg 480w, http:\/\/aeroclub-abbeville.fr\/wp-content\/uploads\/2022\/07\/IMG_16961-2-624x468.jpg 624w\" sizes=\"(max-width: 640px) 100vw, 640px\" \/><\/figure>\n<figcaption class=\"blocks-gallery-caption wp-element-caption\">Avec le Pr\u00e9sident Jo Biden et Mme Kamala Harris<\/figcaption><\/figure>\n\n\n\n<p><br>Traduction d&rsquo;un article en Anglais :<br>Note de l&rsquo;\u00e9diteur :<\/p>\n\n\n\n<p class=\"has-text-align-center\">Cet article a \u00e9t\u00e9 mis \u00e0 jour le 22 juillet 2020<strong> pour inclure les r\u00e9alisations \u00e9tonnantes du Dr Sheila Chamberlain qui, en 1985, est devenue la premi\u00e8re femme pilote de renseignement de combat afro-am\u00e9ricaine de l&rsquo;arm\u00e9e am\u00e9ricaine et Bessie Coleman, qui, bien que n&rsquo;\u00e9tant pas militaire, a \u00e9t\u00e9 la premi\u00e8re femme d&rsquo;origine afro-am\u00e9ricaine et am\u00e9rindienne \u00e0 piloter un avion.<\/strong> <br><strong>Ces aviatrices, chacune pionni\u00e8re \u00e0 part enti\u00e8re, suivent toutes les r\u00e9alisations du Dr Sheila Chamberlain qui, en 1985, est devenue la premi\u00e8re femme pilote de renseignement de combat afro-am\u00e9ricaine de l&rsquo;arm\u00e9e.<\/strong> <strong>Parmi ses nombreuses r\u00e9alisations et distinctions civiles et militaires, la Dre Chamberlain a re\u00e7u la M\u00e9daille du service de la D\u00e9fense nationale, la M\u00e9daille du service m\u00e9ritoire et le prix Tuskegee Airmen Blades. De plus, elle a \u00e9t\u00e9 la premi\u00e8re femme pilote \u00e0 \u00eatre \u00e9lue au National Tuskegee Airmen, Inc. en tant que parlementaire nationale.<\/strong> <br>Avant Mmes Swegle, Robinson, Armor et m\u00eame Chamberlain, une femme noire nomm\u00e9e Bessie Coleman a pris son envol. <strong>Bessie<\/strong> <strong>Coleman a obtenu sa licence de pilote en France \u00e0 la F\u00e9d\u00e9ration A\u00e9ronautique Internationale en 1921, la m\u00eame ann\u00e9e o\u00f9 Amelia Earhart a commenc\u00e9 \u00e0 prendre des cours de pilotage. B.Coleman a \u00e9t\u00e9 la premi\u00e8re femme d&rsquo;origine afro-am\u00e9ricaine et am\u00e9rindienne \u00e0 piloter un avion.<\/strong> <br>Ces femmes noires ont gagn\u00e9 leurs ailes malgr\u00e9 les pr\u00e9jug\u00e9s raciaux et sexistes historiques et syst\u00e9miques dans l&rsquo;arm\u00e9e am\u00e9ricaine. <br>Les circonstances, cependant, commencent lentement \u00e0 changer. \u00c0 la fin du mois dernier, la marine a annonc\u00e9 la formation de la \u00ab\u00a0Task Force One Navy\u00a0\u00bb pour r\u00e9soudre les probl\u00e8mes de racisme, de sexisme et d&rsquo;autres pr\u00e9jug\u00e9s destructeurs et leur impact sur l&rsquo;\u00e9tat de pr\u00e9paration navale. Il sera dirig\u00e9 par le contre-amiral Alvin Holsey. <br>\u00ab En tant que marine \u2013 militaire et civile, active et de r\u00e9serve \u2013 nous ne pouvons tol\u00e9rer aucune forme de discrimination ou de racisme. Nous devons travailler pour identifier et \u00e9liminer le racisme individuel et syst\u00e9mique au sein de notre force \u00bb, a d\u00e9clar\u00e9 Gilday. \u00ab\u00a0C&rsquo;est pourquoi nous mettons en place la Task Force One Navy, qui s&rsquo;efforcera d&rsquo;identifier et de supprimer les barri\u00e8res raciales et d&rsquo;am\u00e9liorer l&rsquo;inclusion au sein de notre marine.\u00a0\u00bb <br>Le groupe de travail cherchera \u00e0 aborder rapidement l&rsquo;ensemble du travail sur le racisme syst\u00e9mique, \u00e0 d\u00e9fendre les besoins des communaut\u00e9s mal desservies, \u00e0 d\u00e9manteler les obstacles et \u00e0 \u00e9galiser les cadres et les opportunit\u00e9s de d\u00e9veloppement professionnel au sein de la Marine. <br>\u00ab\u00a0Nous sommes \u00e0 un point d&rsquo;inflexion critique pour notre nation et notre marine et je veux m&rsquo;assurer que nous r\u00e9pondons pleinement \u00e0 ce moment alors que nous travaillons pour faciliter un changement durable\u00a0\u00bb, a d\u00e9clar\u00e9 Nowell. \u00ab Nous devons utiliser l&rsquo;\u00e9lan cr\u00e9\u00e9 par ces \u00e9v\u00e9nements comme catalyseur d&rsquo;un changement positif. Nous devons avoir une conversation plus approfondie sur l&rsquo;inclusion et la diversit\u00e9 dans notre Marine et parmi nos propres \u00e9quipes. <br>Le groupe de travail concentrera ses efforts sur la recommandation de r\u00e9formes dans plusieurs domaines cl\u00e9s. Ces domaines comprennent une myriade de questions allant du recrutement et des obstacles \u00e0 l&rsquo;entr\u00e9e dans le service \u00e0 l&rsquo;analyse par la justice militaire des disparit\u00e9s raciales. \u00ab Nous devons exiger les uns des autres que nous traitions tout le monde avec dignit\u00e9 et respect. Si vous ne le faites pas, alors notre marine n&rsquo;est pas le meilleur endroit pour vous \u00bb, a d\u00e9clar\u00e9 Gilday. \u00ab\u00a0Nous sommes une \u00e9quipe et nous sommes une marine.\u00a0\u00bb<\/p>\n\n\n\n<figure class=\"wp-block-gallery has-nested-images columns-default is-cropped wp-block-gallery-4 is-layout-flex wp-block-gallery-is-layout-flex\">\n<figure class=\"wp-block-image size-large\"><img decoding=\"async\" data-id=\"5526\" src=\"http:\/\/aeroclub-abbeville.fr\/wp-content\/uploads\/2022\/07\/IMG_2801-2-768x1024.jpg\" alt=\"\" class=\"wp-image-5526\"\/><figcaption class=\"wp-element-caption\">Dr Sheila Chamberlain en vol dans le \u00ab\u00a0Ciel de Bessie\u00a0\u00bb en Picardie<\/figcaption><\/figure>\n\n\n\n<figure class=\"wp-block-image size-large\"><img loading=\"lazy\" decoding=\"async\" width=\"768\" height=\"1024\" data-id=\"5562\" src=\"http:\/\/aeroclub-abbeville.fr\/wp-content\/uploads\/2022\/08\/IMG_5911-768x1024.jpg\" alt=\"\" class=\"wp-image-5562\" srcset=\"http:\/\/aeroclub-abbeville.fr\/wp-content\/uploads\/2022\/08\/IMG_5911-768x1024.jpg 768w, http:\/\/aeroclub-abbeville.fr\/wp-content\/uploads\/2022\/08\/IMG_5911-360x480.jpg 360w, http:\/\/aeroclub-abbeville.fr\/wp-content\/uploads\/2022\/08\/IMG_5911-1152x1536.jpg 1152w, http:\/\/aeroclub-abbeville.fr\/wp-content\/uploads\/2022\/08\/IMG_5911-1536x2048.jpg 1536w, http:\/\/aeroclub-abbeville.fr\/wp-content\/uploads\/2022\/08\/IMG_5911-624x832.jpg 624w, http:\/\/aeroclub-abbeville.fr\/wp-content\/uploads\/2022\/08\/IMG_5911-scaled.jpg 1920w\" sizes=\"(max-width: 768px) 100vw, 768px\" \/><figcaption class=\"wp-element-caption\">Avec G\u00e9rard Mercier, pilote \u00e0 Abbeville<\/figcaption><\/figure>\n<\/figure>\n\n\n\n<p><\/p>\n\n\n\n<p class=\"has-text-align-center\">Et depuis avec l&rsquo;A\u00e9roclub d&rsquo; Abbeville, ce fructueux travail a pris forme et a cr\u00e9\u00e9 un \u00ab\u00a0Pont Transatlantique\u00a0\u00bb en hommage \u00e0 Bessie Coleman. <\/p>\n\n\n\n<figure class=\"wp-block-gallery has-nested-images columns-default is-cropped wp-block-gallery-5 is-layout-flex wp-block-gallery-is-layout-flex\">\n<figure class=\"wp-block-image size-large\"><img loading=\"lazy\" decoding=\"async\" width=\"1024\" height=\"678\" data-id=\"5437\" src=\"http:\/\/aeroclub-abbeville.fr\/wp-content\/uploads\/2022\/07\/289175303_10222258706237844_4469415475967222395_n-1024x678.jpg\" alt=\"\" class=\"wp-image-5437\" srcset=\"http:\/\/aeroclub-abbeville.fr\/wp-content\/uploads\/2022\/07\/289175303_10222258706237844_4469415475967222395_n-1024x678.jpg 1024w, http:\/\/aeroclub-abbeville.fr\/wp-content\/uploads\/2022\/07\/289175303_10222258706237844_4469415475967222395_n-480x318.jpg 480w, http:\/\/aeroclub-abbeville.fr\/wp-content\/uploads\/2022\/07\/289175303_10222258706237844_4469415475967222395_n-768x509.jpg 768w, http:\/\/aeroclub-abbeville.fr\/wp-content\/uploads\/2022\/07\/289175303_10222258706237844_4469415475967222395_n-1536x1017.jpg 1536w, http:\/\/aeroclub-abbeville.fr\/wp-content\/uploads\/2022\/07\/289175303_10222258706237844_4469415475967222395_n-624x413.jpg 624w, http:\/\/aeroclub-abbeville.fr\/wp-content\/uploads\/2022\/07\/289175303_10222258706237844_4469415475967222395_n.jpg 2048w\" sizes=\"(max-width: 1024px) 100vw, 1024px\" \/><figcaption class=\"wp-element-caption\">Gigi Coleman, Sheila Chamberlain<\/figcaption><\/figure>\n\n\n\n<figure class=\"wp-block-image size-large\"><img loading=\"lazy\" decoding=\"async\" width=\"1024\" height=\"678\" data-id=\"5438\" src=\"http:\/\/aeroclub-abbeville.fr\/wp-content\/uploads\/2022\/07\/289431471_10222258723038264_4293065429527722773_n-1024x678.jpg\" alt=\"\" class=\"wp-image-5438\" srcset=\"http:\/\/aeroclub-abbeville.fr\/wp-content\/uploads\/2022\/07\/289431471_10222258723038264_4293065429527722773_n-1024x678.jpg 1024w, http:\/\/aeroclub-abbeville.fr\/wp-content\/uploads\/2022\/07\/289431471_10222258723038264_4293065429527722773_n-480x318.jpg 480w, http:\/\/aeroclub-abbeville.fr\/wp-content\/uploads\/2022\/07\/289431471_10222258723038264_4293065429527722773_n-768x509.jpg 768w, http:\/\/aeroclub-abbeville.fr\/wp-content\/uploads\/2022\/07\/289431471_10222258723038264_4293065429527722773_n-1536x1017.jpg 1536w, http:\/\/aeroclub-abbeville.fr\/wp-content\/uploads\/2022\/07\/289431471_10222258723038264_4293065429527722773_n-624x413.jpg 624w, http:\/\/aeroclub-abbeville.fr\/wp-content\/uploads\/2022\/07\/289431471_10222258723038264_4293065429527722773_n.jpg 2048w\" sizes=\"(max-width: 1024px) 100vw, 1024px\" \/><figcaption class=\"wp-element-caption\">Sabrina Holleville, Sheila Chamberlain, Fran\u00e7oise Sockeel<\/figcaption><\/figure>\n\n\n\n<figure class=\"wp-block-image size-large\"><img loading=\"lazy\" decoding=\"async\" width=\"768\" height=\"1024\" data-id=\"5564\" src=\"http:\/\/aeroclub-abbeville.fr\/wp-content\/uploads\/2022\/08\/288680255_3230182607258665_3095551888971564534_n-768x1024.jpg\" alt=\"\" class=\"wp-image-5564\" srcset=\"http:\/\/aeroclub-abbeville.fr\/wp-content\/uploads\/2022\/08\/288680255_3230182607258665_3095551888971564534_n-768x1024.jpg 768w, http:\/\/aeroclub-abbeville.fr\/wp-content\/uploads\/2022\/08\/288680255_3230182607258665_3095551888971564534_n-360x480.jpg 360w, http:\/\/aeroclub-abbeville.fr\/wp-content\/uploads\/2022\/08\/288680255_3230182607258665_3095551888971564534_n-1152x1536.jpg 1152w, http:\/\/aeroclub-abbeville.fr\/wp-content\/uploads\/2022\/08\/288680255_3230182607258665_3095551888971564534_n-624x832.jpg 624w, http:\/\/aeroclub-abbeville.fr\/wp-content\/uploads\/2022\/08\/288680255_3230182607258665_3095551888971564534_n.jpg 1536w\" sizes=\"(max-width: 768px) 100vw, 768px\" \/><figcaption class=\"wp-element-caption\">Avec Th\u00e9odora Brown<\/figcaption><\/figure>\n\n\n\n<figure class=\"wp-block-image size-large\"><img loading=\"lazy\" decoding=\"async\" width=\"768\" height=\"1024\" data-id=\"5492\" src=\"http:\/\/aeroclub-abbeville.fr\/wp-content\/uploads\/2022\/07\/IMG_5906-768x1024.jpg\" alt=\"\" class=\"wp-image-5492\" srcset=\"http:\/\/aeroclub-abbeville.fr\/wp-content\/uploads\/2022\/07\/IMG_5906-768x1024.jpg 768w, http:\/\/aeroclub-abbeville.fr\/wp-content\/uploads\/2022\/07\/IMG_5906-360x480.jpg 360w, http:\/\/aeroclub-abbeville.fr\/wp-content\/uploads\/2022\/07\/IMG_5906-1152x1536.jpg 1152w, http:\/\/aeroclub-abbeville.fr\/wp-content\/uploads\/2022\/07\/IMG_5906-1536x2048.jpg 1536w, http:\/\/aeroclub-abbeville.fr\/wp-content\/uploads\/2022\/07\/IMG_5906-624x832.jpg 624w, http:\/\/aeroclub-abbeville.fr\/wp-content\/uploads\/2022\/07\/IMG_5906-scaled.jpg 1920w\" sizes=\"(max-width: 768px) 100vw, 768px\" \/><figcaption class=\"wp-element-caption\">Avec Karine Bellart du Patrimoine Culture de Rue<\/figcaption><\/figure>\n\n\n\n<figure class=\"wp-block-image size-large\"><img loading=\"lazy\" decoding=\"async\" width=\"768\" height=\"1024\" data-id=\"5512\" src=\"http:\/\/aeroclub-abbeville.fr\/wp-content\/uploads\/2022\/07\/7F32B2C6-DC24-4956-9111-AFCC38D53166-768x1024.jpg\" alt=\"\" class=\"wp-image-5512\" srcset=\"http:\/\/aeroclub-abbeville.fr\/wp-content\/uploads\/2022\/07\/7F32B2C6-DC24-4956-9111-AFCC38D53166-768x1024.jpg 768w, http:\/\/aeroclub-abbeville.fr\/wp-content\/uploads\/2022\/07\/7F32B2C6-DC24-4956-9111-AFCC38D53166-360x480.jpg 360w, http:\/\/aeroclub-abbeville.fr\/wp-content\/uploads\/2022\/07\/7F32B2C6-DC24-4956-9111-AFCC38D53166-1152x1536.jpg 1152w, http:\/\/aeroclub-abbeville.fr\/wp-content\/uploads\/2022\/07\/7F32B2C6-DC24-4956-9111-AFCC38D53166-1536x2048.jpg 1536w, http:\/\/aeroclub-abbeville.fr\/wp-content\/uploads\/2022\/07\/7F32B2C6-DC24-4956-9111-AFCC38D53166-624x832.jpg 624w, http:\/\/aeroclub-abbeville.fr\/wp-content\/uploads\/2022\/07\/7F32B2C6-DC24-4956-9111-AFCC38D53166-scaled.jpg 1920w\" sizes=\"(max-width: 768px) 100vw, 768px\" \/><figcaption class=\"wp-element-caption\">Avec Jacky Thueux, Maire de Rue et Emmanuel Maquet, D\u00e9put\u00e9<\/figcaption><\/figure>\n<\/figure>\n\n\n\n<p><\/p>\n\n\n\n<p class=\"has-text-align-center\">Un grand merci au Dr Sheila L. Chamberlain pour son talent et son travail ! <br><br>Pr\u00e9sidente nationale de la Comm\u00e9moration et la c\u00e9l\u00e9bration du 100e anniversaire de Bessie Coleman (1921-2021)<br>Pr\u00e9sidente du Tuskegee Airmen Incorporated, Los Angeles California Chapter.<br>Membre fondateur et Senior Advisor (plus de 6 ans) des Sisters of the Skies, incorpor\u00e9e.)<br>Intronis\u00e9e et inscrite au mur d&rsquo;honneur du Smithsonian National Air and Space Museum des \u00c9tats-Unis<br>Organisation des Black Aerospace Professionals National Hall of Famer et Aviation Pioneer <\/p>\n\n\n\n<p class=\"has-text-align-center\">C&rsquo;est une belle reconnaissance, bien m\u00e9rit\u00e9e et notre a\u00e9roclub est fier d&rsquo;avoir particip\u00e9 \u00e0 ce devoir de m\u00e9moire !<\/p>\n\n\n\n<p>\u00c0 tr\u00e8s bient\u00f4t pour d&rsquo;autres aventures.<\/p>\n\n\n\n<p>Fran\u00e7oise Sockeel<\/p>\n\n\n\n<p>Cr\u00e9dits Photos : Sheila Chamberlain, Vincent D\u00e9taille, <\/p>\n\n\n\n<p><\/p>\n","protected":false},"excerpt":{"rendered":"<p>Le 7 Juillet 2022 Pendant le mois de juin du 13 au 15, nous avons re\u00e7u un groupe d&rsquo;invit\u00e9s am\u00e9ricains venant de toutes les r\u00e9gions des USA.Ils venaient comm\u00e9morer le Centenaire de l&rsquo;obtention du brevet de pilote international de Bessie Coleman, premi\u00e8re femme afro-am\u00e9rindienne \u00e0 l&rsquo;avoir obtenu \u00e0 l&rsquo;\u00e9cole des Fr\u00e8res Caudron le 15 juin [&hellip;]<\/p>\n","protected":false},"author":211,"featured_media":0,"comment_status":"open","ping_status":"closed","sticky":false,"template":"","format":"standard","meta":{"inline_featured_image":false,"footnotes":""},"categories":[20,2,22,3,6,7,26,11,14,18,31],"tags":[],"class_list":["post-5427","post","type-post","status-publish","format-standard","hentry","category-actualites","category-avion","category-bia","category-club","category-formation","category-formation_avion","category-histoire","category-manifestations","category-presse","category-vie-du-club","category-voyages"],"_links":{"self":[{"href":"http:\/\/aeroclub-abbeville.fr\/index.php?rest_route=\/wp\/v2\/posts\/5427","targetHints":{"allow":["GET"]}}],"collection":[{"href":"http:\/\/aeroclub-abbeville.fr\/index.php?rest_route=\/wp\/v2\/posts"}],"about":[{"href":"http:\/\/aeroclub-abbeville.fr\/index.php?rest_route=\/wp\/v2\/types\/post"}],"author":[{"embeddable":true,"href":"http:\/\/aeroclub-abbeville.fr\/index.php?rest_route=\/wp\/v2\/users\/211"}],"replies":[{"embeddable":true,"href":"http:\/\/aeroclub-abbeville.fr\/index.php?rest_route=%2Fwp%2Fv2%2Fcomments&post=5427"}],"version-history":[{"count":58,"href":"http:\/\/aeroclub-abbeville.fr\/index.php?rest_route=\/wp\/v2\/posts\/5427\/revisions"}],"predecessor-version":[{"id":6615,"href":"http:\/\/aeroclub-abbeville.fr\/index.php?rest_route=\/wp\/v2\/posts\/5427\/revisions\/6615"}],"wp:attachment":[{"href":"http:\/\/aeroclub-abbeville.fr\/index.php?rest_route=%2Fwp%2Fv2%2Fmedia&parent=5427"}],"wp:term":[{"taxonomy":"category","embeddable":true,"href":"http:\/\/aeroclub-abbeville.fr\/index.php?rest_route=%2Fwp%2Fv2%2Fcategories&post=5427"},{"taxonomy":"post_tag","embeddable":true,"href":"http:\/\/aeroclub-abbeville.fr\/index.php?rest_route=%2Fwp%2Fv2%2Ftags&post=5427"}],"curies":[{"name":"wp","href":"https:\/\/api.w.org\/{rel}","templated":true}]}}