{"id":5532,"date":"2022-07-11T20:10:24","date_gmt":"2022-07-11T19:10:24","guid":{"rendered":"http:\/\/aeroclub-abbeville.fr\/?p=5532"},"modified":"2022-07-11T20:10:24","modified_gmt":"2022-07-11T19:10:24","slug":"xavier-obtient-son-ppl","status":"publish","type":"post","link":"http:\/\/aeroclub-abbeville.fr\/?p=5532","title":{"rendered":"Xavier obtient son PPL"},"content":{"rendered":"\n<p>Apr\u00e8s son brevet de pilote ULM il y a quelques semaines, Xavier LARTISIEN vient de r\u00e9ussir ce lundi son PPL, brevet de pilote avion.<\/p>\n\n\n\n<p>Par cette chaleur \u00e9prouvante il reconnait avoir su\u00e9 quelques gouttes mais il a bien m\u00e9rit\u00e9 cette belle r\u00e9ussite!<\/p>\n\n\n\n<p>De tr\u00e8s beaux vols lui sont promis.<\/p>\n\n\n\n<p>F\u00e9licitations \u00e0 Xavier et merci \u00e0 ses instructeurs: Philippe DELOYE, Didier COQUEL, Alain HERMANT, Fran\u00e7ois TISSOT.<\/p>\n\n\n\n<p>Le voici en photo \u00e0 droite en compagnie de Didier COQUEL<\/p>\n\n\n\n<figure class=\"wp-block-image size-full\"><img fetchpriority=\"high\" decoding=\"async\" width=\"600\" height=\"449\" src=\"http:\/\/aeroclub-abbeville.fr\/wp-content\/uploads\/2022\/07\/ppl-Xavier-Lartisien-11-07-22-1-reduite.jpg\" alt=\"\" class=\"wp-image-5531\" srcset=\"http:\/\/aeroclub-abbeville.fr\/wp-content\/uploads\/2022\/07\/ppl-Xavier-Lartisien-11-07-22-1-reduite.jpg 600w, http:\/\/aeroclub-abbeville.fr\/wp-content\/uploads\/2022\/07\/ppl-Xavier-Lartisien-11-07-22-1-reduite-480x359.jpg 480w\" sizes=\"(max-width: 600px) 100vw, 600px\" \/><\/figure>\n","protected":false},"excerpt":{"rendered":"<p>Apr\u00e8s son brevet de pilote ULM il y a quelques semaines, Xavier LARTISIEN vient de r\u00e9ussir ce lundi son PPL, brevet de pilote avion. Par cette chaleur \u00e9prouvante il reconnait avoir su\u00e9 quelques gouttes mais il a bien m\u00e9rit\u00e9 cette belle r\u00e9ussite! De tr\u00e8s beaux vols lui sont promis. F\u00e9licitations \u00e0 Xavier et merci \u00e0 [&hellip;]<\/p>\n","protected":false},"author":20,"featured_media":0,"comment_status":"open","ping_status":"closed","sticky":false,"template":"","format":"standard","meta":{"inline_featured_image":false,"footnotes":""},"categories":[1],"tags":[],"class_list":["post-5532","post","type-post","status-publish","format-standard","hentry","category-non-classe"],"_links":{"self":[{"href":"http:\/\/aeroclub-abbeville.fr\/index.php?rest_route=\/wp\/v2\/posts\/5532","targetHints":{"allow":["GET"]}}],"collection":[{"href":"http:\/\/aeroclub-abbeville.fr\/index.php?rest_route=\/wp\/v2\/posts"}],"about":[{"href":"http:\/\/aeroclub-abbeville.fr\/index.php?rest_route=\/wp\/v2\/types\/post"}],"author":[{"embeddable":true,"href":"http:\/\/aeroclub-abbeville.fr\/index.php?rest_route=\/wp\/v2\/users\/20"}],"replies":[{"embeddable":true,"href":"http:\/\/aeroclub-abbeville.fr\/index.php?rest_route=%2Fwp%2Fv2%2Fcomments&post=5532"}],"version-history":[{"count":2,"href":"http:\/\/aeroclub-abbeville.fr\/index.php?rest_route=\/wp\/v2\/posts\/5532\/revisions"}],"predecessor-version":[{"id":5534,"href":"http:\/\/aeroclub-abbeville.fr\/index.php?rest_route=\/wp\/v2\/posts\/5532\/revisions\/5534"}],"wp:attachment":[{"href":"http:\/\/aeroclub-abbeville.fr\/index.php?rest_route=%2Fwp%2Fv2%2Fmedia&parent=5532"}],"wp:term":[{"taxonomy":"category","embeddable":true,"href":"http:\/\/aeroclub-abbeville.fr\/index.php?rest_route=%2Fwp%2Fv2%2Fcategories&post=5532"},{"taxonomy":"post_tag","embeddable":true,"href":"http:\/\/aeroclub-abbeville.fr\/index.php?rest_route=%2Fwp%2Fv2%2Ftags&post=5532"}],"curies":[{"name":"wp","href":"https:\/\/api.w.org\/{rel}","templated":true}]}}