{"id":5536,"date":"2022-07-14T10:27:46","date_gmt":"2022-07-14T09:27:46","guid":{"rendered":"http:\/\/aeroclub-abbeville.fr\/?p=5536"},"modified":"2022-07-14T10:44:43","modified_gmt":"2022-07-14T09:44:43","slug":"le-championnat-de-pologne-avec-alexandre-fierain-suite-et-fin","status":"publish","type":"post","link":"http:\/\/aeroclub-abbeville.fr\/?p=5536","title":{"rendered":"Au Championnat de Vol en Planeur en Pologne ! Avec Alexandre Fi\u00e9rain, encore une fois, \u00e0 Abbeville on est les rois !"},"content":{"rendered":"\n<p>Jeudi 14 Juillet 2022<\/p>\n\n\n\n<p class=\"has-text-align-center\">Alexandre Fierain a gagn\u00e9 le Championnat, l\u2019a\u00e9roclub d\u2019Abbeville est en joie !<\/p>\n\n\n\n<figure class=\"wp-block-image size-large\"><img fetchpriority=\"high\" decoding=\"async\" width=\"768\" height=\"1024\" src=\"http:\/\/aeroclub-abbeville.fr\/wp-content\/uploads\/2022\/07\/4AC1FACE-E7D2-44C8-8BAF-FC8EA66A3FCF-768x1024.jpeg\" alt=\"\" class=\"wp-image-5537\" srcset=\"http:\/\/aeroclub-abbeville.fr\/wp-content\/uploads\/2022\/07\/4AC1FACE-E7D2-44C8-8BAF-FC8EA66A3FCF-768x1024.jpeg 768w, http:\/\/aeroclub-abbeville.fr\/wp-content\/uploads\/2022\/07\/4AC1FACE-E7D2-44C8-8BAF-FC8EA66A3FCF-360x480.jpeg 360w, http:\/\/aeroclub-abbeville.fr\/wp-content\/uploads\/2022\/07\/4AC1FACE-E7D2-44C8-8BAF-FC8EA66A3FCF-1152x1536.jpeg 1152w, http:\/\/aeroclub-abbeville.fr\/wp-content\/uploads\/2022\/07\/4AC1FACE-E7D2-44C8-8BAF-FC8EA66A3FCF-624x832.jpeg 624w, http:\/\/aeroclub-abbeville.fr\/wp-content\/uploads\/2022\/07\/4AC1FACE-E7D2-44C8-8BAF-FC8EA66A3FCF.jpeg 1200w\" sizes=\"(max-width: 768px) 100vw, 768px\" \/><\/figure>\n\n\n\n<p class=\"has-text-align-center\">Le concours est fini est Alexandre est sur la plus haute marche du podium de la classe Club.<\/p>\n\n\n\n<p class=\"has-text-align-center\">Voici le classement final :&nbsp;<a href=\"https:\/\/www.soaringspot.com\/en_gb\/ostrow-glide-2022-07\/results\/club-a-regionals\" target=\"_blank\" rel=\"noreferrer noopener\">https:\/\/www.soaringspot.com\/en_gb\/ostrow-glide-2022-07\/results\/club-a-regionals<\/a><\/p>\n\n\n\n<p class=\"has-text-align-center\">et des photos du podium.<\/p>\n\n\n\n<figure class=\"wp-block-image size-full\"><img decoding=\"async\" width=\"540\" height=\"720\" src=\"http:\/\/aeroclub-abbeville.fr\/wp-content\/uploads\/2022\/07\/B0DC9B25-26A1-4E8E-8282-5C91E91D82BF.jpeg\" alt=\"\" class=\"wp-image-5538\" srcset=\"http:\/\/aeroclub-abbeville.fr\/wp-content\/uploads\/2022\/07\/B0DC9B25-26A1-4E8E-8282-5C91E91D82BF.jpeg 540w, http:\/\/aeroclub-abbeville.fr\/wp-content\/uploads\/2022\/07\/B0DC9B25-26A1-4E8E-8282-5C91E91D82BF-360x480.jpeg 360w\" sizes=\"(max-width: 540px) 100vw, 540px\" \/><\/figure>\n\n\n\n<p class=\"has-text-align-center\">Les fran\u00e7ais \u00e0 Ostrow sont (de gauche \u00e0 droite sur la photo) : <\/p>\n\n\n\n<p class=\"has-text-align-center\">Alis\u00e9e PETIT du club de Ch\u00e9rence, Th\u00e9o Manfredi du club de Ch\u00e9rence, Aude GRANGERAY (m\u00e9daille d&rsquo;argent lors des derniers championnat du monde f\u00e9minin en Australie), un d\u00e9panneur et&nbsp;Astrid GALARET du club d&rsquo;Orleans, debout&nbsp;Malo Poulain de Saint Pere du club de Ch\u00e9rence, <\/p>\n\n\n\n<figure class=\"wp-block-image size-full\"><img decoding=\"async\" width=\"540\" height=\"720\" src=\"http:\/\/aeroclub-abbeville.fr\/wp-content\/uploads\/2022\/07\/AF1E2E50-3AB8-434B-AC4A-6F0B20929E87.jpeg\" alt=\"\" class=\"wp-image-5540\" srcset=\"http:\/\/aeroclub-abbeville.fr\/wp-content\/uploads\/2022\/07\/AF1E2E50-3AB8-434B-AC4A-6F0B20929E87.jpeg 540w, http:\/\/aeroclub-abbeville.fr\/wp-content\/uploads\/2022\/07\/AF1E2E50-3AB8-434B-AC4A-6F0B20929E87-360x480.jpeg 360w\" sizes=\"(max-width: 540px) 100vw, 540px\" \/><\/figure>\n\n\n\n<p>Th\u00e9o NAPOLEON de Saint AUBAN et Alexandre.<\/p>\n\n\n\n<p>A bient\u00f4t<\/p>\n\n\n\n<p>Cr\u00e9dits Photos : Guillaume et Alexandre Fi\u00e9rain, Fran\u00e7oise Sockeel <\/p>\n\n\n\n<figure class=\"wp-block-image size-full\"><img loading=\"lazy\" decoding=\"async\" width=\"960\" height=\"720\" src=\"http:\/\/aeroclub-abbeville.fr\/wp-content\/uploads\/2022\/07\/FD55D2FE-7B11-4627-8ABF-9628EA55875C.jpeg\" alt=\"\" class=\"wp-image-5544\" srcset=\"http:\/\/aeroclub-abbeville.fr\/wp-content\/uploads\/2022\/07\/FD55D2FE-7B11-4627-8ABF-9628EA55875C.jpeg 960w, http:\/\/aeroclub-abbeville.fr\/wp-content\/uploads\/2022\/07\/FD55D2FE-7B11-4627-8ABF-9628EA55875C-480x360.jpeg 480w, http:\/\/aeroclub-abbeville.fr\/wp-content\/uploads\/2022\/07\/FD55D2FE-7B11-4627-8ABF-9628EA55875C-768x576.jpeg 768w, http:\/\/aeroclub-abbeville.fr\/wp-content\/uploads\/2022\/07\/FD55D2FE-7B11-4627-8ABF-9628EA55875C-624x468.jpeg 624w\" sizes=\"(max-width: 960px) 100vw, 960px\" \/><\/figure>\n","protected":false},"excerpt":{"rendered":"<p>Jeudi 14 Juillet 2022 Alexandre Fierain a gagn\u00e9 le Championnat, l\u2019a\u00e9roclub d\u2019Abbeville est en joie ! Le concours est fini est Alexandre est sur la plus haute marche du podium de la classe Club. Voici le classement final :&nbsp;https:\/\/www.soaringspot.com\/en_gb\/ostrow-glide-2022-07\/results\/club-a-regionals et des photos du podium. Les fran\u00e7ais \u00e0 Ostrow sont (de gauche \u00e0 droite sur la [&hellip;]<\/p>\n","protected":false},"author":211,"featured_media":0,"comment_status":"open","ping_status":"closed","sticky":false,"template":"","format":"standard","meta":{"inline_featured_image":false,"footnotes":""},"categories":[20,21,22,3,4,6,8,11,13,14,18,19,31],"tags":[],"class_list":["post-5536","post","type-post","status-publish","format-standard","hentry","category-actualites","category-arrosages-fetes","category-bia","category-club","category-competitions","category-formation","category-formation_planeur","category-manifestations","category-planeur","category-presse","category-vie-du-club","category-vol-a-voile","category-voyages"],"_links":{"self":[{"href":"http:\/\/aeroclub-abbeville.fr\/index.php?rest_route=\/wp\/v2\/posts\/5536","targetHints":{"allow":["GET"]}}],"collection":[{"href":"http:\/\/aeroclub-abbeville.fr\/index.php?rest_route=\/wp\/v2\/posts"}],"about":[{"href":"http:\/\/aeroclub-abbeville.fr\/index.php?rest_route=\/wp\/v2\/types\/post"}],"author":[{"embeddable":true,"href":"http:\/\/aeroclub-abbeville.fr\/index.php?rest_route=\/wp\/v2\/users\/211"}],"replies":[{"embeddable":true,"href":"http:\/\/aeroclub-abbeville.fr\/index.php?rest_route=%2Fwp%2Fv2%2Fcomments&post=5536"}],"version-history":[{"count":8,"href":"http:\/\/aeroclub-abbeville.fr\/index.php?rest_route=\/wp\/v2\/posts\/5536\/revisions"}],"predecessor-version":[{"id":5550,"href":"http:\/\/aeroclub-abbeville.fr\/index.php?rest_route=\/wp\/v2\/posts\/5536\/revisions\/5550"}],"wp:attachment":[{"href":"http:\/\/aeroclub-abbeville.fr\/index.php?rest_route=%2Fwp%2Fv2%2Fmedia&parent=5536"}],"wp:term":[{"taxonomy":"category","embeddable":true,"href":"http:\/\/aeroclub-abbeville.fr\/index.php?rest_route=%2Fwp%2Fv2%2Fcategories&post=5536"},{"taxonomy":"post_tag","embeddable":true,"href":"http:\/\/aeroclub-abbeville.fr\/index.php?rest_route=%2Fwp%2Fv2%2Ftags&post=5536"}],"curies":[{"name":"wp","href":"https:\/\/api.w.org\/{rel}","templated":true}]}}