{"id":5568,"date":"2022-08-13T18:16:12","date_gmt":"2022-08-13T17:16:12","guid":{"rendered":"http:\/\/aeroclub-abbeville.fr\/?p=5568"},"modified":"2022-08-14T10:06:44","modified_gmt":"2022-08-14T09:06:44","slug":"partir-partir-en-ulm-ou-en-avion-ma-foi-en-normandie-a-avranches-cetait-super-on-reviendra","status":"publish","type":"post","link":"http:\/\/aeroclub-abbeville.fr\/?p=5568","title":{"rendered":"Partir, Partir ! En ULM ou en Avion, ma foi ! En Normandie \u00e0 Avranches, c&rsquo;\u00e9tait super, on reviendra !"},"content":{"rendered":"\n<p>Week-end du 9 et 10 juillet 2022<\/p>\n\n\n\n<p><\/p>\n\n\n\n<p class=\"has-text-align-center\">\u00c0 Avranches, qu&rsquo;est ce qu&rsquo;il est beau mon \u00ab\u00a0Nain de Jardin\u00a0\u00bb !<\/p>\n\n\n\n<p><\/p>\n\n\n\n<p class=\"has-text-align-center\">Connaissez vous William ? Notre sympathique et p\u00e9tillant pr\u00e9sident de la section ULM ? Toujours pr\u00eat \u00e0 la d\u00e9couverte, au coup de main, \u00e0 nous concocter autant de bonnes id\u00e9es de sorties que de soir\u00e9es moules-frites ! Voil\u00e0 qu&rsquo;il nous propose pour son intronisation \u00e0 la t\u00eate de la section, de pr\u00e9parer un voyage en Normandie, \u00e0 Avranches, pour le premier week-end de juillet !!! Imaginez donc ! Bien s\u00fbr, tout le monde a dit \u00ab\u00a0Oui\u00a0\u00bb et ne l&rsquo;a pas regrett\u00e9 !!!<\/p>\n\n\n\n<figure class=\"wp-block-image size-large\"><img fetchpriority=\"high\" decoding=\"async\" width=\"1024\" height=\"577\" src=\"http:\/\/aeroclub-abbeville.fr\/wp-content\/uploads\/2022\/08\/20220709_220555-1024x577.jpg\" alt=\"\" class=\"wp-image-5569\" srcset=\"http:\/\/aeroclub-abbeville.fr\/wp-content\/uploads\/2022\/08\/20220709_220555-1024x577.jpg 1024w, http:\/\/aeroclub-abbeville.fr\/wp-content\/uploads\/2022\/08\/20220709_220555-480x270.jpg 480w, http:\/\/aeroclub-abbeville.fr\/wp-content\/uploads\/2022\/08\/20220709_220555-768x432.jpg 768w, http:\/\/aeroclub-abbeville.fr\/wp-content\/uploads\/2022\/08\/20220709_220555-1536x865.jpg 1536w, http:\/\/aeroclub-abbeville.fr\/wp-content\/uploads\/2022\/08\/20220709_220555-2048x1153.jpg 2048w, http:\/\/aeroclub-abbeville.fr\/wp-content\/uploads\/2022\/08\/20220709_220555-624x351.jpg 624w\" sizes=\"(max-width: 1024px) 100vw, 1024px\" \/><figcaption>Avoir une telle d\u00e9co sur le terrain, quel r\u00eave !<\/figcaption><\/figure>\n\n\n\n<p class=\"has-text-align-center\">On ne part pas comme \u00e7a, le nez en l&rsquo;air ! D&rsquo;abord, il y a le briefing d\u00e8s 8h dans la salle de cours ! avec l&rsquo;aide de Fred et G\u00e9rard, deux de nos Pilotes exp\u00e9riment\u00e9s, on pr\u00e9pare la \u00a0\u00bb Nav\u00a0\u00bb ! \u00c7a ne rigole pas, non mais ! Notam, M\u00e9t\u00e9o, Plan de vol, chacun son choix, chacun sa route, mais le maitre mot pour tous, \u00ab\u00a0la S\u00e9curit\u00e9\u00a0\u00bb en premier !<\/p>\n\n\n\n<figure class=\"wp-block-gallery columns-3 is-cropped wp-block-gallery-1 is-layout-flex wp-block-gallery-is-layout-flex\"><ul class=\"blocks-gallery-grid\"><li class=\"blocks-gallery-item\"><figure><img decoding=\"async\" width=\"1024\" height=\"577\" src=\"http:\/\/aeroclub-abbeville.fr\/wp-content\/uploads\/2022\/08\/20220709_074242-1024x577.jpg\" alt=\"\" data-id=\"5570\" data-link=\"http:\/\/aeroclub-abbeville.fr\/?attachment_id=5570\" class=\"wp-image-5570\" srcset=\"http:\/\/aeroclub-abbeville.fr\/wp-content\/uploads\/2022\/08\/20220709_074242-1024x577.jpg 1024w, http:\/\/aeroclub-abbeville.fr\/wp-content\/uploads\/2022\/08\/20220709_074242-480x270.jpg 480w, http:\/\/aeroclub-abbeville.fr\/wp-content\/uploads\/2022\/08\/20220709_074242-768x432.jpg 768w, http:\/\/aeroclub-abbeville.fr\/wp-content\/uploads\/2022\/08\/20220709_074242-1536x865.jpg 1536w, http:\/\/aeroclub-abbeville.fr\/wp-content\/uploads\/2022\/08\/20220709_074242-2048x1153.jpg 2048w, http:\/\/aeroclub-abbeville.fr\/wp-content\/uploads\/2022\/08\/20220709_074242-624x351.jpg 624w\" sizes=\"(max-width: 1024px) 100vw, 1024px\" \/><\/figure><\/li><li class=\"blocks-gallery-item\"><figure><img decoding=\"async\" width=\"1024\" height=\"577\" src=\"http:\/\/aeroclub-abbeville.fr\/wp-content\/uploads\/2022\/08\/20220709_074225-1024x577.jpg\" alt=\"\" data-id=\"5571\" data-link=\"http:\/\/aeroclub-abbeville.fr\/?attachment_id=5571\" class=\"wp-image-5571\" srcset=\"http:\/\/aeroclub-abbeville.fr\/wp-content\/uploads\/2022\/08\/20220709_074225-1024x577.jpg 1024w, http:\/\/aeroclub-abbeville.fr\/wp-content\/uploads\/2022\/08\/20220709_074225-480x270.jpg 480w, http:\/\/aeroclub-abbeville.fr\/wp-content\/uploads\/2022\/08\/20220709_074225-768x432.jpg 768w, http:\/\/aeroclub-abbeville.fr\/wp-content\/uploads\/2022\/08\/20220709_074225-1536x865.jpg 1536w, http:\/\/aeroclub-abbeville.fr\/wp-content\/uploads\/2022\/08\/20220709_074225-2048x1153.jpg 2048w, http:\/\/aeroclub-abbeville.fr\/wp-content\/uploads\/2022\/08\/20220709_074225-624x351.jpg 624w\" sizes=\"(max-width: 1024px) 100vw, 1024px\" \/><\/figure><\/li><li class=\"blocks-gallery-item\"><figure><img loading=\"lazy\" decoding=\"async\" width=\"1024\" height=\"577\" src=\"http:\/\/aeroclub-abbeville.fr\/wp-content\/uploads\/2022\/08\/20220709_074431-1024x577.jpg\" alt=\"\" data-id=\"5572\" data-link=\"http:\/\/aeroclub-abbeville.fr\/?attachment_id=5572\" class=\"wp-image-5572\" srcset=\"http:\/\/aeroclub-abbeville.fr\/wp-content\/uploads\/2022\/08\/20220709_074431-1024x577.jpg 1024w, http:\/\/aeroclub-abbeville.fr\/wp-content\/uploads\/2022\/08\/20220709_074431-480x270.jpg 480w, http:\/\/aeroclub-abbeville.fr\/wp-content\/uploads\/2022\/08\/20220709_074431-768x432.jpg 768w, http:\/\/aeroclub-abbeville.fr\/wp-content\/uploads\/2022\/08\/20220709_074431-1536x865.jpg 1536w, http:\/\/aeroclub-abbeville.fr\/wp-content\/uploads\/2022\/08\/20220709_074431-2048x1153.jpg 2048w, http:\/\/aeroclub-abbeville.fr\/wp-content\/uploads\/2022\/08\/20220709_074431-624x351.jpg 624w\" sizes=\"(max-width: 1024px) 100vw, 1024px\" \/><\/figure><\/li><li class=\"blocks-gallery-item\"><figure><img loading=\"lazy\" decoding=\"async\" width=\"1024\" height=\"577\" src=\"http:\/\/aeroclub-abbeville.fr\/wp-content\/uploads\/2022\/08\/20220709_074532-1024x577.jpg\" alt=\"\" data-id=\"5573\" data-link=\"http:\/\/aeroclub-abbeville.fr\/?attachment_id=5573\" class=\"wp-image-5573\" srcset=\"http:\/\/aeroclub-abbeville.fr\/wp-content\/uploads\/2022\/08\/20220709_074532-1024x577.jpg 1024w, http:\/\/aeroclub-abbeville.fr\/wp-content\/uploads\/2022\/08\/20220709_074532-480x270.jpg 480w, http:\/\/aeroclub-abbeville.fr\/wp-content\/uploads\/2022\/08\/20220709_074532-768x432.jpg 768w, http:\/\/aeroclub-abbeville.fr\/wp-content\/uploads\/2022\/08\/20220709_074532-1536x865.jpg 1536w, http:\/\/aeroclub-abbeville.fr\/wp-content\/uploads\/2022\/08\/20220709_074532-2048x1153.jpg 2048w, http:\/\/aeroclub-abbeville.fr\/wp-content\/uploads\/2022\/08\/20220709_074532-624x351.jpg 624w\" sizes=\"(max-width: 1024px) 100vw, 1024px\" \/><\/figure><\/li><li class=\"blocks-gallery-item\"><figure><img loading=\"lazy\" decoding=\"async\" width=\"1024\" height=\"577\" src=\"http:\/\/aeroclub-abbeville.fr\/wp-content\/uploads\/2022\/08\/20220709_074842-1024x577.jpg\" alt=\"\" data-id=\"5574\" data-link=\"http:\/\/aeroclub-abbeville.fr\/?attachment_id=5574\" class=\"wp-image-5574\" srcset=\"http:\/\/aeroclub-abbeville.fr\/wp-content\/uploads\/2022\/08\/20220709_074842-1024x577.jpg 1024w, http:\/\/aeroclub-abbeville.fr\/wp-content\/uploads\/2022\/08\/20220709_074842-480x270.jpg 480w, http:\/\/aeroclub-abbeville.fr\/wp-content\/uploads\/2022\/08\/20220709_074842-768x432.jpg 768w, http:\/\/aeroclub-abbeville.fr\/wp-content\/uploads\/2022\/08\/20220709_074842-1536x865.jpg 1536w, http:\/\/aeroclub-abbeville.fr\/wp-content\/uploads\/2022\/08\/20220709_074842-2048x1153.jpg 2048w, http:\/\/aeroclub-abbeville.fr\/wp-content\/uploads\/2022\/08\/20220709_074842-624x351.jpg 624w\" sizes=\"(max-width: 1024px) 100vw, 1024px\" \/><\/figure><\/li><\/ul><figcaption class=\"blocks-gallery-caption\">C&rsquo;est s\u00e9rieux ! on ne rigole pas !<\/figcaption><\/figure>\n\n\n\n<p><\/p>\n\n\n\n<p><\/p>\n\n\n\n<p class=\"has-text-align-center\">Pour William et Agn\u00e8s, la logistique n&rsquo;a pas de secrets, le trajet se fera en voiture avec tout le mat\u00e9riel et les repas. Tout est pr\u00eat, on peut sortir les avions !<\/p>\n\n\n\n<figure class=\"wp-block-gallery columns-3 is-cropped wp-block-gallery-2 is-layout-flex wp-block-gallery-is-layout-flex\"><ul class=\"blocks-gallery-grid\"><li class=\"blocks-gallery-item\"><figure><img loading=\"lazy\" decoding=\"async\" width=\"1024\" height=\"576\" src=\"http:\/\/aeroclub-abbeville.fr\/wp-content\/uploads\/2022\/08\/20220709_081722-1024x576.jpg\" alt=\"\" data-id=\"5578\" data-link=\"http:\/\/aeroclub-abbeville.fr\/?attachment_id=5578\" class=\"wp-image-5578\" srcset=\"http:\/\/aeroclub-abbeville.fr\/wp-content\/uploads\/2022\/08\/20220709_081722-1024x576.jpg 1024w, http:\/\/aeroclub-abbeville.fr\/wp-content\/uploads\/2022\/08\/20220709_081722-480x270.jpg 480w, http:\/\/aeroclub-abbeville.fr\/wp-content\/uploads\/2022\/08\/20220709_081722-768x432.jpg 768w, http:\/\/aeroclub-abbeville.fr\/wp-content\/uploads\/2022\/08\/20220709_081722-1536x864.jpg 1536w, http:\/\/aeroclub-abbeville.fr\/wp-content\/uploads\/2022\/08\/20220709_081722-2048x1152.jpg 2048w, http:\/\/aeroclub-abbeville.fr\/wp-content\/uploads\/2022\/08\/20220709_081722-624x351.jpg 624w\" sizes=\"(max-width: 1024px) 100vw, 1024px\" \/><\/figure><\/li><li class=\"blocks-gallery-item\"><figure><img loading=\"lazy\" decoding=\"async\" width=\"577\" height=\"1024\" src=\"http:\/\/aeroclub-abbeville.fr\/wp-content\/uploads\/2022\/08\/20220709_081836-1-577x1024.jpg\" alt=\"\" data-id=\"5576\" data-link=\"http:\/\/aeroclub-abbeville.fr\/?attachment_id=5576\" class=\"wp-image-5576\" srcset=\"http:\/\/aeroclub-abbeville.fr\/wp-content\/uploads\/2022\/08\/20220709_081836-1-577x1024.jpg 577w, http:\/\/aeroclub-abbeville.fr\/wp-content\/uploads\/2022\/08\/20220709_081836-1-270x480.jpg 270w, http:\/\/aeroclub-abbeville.fr\/wp-content\/uploads\/2022\/08\/20220709_081836-1-768x1364.jpg 768w, http:\/\/aeroclub-abbeville.fr\/wp-content\/uploads\/2022\/08\/20220709_081836-1-865x1536.jpg 865w, http:\/\/aeroclub-abbeville.fr\/wp-content\/uploads\/2022\/08\/20220709_081836-1-1153x2048.jpg 1153w, http:\/\/aeroclub-abbeville.fr\/wp-content\/uploads\/2022\/08\/20220709_081836-1-624x1108.jpg 624w, http:\/\/aeroclub-abbeville.fr\/wp-content\/uploads\/2022\/08\/20220709_081836-1-scaled.jpg 1442w\" sizes=\"(max-width: 577px) 100vw, 577px\" \/><\/figure><\/li><li class=\"blocks-gallery-item\"><figure><img loading=\"lazy\" decoding=\"async\" width=\"1024\" height=\"577\" src=\"http:\/\/aeroclub-abbeville.fr\/wp-content\/uploads\/2022\/08\/20220709_081819-1024x577.jpg\" alt=\"\" data-id=\"5577\" data-link=\"http:\/\/aeroclub-abbeville.fr\/?attachment_id=5577\" class=\"wp-image-5577\" srcset=\"http:\/\/aeroclub-abbeville.fr\/wp-content\/uploads\/2022\/08\/20220709_081819-1024x577.jpg 1024w, http:\/\/aeroclub-abbeville.fr\/wp-content\/uploads\/2022\/08\/20220709_081819-480x270.jpg 480w, http:\/\/aeroclub-abbeville.fr\/wp-content\/uploads\/2022\/08\/20220709_081819-768x432.jpg 768w, http:\/\/aeroclub-abbeville.fr\/wp-content\/uploads\/2022\/08\/20220709_081819-1536x865.jpg 1536w, http:\/\/aeroclub-abbeville.fr\/wp-content\/uploads\/2022\/08\/20220709_081819-2048x1153.jpg 2048w, http:\/\/aeroclub-abbeville.fr\/wp-content\/uploads\/2022\/08\/20220709_081819-624x351.jpg 624w\" sizes=\"(max-width: 1024px) 100vw, 1024px\" \/><\/figure><\/li><li class=\"blocks-gallery-item\"><figure><img loading=\"lazy\" decoding=\"async\" width=\"1024\" height=\"576\" src=\"http:\/\/aeroclub-abbeville.fr\/wp-content\/uploads\/2022\/08\/20220709_072518-1024x576.jpg\" alt=\"\" data-id=\"5600\" data-full-url=\"http:\/\/aeroclub-abbeville.fr\/wp-content\/uploads\/2022\/08\/20220709_072518-scaled.jpg\" data-link=\"http:\/\/aeroclub-abbeville.fr\/?attachment_id=5600\" class=\"wp-image-5600\" srcset=\"http:\/\/aeroclub-abbeville.fr\/wp-content\/uploads\/2022\/08\/20220709_072518-1024x576.jpg 1024w, http:\/\/aeroclub-abbeville.fr\/wp-content\/uploads\/2022\/08\/20220709_072518-480x270.jpg 480w, http:\/\/aeroclub-abbeville.fr\/wp-content\/uploads\/2022\/08\/20220709_072518-768x432.jpg 768w, http:\/\/aeroclub-abbeville.fr\/wp-content\/uploads\/2022\/08\/20220709_072518-1536x864.jpg 1536w, http:\/\/aeroclub-abbeville.fr\/wp-content\/uploads\/2022\/08\/20220709_072518-2048x1152.jpg 2048w, http:\/\/aeroclub-abbeville.fr\/wp-content\/uploads\/2022\/08\/20220709_072518-624x351.jpg 624w\" sizes=\"(max-width: 1024px) 100vw, 1024px\" \/><\/figure><\/li><\/ul><\/figure>\n\n\n\n<p><\/p>\n\n\n\n<p><\/p>\n\n\n\n<p class=\"has-text-align-center\">ULM ou Avions, nous sommes tous pr\u00eats pour le d\u00e9part ! 2 ou 4 pilotes et passagers suivant l&rsquo;a\u00e9ronef choisi ! Apr\u00e8s quelques minutes d&rsquo;attente \u00e0 cause d&rsquo;une brume matinale, la plupart des copains prennent leur vol pour la Normandie vue du ciel ! La \u00ab\u00a0M\u00e8re Poulard\u00a0\u00bb nous attend ! <\/p>\n\n\n\n<figure class=\"wp-block-gallery columns-3 is-cropped wp-block-gallery-3 is-layout-flex wp-block-gallery-is-layout-flex\"><ul class=\"blocks-gallery-grid\"><li class=\"blocks-gallery-item\"><figure><img loading=\"lazy\" decoding=\"async\" width=\"1024\" height=\"577\" src=\"http:\/\/aeroclub-abbeville.fr\/wp-content\/uploads\/2022\/08\/20220709_080705-1024x577.jpg\" alt=\"\" data-id=\"5579\" data-link=\"http:\/\/aeroclub-abbeville.fr\/?attachment_id=5579\" class=\"wp-image-5579\" srcset=\"http:\/\/aeroclub-abbeville.fr\/wp-content\/uploads\/2022\/08\/20220709_080705-1024x577.jpg 1024w, http:\/\/aeroclub-abbeville.fr\/wp-content\/uploads\/2022\/08\/20220709_080705-480x270.jpg 480w, http:\/\/aeroclub-abbeville.fr\/wp-content\/uploads\/2022\/08\/20220709_080705-768x432.jpg 768w, http:\/\/aeroclub-abbeville.fr\/wp-content\/uploads\/2022\/08\/20220709_080705-1536x865.jpg 1536w, http:\/\/aeroclub-abbeville.fr\/wp-content\/uploads\/2022\/08\/20220709_080705-2048x1153.jpg 2048w, http:\/\/aeroclub-abbeville.fr\/wp-content\/uploads\/2022\/08\/20220709_080705-624x351.jpg 624w\" sizes=\"(max-width: 1024px) 100vw, 1024px\" \/><\/figure><\/li><li class=\"blocks-gallery-item\"><figure><img loading=\"lazy\" decoding=\"async\" width=\"1024\" height=\"577\" src=\"http:\/\/aeroclub-abbeville.fr\/wp-content\/uploads\/2022\/08\/20220709_080712-1024x577.jpg\" alt=\"\" data-id=\"5580\" data-link=\"http:\/\/aeroclub-abbeville.fr\/?attachment_id=5580\" class=\"wp-image-5580\" srcset=\"http:\/\/aeroclub-abbeville.fr\/wp-content\/uploads\/2022\/08\/20220709_080712-1024x577.jpg 1024w, http:\/\/aeroclub-abbeville.fr\/wp-content\/uploads\/2022\/08\/20220709_080712-480x270.jpg 480w, http:\/\/aeroclub-abbeville.fr\/wp-content\/uploads\/2022\/08\/20220709_080712-768x432.jpg 768w, http:\/\/aeroclub-abbeville.fr\/wp-content\/uploads\/2022\/08\/20220709_080712-1536x865.jpg 1536w, http:\/\/aeroclub-abbeville.fr\/wp-content\/uploads\/2022\/08\/20220709_080712-2048x1153.jpg 2048w, http:\/\/aeroclub-abbeville.fr\/wp-content\/uploads\/2022\/08\/20220709_080712-624x351.jpg 624w\" sizes=\"(max-width: 1024px) 100vw, 1024px\" \/><\/figure><\/li><li class=\"blocks-gallery-item\"><figure><img loading=\"lazy\" decoding=\"async\" width=\"1024\" height=\"577\" src=\"http:\/\/aeroclub-abbeville.fr\/wp-content\/uploads\/2022\/08\/20220709_080654-1024x577.jpg\" alt=\"\" data-id=\"5581\" data-link=\"http:\/\/aeroclub-abbeville.fr\/?attachment_id=5581\" class=\"wp-image-5581\" srcset=\"http:\/\/aeroclub-abbeville.fr\/wp-content\/uploads\/2022\/08\/20220709_080654-1024x577.jpg 1024w, http:\/\/aeroclub-abbeville.fr\/wp-content\/uploads\/2022\/08\/20220709_080654-480x270.jpg 480w, http:\/\/aeroclub-abbeville.fr\/wp-content\/uploads\/2022\/08\/20220709_080654-768x432.jpg 768w, http:\/\/aeroclub-abbeville.fr\/wp-content\/uploads\/2022\/08\/20220709_080654-1536x865.jpg 1536w, http:\/\/aeroclub-abbeville.fr\/wp-content\/uploads\/2022\/08\/20220709_080654-2048x1153.jpg 2048w, http:\/\/aeroclub-abbeville.fr\/wp-content\/uploads\/2022\/08\/20220709_080654-624x351.jpg 624w\" sizes=\"(max-width: 1024px) 100vw, 1024px\" \/><\/figure><\/li><li class=\"blocks-gallery-item\"><figure><img loading=\"lazy\" decoding=\"async\" width=\"1024\" height=\"577\" src=\"http:\/\/aeroclub-abbeville.fr\/wp-content\/uploads\/2022\/08\/20220709_081245-1024x577.jpg\" alt=\"\" data-id=\"5582\" data-link=\"http:\/\/aeroclub-abbeville.fr\/?attachment_id=5582\" class=\"wp-image-5582\" srcset=\"http:\/\/aeroclub-abbeville.fr\/wp-content\/uploads\/2022\/08\/20220709_081245-1024x577.jpg 1024w, http:\/\/aeroclub-abbeville.fr\/wp-content\/uploads\/2022\/08\/20220709_081245-480x270.jpg 480w, http:\/\/aeroclub-abbeville.fr\/wp-content\/uploads\/2022\/08\/20220709_081245-768x432.jpg 768w, http:\/\/aeroclub-abbeville.fr\/wp-content\/uploads\/2022\/08\/20220709_081245-1536x865.jpg 1536w, http:\/\/aeroclub-abbeville.fr\/wp-content\/uploads\/2022\/08\/20220709_081245-2048x1153.jpg 2048w, http:\/\/aeroclub-abbeville.fr\/wp-content\/uploads\/2022\/08\/20220709_081245-624x351.jpg 624w\" sizes=\"(max-width: 1024px) 100vw, 1024px\" \/><\/figure><\/li><li class=\"blocks-gallery-item\"><figure><img loading=\"lazy\" decoding=\"async\" width=\"1024\" height=\"577\" src=\"http:\/\/aeroclub-abbeville.fr\/wp-content\/uploads\/2022\/08\/20220709_080615-1024x577.jpg\" alt=\"\" data-id=\"5583\" data-link=\"http:\/\/aeroclub-abbeville.fr\/?attachment_id=5583\" class=\"wp-image-5583\" srcset=\"http:\/\/aeroclub-abbeville.fr\/wp-content\/uploads\/2022\/08\/20220709_080615-1024x577.jpg 1024w, http:\/\/aeroclub-abbeville.fr\/wp-content\/uploads\/2022\/08\/20220709_080615-480x270.jpg 480w, http:\/\/aeroclub-abbeville.fr\/wp-content\/uploads\/2022\/08\/20220709_080615-768x432.jpg 768w, http:\/\/aeroclub-abbeville.fr\/wp-content\/uploads\/2022\/08\/20220709_080615-1536x865.jpg 1536w, http:\/\/aeroclub-abbeville.fr\/wp-content\/uploads\/2022\/08\/20220709_080615-2048x1153.jpg 2048w, http:\/\/aeroclub-abbeville.fr\/wp-content\/uploads\/2022\/08\/20220709_080615-624x351.jpg 624w\" sizes=\"(max-width: 1024px) 100vw, 1024px\" \/><\/figure><\/li><li class=\"blocks-gallery-item\"><figure><img loading=\"lazy\" decoding=\"async\" width=\"1024\" height=\"577\" src=\"http:\/\/aeroclub-abbeville.fr\/wp-content\/uploads\/2022\/08\/20220709_080705-1-1024x577.jpg\" alt=\"\" data-id=\"5585\" data-link=\"http:\/\/aeroclub-abbeville.fr\/?attachment_id=5585\" class=\"wp-image-5585\" srcset=\"http:\/\/aeroclub-abbeville.fr\/wp-content\/uploads\/2022\/08\/20220709_080705-1-1024x577.jpg 1024w, http:\/\/aeroclub-abbeville.fr\/wp-content\/uploads\/2022\/08\/20220709_080705-1-480x270.jpg 480w, http:\/\/aeroclub-abbeville.fr\/wp-content\/uploads\/2022\/08\/20220709_080705-1-768x432.jpg 768w, http:\/\/aeroclub-abbeville.fr\/wp-content\/uploads\/2022\/08\/20220709_080705-1-1536x865.jpg 1536w, http:\/\/aeroclub-abbeville.fr\/wp-content\/uploads\/2022\/08\/20220709_080705-1-2048x1153.jpg 2048w, http:\/\/aeroclub-abbeville.fr\/wp-content\/uploads\/2022\/08\/20220709_080705-1-624x351.jpg 624w\" sizes=\"(max-width: 1024px) 100vw, 1024px\" \/><\/figure><\/li><li class=\"blocks-gallery-item\"><figure><img loading=\"lazy\" decoding=\"async\" width=\"1024\" height=\"576\" src=\"http:\/\/aeroclub-abbeville.fr\/wp-content\/uploads\/2022\/08\/20220709_083403_001-1024x576.jpg\" alt=\"\" data-id=\"5602\" data-full-url=\"http:\/\/aeroclub-abbeville.fr\/wp-content\/uploads\/2022\/08\/20220709_083403_001-scaled.jpg\" data-link=\"http:\/\/aeroclub-abbeville.fr\/?attachment_id=5602\" class=\"wp-image-5602\" srcset=\"http:\/\/aeroclub-abbeville.fr\/wp-content\/uploads\/2022\/08\/20220709_083403_001-1024x576.jpg 1024w, http:\/\/aeroclub-abbeville.fr\/wp-content\/uploads\/2022\/08\/20220709_083403_001-480x270.jpg 480w, http:\/\/aeroclub-abbeville.fr\/wp-content\/uploads\/2022\/08\/20220709_083403_001-768x432.jpg 768w, http:\/\/aeroclub-abbeville.fr\/wp-content\/uploads\/2022\/08\/20220709_083403_001-1536x864.jpg 1536w, http:\/\/aeroclub-abbeville.fr\/wp-content\/uploads\/2022\/08\/20220709_083403_001-2048x1152.jpg 2048w, http:\/\/aeroclub-abbeville.fr\/wp-content\/uploads\/2022\/08\/20220709_083403_001-624x351.jpg 624w\" sizes=\"(max-width: 1024px) 100vw, 1024px\" \/><\/figure><\/li><li class=\"blocks-gallery-item\"><figure><img loading=\"lazy\" decoding=\"async\" width=\"577\" height=\"1024\" src=\"http:\/\/aeroclub-abbeville.fr\/wp-content\/uploads\/2022\/08\/20220709_081358-577x1024.jpg\" alt=\"\" data-id=\"5584\" data-link=\"http:\/\/aeroclub-abbeville.fr\/?attachment_id=5584\" class=\"wp-image-5584\" srcset=\"http:\/\/aeroclub-abbeville.fr\/wp-content\/uploads\/2022\/08\/20220709_081358-577x1024.jpg 577w, http:\/\/aeroclub-abbeville.fr\/wp-content\/uploads\/2022\/08\/20220709_081358-270x480.jpg 270w, http:\/\/aeroclub-abbeville.fr\/wp-content\/uploads\/2022\/08\/20220709_081358-768x1364.jpg 768w, http:\/\/aeroclub-abbeville.fr\/wp-content\/uploads\/2022\/08\/20220709_081358-865x1536.jpg 865w, http:\/\/aeroclub-abbeville.fr\/wp-content\/uploads\/2022\/08\/20220709_081358-1153x2048.jpg 1153w, http:\/\/aeroclub-abbeville.fr\/wp-content\/uploads\/2022\/08\/20220709_081358-624x1108.jpg 624w, http:\/\/aeroclub-abbeville.fr\/wp-content\/uploads\/2022\/08\/20220709_081358-scaled.jpg 1442w\" sizes=\"(max-width: 577px) 100vw, 577px\" \/><figcaption class=\"blocks-gallery-item__caption\">G\u00e9rard et Pascal auront la chance de voyager avec\u00a0\u00bb Air Force One\u00a0\u00bb, l&rsquo;avion de notre Pr\u00e9sident Jean Pierre Lignier !<\/figcaption><\/figure><\/li><\/ul><\/figure>\n\n\n\n<p class=\"has-text-align-center\">  <\/p>\n\n\n\n<p class=\"has-text-align-center\">Et c&rsquo;est parti ! Le temps est clair, la m\u00e9t\u00e9o est favorable, nous prenons le chemin de la c\u00f4te jusqu&rsquo;\u00e0 \u00c9tretat, puis, Honfleur et la c\u00f4te jusqu&rsquo;\u00e0 la pointe du Hoc, les plages du D\u00e9barquement, puis la presqu&rsquo;\u00eele du Cotentin que nous coupons en biais pour rejoindre Lessay, Coutances et descendre sur Avranches o\u00f9 nous sommes attendus \u00e0 l&rsquo;A\u00e9rodrome des Gr\u00e8ves du Mont Saint Michel !<\/p>\n\n\n\n<figure class=\"wp-block-gallery columns-3 is-cropped wp-block-gallery-4 is-layout-flex wp-block-gallery-is-layout-flex\"><ul class=\"blocks-gallery-grid\"><li class=\"blocks-gallery-item\"><figure><img loading=\"lazy\" decoding=\"async\" width=\"1024\" height=\"577\" src=\"http:\/\/aeroclub-abbeville.fr\/wp-content\/uploads\/2022\/08\/20220709_081950-1024x577.jpg\" alt=\"\" data-id=\"5592\" data-link=\"http:\/\/aeroclub-abbeville.fr\/?attachment_id=5592\" class=\"wp-image-5592\" srcset=\"http:\/\/aeroclub-abbeville.fr\/wp-content\/uploads\/2022\/08\/20220709_081950-1024x577.jpg 1024w, http:\/\/aeroclub-abbeville.fr\/wp-content\/uploads\/2022\/08\/20220709_081950-480x270.jpg 480w, http:\/\/aeroclub-abbeville.fr\/wp-content\/uploads\/2022\/08\/20220709_081950-768x432.jpg 768w, http:\/\/aeroclub-abbeville.fr\/wp-content\/uploads\/2022\/08\/20220709_081950-1536x865.jpg 1536w, http:\/\/aeroclub-abbeville.fr\/wp-content\/uploads\/2022\/08\/20220709_081950-2048x1153.jpg 2048w, http:\/\/aeroclub-abbeville.fr\/wp-content\/uploads\/2022\/08\/20220709_081950-624x351.jpg 624w\" sizes=\"(max-width: 1024px) 100vw, 1024px\" \/><\/figure><\/li><li class=\"blocks-gallery-item\"><figure><img loading=\"lazy\" decoding=\"async\" width=\"1024\" height=\"577\" src=\"http:\/\/aeroclub-abbeville.fr\/wp-content\/uploads\/2022\/08\/20220709_082009-1024x577.jpg\" alt=\"\" data-id=\"5593\" data-link=\"http:\/\/aeroclub-abbeville.fr\/?attachment_id=5593\" class=\"wp-image-5593\" srcset=\"http:\/\/aeroclub-abbeville.fr\/wp-content\/uploads\/2022\/08\/20220709_082009-1024x577.jpg 1024w, http:\/\/aeroclub-abbeville.fr\/wp-content\/uploads\/2022\/08\/20220709_082009-480x270.jpg 480w, http:\/\/aeroclub-abbeville.fr\/wp-content\/uploads\/2022\/08\/20220709_082009-768x432.jpg 768w, http:\/\/aeroclub-abbeville.fr\/wp-content\/uploads\/2022\/08\/20220709_082009-1536x865.jpg 1536w, http:\/\/aeroclub-abbeville.fr\/wp-content\/uploads\/2022\/08\/20220709_082009-2048x1153.jpg 2048w, http:\/\/aeroclub-abbeville.fr\/wp-content\/uploads\/2022\/08\/20220709_082009-624x351.jpg 624w\" sizes=\"(max-width: 1024px) 100vw, 1024px\" \/><\/figure><\/li><li class=\"blocks-gallery-item\"><figure><img loading=\"lazy\" decoding=\"async\" width=\"1024\" height=\"577\" src=\"http:\/\/aeroclub-abbeville.fr\/wp-content\/uploads\/2022\/08\/20220709_085718-1024x577.jpg\" alt=\"\" data-id=\"5594\" data-link=\"http:\/\/aeroclub-abbeville.fr\/?attachment_id=5594\" class=\"wp-image-5594\" srcset=\"http:\/\/aeroclub-abbeville.fr\/wp-content\/uploads\/2022\/08\/20220709_085718-1024x577.jpg 1024w, http:\/\/aeroclub-abbeville.fr\/wp-content\/uploads\/2022\/08\/20220709_085718-480x270.jpg 480w, http:\/\/aeroclub-abbeville.fr\/wp-content\/uploads\/2022\/08\/20220709_085718-768x432.jpg 768w, http:\/\/aeroclub-abbeville.fr\/wp-content\/uploads\/2022\/08\/20220709_085718-1536x865.jpg 1536w, http:\/\/aeroclub-abbeville.fr\/wp-content\/uploads\/2022\/08\/20220709_085718-2048x1153.jpg 2048w, http:\/\/aeroclub-abbeville.fr\/wp-content\/uploads\/2022\/08\/20220709_085718-624x351.jpg 624w\" sizes=\"(max-width: 1024px) 100vw, 1024px\" \/><\/figure><\/li><li class=\"blocks-gallery-item\"><figure><img loading=\"lazy\" decoding=\"async\" width=\"1024\" height=\"577\" src=\"http:\/\/aeroclub-abbeville.fr\/wp-content\/uploads\/2022\/08\/20220709_085738-1024x577.jpg\" alt=\"\" data-id=\"5595\" data-link=\"http:\/\/aeroclub-abbeville.fr\/?attachment_id=5595\" class=\"wp-image-5595\" srcset=\"http:\/\/aeroclub-abbeville.fr\/wp-content\/uploads\/2022\/08\/20220709_085738-1024x577.jpg 1024w, http:\/\/aeroclub-abbeville.fr\/wp-content\/uploads\/2022\/08\/20220709_085738-480x270.jpg 480w, http:\/\/aeroclub-abbeville.fr\/wp-content\/uploads\/2022\/08\/20220709_085738-768x432.jpg 768w, http:\/\/aeroclub-abbeville.fr\/wp-content\/uploads\/2022\/08\/20220709_085738-1536x865.jpg 1536w, http:\/\/aeroclub-abbeville.fr\/wp-content\/uploads\/2022\/08\/20220709_085738-2048x1153.jpg 2048w, http:\/\/aeroclub-abbeville.fr\/wp-content\/uploads\/2022\/08\/20220709_085738-624x351.jpg 624w\" sizes=\"(max-width: 1024px) 100vw, 1024px\" \/><\/figure><\/li><li class=\"blocks-gallery-item\"><figure><img loading=\"lazy\" decoding=\"async\" width=\"1024\" height=\"577\" src=\"http:\/\/aeroclub-abbeville.fr\/wp-content\/uploads\/2022\/08\/20220709_090006-1024x577.jpg\" alt=\"\" data-id=\"5596\" data-full-url=\"http:\/\/aeroclub-abbeville.fr\/wp-content\/uploads\/2022\/08\/20220709_090006-scaled.jpg\" data-link=\"http:\/\/aeroclub-abbeville.fr\/?attachment_id=5596\" class=\"wp-image-5596\" srcset=\"http:\/\/aeroclub-abbeville.fr\/wp-content\/uploads\/2022\/08\/20220709_090006-1024x577.jpg 1024w, http:\/\/aeroclub-abbeville.fr\/wp-content\/uploads\/2022\/08\/20220709_090006-480x270.jpg 480w, http:\/\/aeroclub-abbeville.fr\/wp-content\/uploads\/2022\/08\/20220709_090006-768x432.jpg 768w, http:\/\/aeroclub-abbeville.fr\/wp-content\/uploads\/2022\/08\/20220709_090006-1536x865.jpg 1536w, http:\/\/aeroclub-abbeville.fr\/wp-content\/uploads\/2022\/08\/20220709_090006-2048x1153.jpg 2048w, http:\/\/aeroclub-abbeville.fr\/wp-content\/uploads\/2022\/08\/20220709_090006-624x351.jpg 624w\" sizes=\"(max-width: 1024px) 100vw, 1024px\" \/><\/figure><\/li><\/ul><\/figure>\n\n\n\n<p class=\"has-text-align-center\">Vol dans le ciel Normand !<\/p>\n\n\n\n<figure class=\"wp-block-gallery columns-3 is-cropped wp-block-gallery-5 is-layout-flex wp-block-gallery-is-layout-flex\"><ul class=\"blocks-gallery-grid\"><li class=\"blocks-gallery-item\"><figure><img loading=\"lazy\" decoding=\"async\" width=\"1024\" height=\"576\" src=\"http:\/\/aeroclub-abbeville.fr\/wp-content\/uploads\/2022\/08\/20220709_095611-1024x576.jpg\" alt=\"\" data-id=\"5605\" data-link=\"http:\/\/aeroclub-abbeville.fr\/?attachment_id=5605\" class=\"wp-image-5605\" srcset=\"http:\/\/aeroclub-abbeville.fr\/wp-content\/uploads\/2022\/08\/20220709_095611-1024x576.jpg 1024w, http:\/\/aeroclub-abbeville.fr\/wp-content\/uploads\/2022\/08\/20220709_095611-480x270.jpg 480w, http:\/\/aeroclub-abbeville.fr\/wp-content\/uploads\/2022\/08\/20220709_095611-768x432.jpg 768w, http:\/\/aeroclub-abbeville.fr\/wp-content\/uploads\/2022\/08\/20220709_095611-1536x864.jpg 1536w, http:\/\/aeroclub-abbeville.fr\/wp-content\/uploads\/2022\/08\/20220709_095611-2048x1152.jpg 2048w, http:\/\/aeroclub-abbeville.fr\/wp-content\/uploads\/2022\/08\/20220709_095611-624x351.jpg 624w\" sizes=\"(max-width: 1024px) 100vw, 1024px\" \/><\/figure><\/li><li class=\"blocks-gallery-item\"><figure><img loading=\"lazy\" decoding=\"async\" width=\"576\" height=\"1024\" src=\"http:\/\/aeroclub-abbeville.fr\/wp-content\/uploads\/2022\/08\/20220709_104335-576x1024.jpg\" alt=\"\" data-id=\"5608\" data-link=\"http:\/\/aeroclub-abbeville.fr\/?attachment_id=5608\" class=\"wp-image-5608\" srcset=\"http:\/\/aeroclub-abbeville.fr\/wp-content\/uploads\/2022\/08\/20220709_104335-576x1024.jpg 576w, http:\/\/aeroclub-abbeville.fr\/wp-content\/uploads\/2022\/08\/20220709_104335-270x480.jpg 270w, http:\/\/aeroclub-abbeville.fr\/wp-content\/uploads\/2022\/08\/20220709_104335-768x1365.jpg 768w, http:\/\/aeroclub-abbeville.fr\/wp-content\/uploads\/2022\/08\/20220709_104335-864x1536.jpg 864w, http:\/\/aeroclub-abbeville.fr\/wp-content\/uploads\/2022\/08\/20220709_104335-1152x2048.jpg 1152w, http:\/\/aeroclub-abbeville.fr\/wp-content\/uploads\/2022\/08\/20220709_104335-624x1109.jpg 624w, http:\/\/aeroclub-abbeville.fr\/wp-content\/uploads\/2022\/08\/20220709_104335-scaled.jpg 1440w\" sizes=\"(max-width: 576px) 100vw, 576px\" \/><\/figure><\/li><li class=\"blocks-gallery-item\"><figure><img loading=\"lazy\" decoding=\"async\" width=\"576\" height=\"1024\" src=\"http:\/\/aeroclub-abbeville.fr\/wp-content\/uploads\/2022\/08\/20220709_104348-576x1024.jpg\" alt=\"\" data-id=\"5609\" data-link=\"http:\/\/aeroclub-abbeville.fr\/?attachment_id=5609\" class=\"wp-image-5609\" srcset=\"http:\/\/aeroclub-abbeville.fr\/wp-content\/uploads\/2022\/08\/20220709_104348-576x1024.jpg 576w, http:\/\/aeroclub-abbeville.fr\/wp-content\/uploads\/2022\/08\/20220709_104348-270x480.jpg 270w, http:\/\/aeroclub-abbeville.fr\/wp-content\/uploads\/2022\/08\/20220709_104348-768x1365.jpg 768w, http:\/\/aeroclub-abbeville.fr\/wp-content\/uploads\/2022\/08\/20220709_104348-864x1536.jpg 864w, http:\/\/aeroclub-abbeville.fr\/wp-content\/uploads\/2022\/08\/20220709_104348-1152x2048.jpg 1152w, http:\/\/aeroclub-abbeville.fr\/wp-content\/uploads\/2022\/08\/20220709_104348-624x1109.jpg 624w, http:\/\/aeroclub-abbeville.fr\/wp-content\/uploads\/2022\/08\/20220709_104348-scaled.jpg 1440w\" sizes=\"(max-width: 576px) 100vw, 576px\" \/><\/figure><\/li><li class=\"blocks-gallery-item\"><figure><img loading=\"lazy\" decoding=\"async\" width=\"1024\" height=\"577\" src=\"http:\/\/aeroclub-abbeville.fr\/wp-content\/uploads\/2022\/08\/20220709_103327-1024x577.jpg\" alt=\"\" data-id=\"5625\" data-full-url=\"http:\/\/aeroclub-abbeville.fr\/wp-content\/uploads\/2022\/08\/20220709_103327-scaled.jpg\" data-link=\"http:\/\/aeroclub-abbeville.fr\/?attachment_id=5625\" class=\"wp-image-5625\" srcset=\"http:\/\/aeroclub-abbeville.fr\/wp-content\/uploads\/2022\/08\/20220709_103327-1024x577.jpg 1024w, http:\/\/aeroclub-abbeville.fr\/wp-content\/uploads\/2022\/08\/20220709_103327-480x270.jpg 480w, http:\/\/aeroclub-abbeville.fr\/wp-content\/uploads\/2022\/08\/20220709_103327-768x432.jpg 768w, http:\/\/aeroclub-abbeville.fr\/wp-content\/uploads\/2022\/08\/20220709_103327-1536x865.jpg 1536w, http:\/\/aeroclub-abbeville.fr\/wp-content\/uploads\/2022\/08\/20220709_103327-2048x1153.jpg 2048w, http:\/\/aeroclub-abbeville.fr\/wp-content\/uploads\/2022\/08\/20220709_103327-624x351.jpg 624w\" sizes=\"(max-width: 1024px) 100vw, 1024px\" \/><\/figure><\/li><\/ul><\/figure>\n\n\n\n<figure class=\"wp-block-image size-large\"><img loading=\"lazy\" decoding=\"async\" width=\"576\" height=\"1024\" src=\"http:\/\/aeroclub-abbeville.fr\/wp-content\/uploads\/2022\/08\/20220709_104732-1-576x1024.jpg\" alt=\"\" class=\"wp-image-5656\" srcset=\"http:\/\/aeroclub-abbeville.fr\/wp-content\/uploads\/2022\/08\/20220709_104732-1-576x1024.jpg 576w, http:\/\/aeroclub-abbeville.fr\/wp-content\/uploads\/2022\/08\/20220709_104732-1-270x480.jpg 270w, http:\/\/aeroclub-abbeville.fr\/wp-content\/uploads\/2022\/08\/20220709_104732-1-768x1365.jpg 768w, http:\/\/aeroclub-abbeville.fr\/wp-content\/uploads\/2022\/08\/20220709_104732-1-864x1536.jpg 864w, http:\/\/aeroclub-abbeville.fr\/wp-content\/uploads\/2022\/08\/20220709_104732-1-1152x2048.jpg 1152w, http:\/\/aeroclub-abbeville.fr\/wp-content\/uploads\/2022\/08\/20220709_104732-1-624x1109.jpg 624w, http:\/\/aeroclub-abbeville.fr\/wp-content\/uploads\/2022\/08\/20220709_104732-1-scaled.jpg 1440w\" sizes=\"(max-width: 576px) 100vw, 576px\" \/><figcaption>Le Pont de Normandie !<\/figcaption><\/figure>\n\n\n\n<p class=\"has-text-align-center\">Un accueil digne de rois ! Merci encore \u00e0 tout l&rsquo;A\u00e9roclub des Gr\u00e8ves de leur gentillesse et leur solidarit\u00e9. La passion des Pilotes n&rsquo;est pas un vain mot !<\/p>\n\n\n\n<p><\/p>\n\n\n\n<figure class=\"wp-block-gallery columns-3 is-cropped wp-block-gallery-6 is-layout-flex wp-block-gallery-is-layout-flex\"><ul class=\"blocks-gallery-grid\"><li class=\"blocks-gallery-item\"><figure><img loading=\"lazy\" decoding=\"async\" width=\"1024\" height=\"576\" src=\"http:\/\/aeroclub-abbeville.fr\/wp-content\/uploads\/2022\/08\/20220709_125314-1024x576.jpg\" alt=\"\" data-id=\"5611\" data-link=\"http:\/\/aeroclub-abbeville.fr\/?attachment_id=5611\" class=\"wp-image-5611\" srcset=\"http:\/\/aeroclub-abbeville.fr\/wp-content\/uploads\/2022\/08\/20220709_125314-1024x576.jpg 1024w, http:\/\/aeroclub-abbeville.fr\/wp-content\/uploads\/2022\/08\/20220709_125314-480x270.jpg 480w, http:\/\/aeroclub-abbeville.fr\/wp-content\/uploads\/2022\/08\/20220709_125314-768x432.jpg 768w, http:\/\/aeroclub-abbeville.fr\/wp-content\/uploads\/2022\/08\/20220709_125314-1536x864.jpg 1536w, http:\/\/aeroclub-abbeville.fr\/wp-content\/uploads\/2022\/08\/20220709_125314-2048x1152.jpg 2048w, http:\/\/aeroclub-abbeville.fr\/wp-content\/uploads\/2022\/08\/20220709_125314-624x351.jpg 624w\" sizes=\"(max-width: 1024px) 100vw, 1024px\" \/><\/figure><\/li><li class=\"blocks-gallery-item\"><figure><img loading=\"lazy\" decoding=\"async\" width=\"1024\" height=\"576\" src=\"http:\/\/aeroclub-abbeville.fr\/wp-content\/uploads\/2022\/08\/20220709_130007-1024x576.jpg\" alt=\"\" data-id=\"5612\" data-link=\"http:\/\/aeroclub-abbeville.fr\/?attachment_id=5612\" class=\"wp-image-5612\" srcset=\"http:\/\/aeroclub-abbeville.fr\/wp-content\/uploads\/2022\/08\/20220709_130007-1024x576.jpg 1024w, http:\/\/aeroclub-abbeville.fr\/wp-content\/uploads\/2022\/08\/20220709_130007-480x270.jpg 480w, http:\/\/aeroclub-abbeville.fr\/wp-content\/uploads\/2022\/08\/20220709_130007-768x432.jpg 768w, http:\/\/aeroclub-abbeville.fr\/wp-content\/uploads\/2022\/08\/20220709_130007-1536x864.jpg 1536w, http:\/\/aeroclub-abbeville.fr\/wp-content\/uploads\/2022\/08\/20220709_130007-2048x1152.jpg 2048w, http:\/\/aeroclub-abbeville.fr\/wp-content\/uploads\/2022\/08\/20220709_130007-624x351.jpg 624w\" sizes=\"(max-width: 1024px) 100vw, 1024px\" \/><\/figure><\/li><li class=\"blocks-gallery-item\"><figure><img loading=\"lazy\" decoding=\"async\" width=\"1024\" height=\"576\" src=\"http:\/\/aeroclub-abbeville.fr\/wp-content\/uploads\/2022\/08\/20220710_093555-1024x576.jpg\" alt=\"\" data-id=\"5613\" data-link=\"http:\/\/aeroclub-abbeville.fr\/?attachment_id=5613\" class=\"wp-image-5613\" srcset=\"http:\/\/aeroclub-abbeville.fr\/wp-content\/uploads\/2022\/08\/20220710_093555-1024x576.jpg 1024w, http:\/\/aeroclub-abbeville.fr\/wp-content\/uploads\/2022\/08\/20220710_093555-480x270.jpg 480w, http:\/\/aeroclub-abbeville.fr\/wp-content\/uploads\/2022\/08\/20220710_093555-768x432.jpg 768w, http:\/\/aeroclub-abbeville.fr\/wp-content\/uploads\/2022\/08\/20220710_093555-1536x864.jpg 1536w, http:\/\/aeroclub-abbeville.fr\/wp-content\/uploads\/2022\/08\/20220710_093555-2048x1152.jpg 2048w, http:\/\/aeroclub-abbeville.fr\/wp-content\/uploads\/2022\/08\/20220710_093555-624x351.jpg 624w\" sizes=\"(max-width: 1024px) 100vw, 1024px\" \/><\/figure><\/li><li class=\"blocks-gallery-item\"><figure><img loading=\"lazy\" decoding=\"async\" width=\"1024\" height=\"576\" src=\"http:\/\/aeroclub-abbeville.fr\/wp-content\/uploads\/2022\/08\/20220710_093603-1024x576.jpg\" alt=\"\" data-id=\"5614\" data-link=\"http:\/\/aeroclub-abbeville.fr\/?attachment_id=5614\" class=\"wp-image-5614\" srcset=\"http:\/\/aeroclub-abbeville.fr\/wp-content\/uploads\/2022\/08\/20220710_093603-1024x576.jpg 1024w, http:\/\/aeroclub-abbeville.fr\/wp-content\/uploads\/2022\/08\/20220710_093603-480x270.jpg 480w, http:\/\/aeroclub-abbeville.fr\/wp-content\/uploads\/2022\/08\/20220710_093603-768x432.jpg 768w, http:\/\/aeroclub-abbeville.fr\/wp-content\/uploads\/2022\/08\/20220710_093603-1536x864.jpg 1536w, http:\/\/aeroclub-abbeville.fr\/wp-content\/uploads\/2022\/08\/20220710_093603-2048x1152.jpg 2048w, http:\/\/aeroclub-abbeville.fr\/wp-content\/uploads\/2022\/08\/20220710_093603-624x351.jpg 624w\" sizes=\"(max-width: 1024px) 100vw, 1024px\" \/><\/figure><\/li><li class=\"blocks-gallery-item\"><figure><img loading=\"lazy\" decoding=\"async\" width=\"1024\" height=\"577\" src=\"http:\/\/aeroclub-abbeville.fr\/wp-content\/uploads\/2022\/08\/20220709_153908-1024x577.jpg\" alt=\"\" data-id=\"5627\" data-link=\"http:\/\/aeroclub-abbeville.fr\/?attachment_id=5627\" class=\"wp-image-5627\" srcset=\"http:\/\/aeroclub-abbeville.fr\/wp-content\/uploads\/2022\/08\/20220709_153908-1024x577.jpg 1024w, http:\/\/aeroclub-abbeville.fr\/wp-content\/uploads\/2022\/08\/20220709_153908-480x270.jpg 480w, http:\/\/aeroclub-abbeville.fr\/wp-content\/uploads\/2022\/08\/20220709_153908-768x432.jpg 768w, http:\/\/aeroclub-abbeville.fr\/wp-content\/uploads\/2022\/08\/20220709_153908-1536x865.jpg 1536w, http:\/\/aeroclub-abbeville.fr\/wp-content\/uploads\/2022\/08\/20220709_153908-2048x1153.jpg 2048w, http:\/\/aeroclub-abbeville.fr\/wp-content\/uploads\/2022\/08\/20220709_153908-624x351.jpg 624w\" sizes=\"(max-width: 1024px) 100vw, 1024px\" \/><\/figure><\/li><li class=\"blocks-gallery-item\"><figure><img loading=\"lazy\" decoding=\"async\" width=\"1024\" height=\"577\" src=\"http:\/\/aeroclub-abbeville.fr\/wp-content\/uploads\/2022\/08\/20220709_154214-1024x577.jpg\" alt=\"\" data-id=\"5628\" data-full-url=\"http:\/\/aeroclub-abbeville.fr\/wp-content\/uploads\/2022\/08\/20220709_154214-scaled.jpg\" data-link=\"http:\/\/aeroclub-abbeville.fr\/?attachment_id=5628\" class=\"wp-image-5628\" srcset=\"http:\/\/aeroclub-abbeville.fr\/wp-content\/uploads\/2022\/08\/20220709_154214-1024x577.jpg 1024w, http:\/\/aeroclub-abbeville.fr\/wp-content\/uploads\/2022\/08\/20220709_154214-480x270.jpg 480w, http:\/\/aeroclub-abbeville.fr\/wp-content\/uploads\/2022\/08\/20220709_154214-768x432.jpg 768w, http:\/\/aeroclub-abbeville.fr\/wp-content\/uploads\/2022\/08\/20220709_154214-1536x865.jpg 1536w, http:\/\/aeroclub-abbeville.fr\/wp-content\/uploads\/2022\/08\/20220709_154214-2048x1153.jpg 2048w, http:\/\/aeroclub-abbeville.fr\/wp-content\/uploads\/2022\/08\/20220709_154214-624x351.jpg 624w\" sizes=\"(max-width: 1024px) 100vw, 1024px\" \/><\/figure><\/li><\/ul><\/figure>\n\n\n\n<figure class=\"wp-block-gallery columns-3 is-cropped wp-block-gallery-7 is-layout-flex wp-block-gallery-is-layout-flex\"><ul class=\"blocks-gallery-grid\"><li class=\"blocks-gallery-item\"><figure><img loading=\"lazy\" decoding=\"async\" width=\"1024\" height=\"577\" src=\"http:\/\/aeroclub-abbeville.fr\/wp-content\/uploads\/2022\/08\/20220709_114726-1024x577.jpg\" alt=\"\" data-id=\"5615\" data-link=\"http:\/\/aeroclub-abbeville.fr\/?attachment_id=5615\" class=\"wp-image-5615\" srcset=\"http:\/\/aeroclub-abbeville.fr\/wp-content\/uploads\/2022\/08\/20220709_114726-1024x577.jpg 1024w, http:\/\/aeroclub-abbeville.fr\/wp-content\/uploads\/2022\/08\/20220709_114726-480x270.jpg 480w, http:\/\/aeroclub-abbeville.fr\/wp-content\/uploads\/2022\/08\/20220709_114726-768x432.jpg 768w, http:\/\/aeroclub-abbeville.fr\/wp-content\/uploads\/2022\/08\/20220709_114726-1536x865.jpg 1536w, http:\/\/aeroclub-abbeville.fr\/wp-content\/uploads\/2022\/08\/20220709_114726-2048x1153.jpg 2048w, http:\/\/aeroclub-abbeville.fr\/wp-content\/uploads\/2022\/08\/20220709_114726-624x351.jpg 624w\" sizes=\"(max-width: 1024px) 100vw, 1024px\" \/><\/figure><\/li><li class=\"blocks-gallery-item\"><figure><img loading=\"lazy\" decoding=\"async\" width=\"1024\" height=\"577\" src=\"http:\/\/aeroclub-abbeville.fr\/wp-content\/uploads\/2022\/08\/20220709_120736-1024x577.jpg\" alt=\"\" data-id=\"5616\" data-link=\"http:\/\/aeroclub-abbeville.fr\/?attachment_id=5616\" class=\"wp-image-5616\" srcset=\"http:\/\/aeroclub-abbeville.fr\/wp-content\/uploads\/2022\/08\/20220709_120736-1024x577.jpg 1024w, http:\/\/aeroclub-abbeville.fr\/wp-content\/uploads\/2022\/08\/20220709_120736-480x270.jpg 480w, http:\/\/aeroclub-abbeville.fr\/wp-content\/uploads\/2022\/08\/20220709_120736-768x432.jpg 768w, http:\/\/aeroclub-abbeville.fr\/wp-content\/uploads\/2022\/08\/20220709_120736-1536x865.jpg 1536w, http:\/\/aeroclub-abbeville.fr\/wp-content\/uploads\/2022\/08\/20220709_120736-2048x1153.jpg 2048w, http:\/\/aeroclub-abbeville.fr\/wp-content\/uploads\/2022\/08\/20220709_120736-624x351.jpg 624w\" sizes=\"(max-width: 1024px) 100vw, 1024px\" \/><\/figure><\/li><li class=\"blocks-gallery-item\"><figure><img loading=\"lazy\" decoding=\"async\" width=\"1024\" height=\"577\" src=\"http:\/\/aeroclub-abbeville.fr\/wp-content\/uploads\/2022\/08\/20220709_120828-1024x577.jpg\" alt=\"\" data-id=\"5617\" data-link=\"http:\/\/aeroclub-abbeville.fr\/?attachment_id=5617\" class=\"wp-image-5617\" srcset=\"http:\/\/aeroclub-abbeville.fr\/wp-content\/uploads\/2022\/08\/20220709_120828-1024x577.jpg 1024w, http:\/\/aeroclub-abbeville.fr\/wp-content\/uploads\/2022\/08\/20220709_120828-480x270.jpg 480w, http:\/\/aeroclub-abbeville.fr\/wp-content\/uploads\/2022\/08\/20220709_120828-768x432.jpg 768w, http:\/\/aeroclub-abbeville.fr\/wp-content\/uploads\/2022\/08\/20220709_120828-1536x865.jpg 1536w, http:\/\/aeroclub-abbeville.fr\/wp-content\/uploads\/2022\/08\/20220709_120828-2048x1153.jpg 2048w, http:\/\/aeroclub-abbeville.fr\/wp-content\/uploads\/2022\/08\/20220709_120828-624x351.jpg 624w\" sizes=\"(max-width: 1024px) 100vw, 1024px\" \/><\/figure><\/li><li class=\"blocks-gallery-item\"><figure><img loading=\"lazy\" decoding=\"async\" width=\"1024\" height=\"577\" src=\"http:\/\/aeroclub-abbeville.fr\/wp-content\/uploads\/2022\/08\/20220709_150513-1024x577.jpg\" alt=\"\" data-id=\"5619\" data-link=\"http:\/\/aeroclub-abbeville.fr\/?attachment_id=5619\" class=\"wp-image-5619\" srcset=\"http:\/\/aeroclub-abbeville.fr\/wp-content\/uploads\/2022\/08\/20220709_150513-1024x577.jpg 1024w, http:\/\/aeroclub-abbeville.fr\/wp-content\/uploads\/2022\/08\/20220709_150513-480x270.jpg 480w, http:\/\/aeroclub-abbeville.fr\/wp-content\/uploads\/2022\/08\/20220709_150513-768x432.jpg 768w, http:\/\/aeroclub-abbeville.fr\/wp-content\/uploads\/2022\/08\/20220709_150513-1536x865.jpg 1536w, http:\/\/aeroclub-abbeville.fr\/wp-content\/uploads\/2022\/08\/20220709_150513-2048x1153.jpg 2048w, http:\/\/aeroclub-abbeville.fr\/wp-content\/uploads\/2022\/08\/20220709_150513-624x351.jpg 624w\" sizes=\"(max-width: 1024px) 100vw, 1024px\" \/><\/figure><\/li><li class=\"blocks-gallery-item\"><figure><img loading=\"lazy\" decoding=\"async\" width=\"1024\" height=\"577\" src=\"http:\/\/aeroclub-abbeville.fr\/wp-content\/uploads\/2022\/08\/20220709_222921-1024x577.jpg\" alt=\"\" data-id=\"5620\" data-link=\"http:\/\/aeroclub-abbeville.fr\/?attachment_id=5620\" class=\"wp-image-5620\" srcset=\"http:\/\/aeroclub-abbeville.fr\/wp-content\/uploads\/2022\/08\/20220709_222921-1024x577.jpg 1024w, http:\/\/aeroclub-abbeville.fr\/wp-content\/uploads\/2022\/08\/20220709_222921-480x270.jpg 480w, http:\/\/aeroclub-abbeville.fr\/wp-content\/uploads\/2022\/08\/20220709_222921-768x432.jpg 768w, http:\/\/aeroclub-abbeville.fr\/wp-content\/uploads\/2022\/08\/20220709_222921-1536x865.jpg 1536w, http:\/\/aeroclub-abbeville.fr\/wp-content\/uploads\/2022\/08\/20220709_222921-2048x1153.jpg 2048w, http:\/\/aeroclub-abbeville.fr\/wp-content\/uploads\/2022\/08\/20220709_222921-624x351.jpg 624w\" sizes=\"(max-width: 1024px) 100vw, 1024px\" \/><\/figure><\/li><li class=\"blocks-gallery-item\"><figure><img loading=\"lazy\" decoding=\"async\" width=\"1024\" height=\"577\" src=\"http:\/\/aeroclub-abbeville.fr\/wp-content\/uploads\/2022\/08\/20220709_222904-1024x577.jpg\" alt=\"\" data-id=\"5622\" data-link=\"http:\/\/aeroclub-abbeville.fr\/?attachment_id=5622\" class=\"wp-image-5622\" srcset=\"http:\/\/aeroclub-abbeville.fr\/wp-content\/uploads\/2022\/08\/20220709_222904-1024x577.jpg 1024w, http:\/\/aeroclub-abbeville.fr\/wp-content\/uploads\/2022\/08\/20220709_222904-480x270.jpg 480w, http:\/\/aeroclub-abbeville.fr\/wp-content\/uploads\/2022\/08\/20220709_222904-768x432.jpg 768w, http:\/\/aeroclub-abbeville.fr\/wp-content\/uploads\/2022\/08\/20220709_222904-1536x865.jpg 1536w, http:\/\/aeroclub-abbeville.fr\/wp-content\/uploads\/2022\/08\/20220709_222904-2048x1153.jpg 2048w, http:\/\/aeroclub-abbeville.fr\/wp-content\/uploads\/2022\/08\/20220709_222904-624x351.jpg 624w\" sizes=\"(max-width: 1024px) 100vw, 1024px\" \/><\/figure><\/li><li class=\"blocks-gallery-item\"><figure><img loading=\"lazy\" decoding=\"async\" width=\"1024\" height=\"577\" src=\"http:\/\/aeroclub-abbeville.fr\/wp-content\/uploads\/2022\/08\/20220709_220711-1024x577.jpg\" alt=\"\" data-id=\"5623\" data-full-url=\"http:\/\/aeroclub-abbeville.fr\/wp-content\/uploads\/2022\/08\/20220709_220711-scaled.jpg\" data-link=\"http:\/\/aeroclub-abbeville.fr\/?attachment_id=5623\" class=\"wp-image-5623\" srcset=\"http:\/\/aeroclub-abbeville.fr\/wp-content\/uploads\/2022\/08\/20220709_220711-1024x577.jpg 1024w, http:\/\/aeroclub-abbeville.fr\/wp-content\/uploads\/2022\/08\/20220709_220711-480x270.jpg 480w, http:\/\/aeroclub-abbeville.fr\/wp-content\/uploads\/2022\/08\/20220709_220711-768x432.jpg 768w, http:\/\/aeroclub-abbeville.fr\/wp-content\/uploads\/2022\/08\/20220709_220711-1536x865.jpg 1536w, http:\/\/aeroclub-abbeville.fr\/wp-content\/uploads\/2022\/08\/20220709_220711-2048x1153.jpg 2048w, http:\/\/aeroclub-abbeville.fr\/wp-content\/uploads\/2022\/08\/20220709_220711-624x351.jpg 624w\" sizes=\"(max-width: 1024px) 100vw, 1024px\" \/><\/figure><\/li><\/ul><\/figure>\n\n\n\n<p><\/p>\n\n\n\n<p class=\"has-text-align-center\">Ils ont m\u00eame un \u00ab\u00a0Avion-Piscine\u00a0\u00bb pour se rafra\u00eechir un peu !!!<\/p>\n\n\n\n<figure class=\"wp-block-gallery columns-3 is-cropped wp-block-gallery-8 is-layout-flex wp-block-gallery-is-layout-flex\"><ul class=\"blocks-gallery-grid\"><li class=\"blocks-gallery-item\"><figure><img loading=\"lazy\" decoding=\"async\" width=\"1024\" height=\"576\" src=\"http:\/\/aeroclub-abbeville.fr\/wp-content\/uploads\/2022\/08\/20220709_124615-1024x576.jpg\" alt=\"\" data-id=\"5629\" data-link=\"http:\/\/aeroclub-abbeville.fr\/?attachment_id=5629\" class=\"wp-image-5629\" srcset=\"http:\/\/aeroclub-abbeville.fr\/wp-content\/uploads\/2022\/08\/20220709_124615-1024x576.jpg 1024w, http:\/\/aeroclub-abbeville.fr\/wp-content\/uploads\/2022\/08\/20220709_124615-480x270.jpg 480w, http:\/\/aeroclub-abbeville.fr\/wp-content\/uploads\/2022\/08\/20220709_124615-768x432.jpg 768w, http:\/\/aeroclub-abbeville.fr\/wp-content\/uploads\/2022\/08\/20220709_124615-1536x864.jpg 1536w, http:\/\/aeroclub-abbeville.fr\/wp-content\/uploads\/2022\/08\/20220709_124615-2048x1152.jpg 2048w, http:\/\/aeroclub-abbeville.fr\/wp-content\/uploads\/2022\/08\/20220709_124615-624x351.jpg 624w\" sizes=\"(max-width: 1024px) 100vw, 1024px\" \/><\/figure><\/li><li class=\"blocks-gallery-item\"><figure><img loading=\"lazy\" decoding=\"async\" width=\"1024\" height=\"577\" src=\"http:\/\/aeroclub-abbeville.fr\/wp-content\/uploads\/2022\/08\/20220709_154252-1024x577.jpg\" alt=\"\" data-id=\"5630\" data-link=\"http:\/\/aeroclub-abbeville.fr\/?attachment_id=5630\" class=\"wp-image-5630\" srcset=\"http:\/\/aeroclub-abbeville.fr\/wp-content\/uploads\/2022\/08\/20220709_154252-1024x577.jpg 1024w, http:\/\/aeroclub-abbeville.fr\/wp-content\/uploads\/2022\/08\/20220709_154252-480x270.jpg 480w, http:\/\/aeroclub-abbeville.fr\/wp-content\/uploads\/2022\/08\/20220709_154252-768x432.jpg 768w, http:\/\/aeroclub-abbeville.fr\/wp-content\/uploads\/2022\/08\/20220709_154252-1536x865.jpg 1536w, http:\/\/aeroclub-abbeville.fr\/wp-content\/uploads\/2022\/08\/20220709_154252-2048x1153.jpg 2048w, http:\/\/aeroclub-abbeville.fr\/wp-content\/uploads\/2022\/08\/20220709_154252-624x351.jpg 624w\" sizes=\"(max-width: 1024px) 100vw, 1024px\" \/><\/figure><\/li><li class=\"blocks-gallery-item\"><figure><img loading=\"lazy\" decoding=\"async\" width=\"1024\" height=\"577\" src=\"http:\/\/aeroclub-abbeville.fr\/wp-content\/uploads\/2022\/08\/20220709_154649-1024x577.jpg\" alt=\"\" data-id=\"5631\" data-link=\"http:\/\/aeroclub-abbeville.fr\/?attachment_id=5631\" class=\"wp-image-5631\" srcset=\"http:\/\/aeroclub-abbeville.fr\/wp-content\/uploads\/2022\/08\/20220709_154649-1024x577.jpg 1024w, http:\/\/aeroclub-abbeville.fr\/wp-content\/uploads\/2022\/08\/20220709_154649-480x270.jpg 480w, http:\/\/aeroclub-abbeville.fr\/wp-content\/uploads\/2022\/08\/20220709_154649-768x432.jpg 768w, http:\/\/aeroclub-abbeville.fr\/wp-content\/uploads\/2022\/08\/20220709_154649-1536x865.jpg 1536w, http:\/\/aeroclub-abbeville.fr\/wp-content\/uploads\/2022\/08\/20220709_154649-2048x1153.jpg 2048w, http:\/\/aeroclub-abbeville.fr\/wp-content\/uploads\/2022\/08\/20220709_154649-624x351.jpg 624w\" sizes=\"(max-width: 1024px) 100vw, 1024px\" \/><\/figure><\/li><\/ul><\/figure>\n\n\n\n<p class=\"has-text-align-center\">Certains campent sous la tente, d&rsquo;autres ont choisi l&rsquo;h\u00f4tel !<\/p>\n\n\n\n<figure class=\"wp-block-gallery columns-3 is-cropped wp-block-gallery-9 is-layout-flex wp-block-gallery-is-layout-flex\"><ul class=\"blocks-gallery-grid\"><li class=\"blocks-gallery-item\"><figure><img loading=\"lazy\" decoding=\"async\" width=\"1024\" height=\"577\" src=\"http:\/\/aeroclub-abbeville.fr\/wp-content\/uploads\/2022\/08\/20220709_153853-1024x577.jpg\" alt=\"\" data-id=\"5635\" data-link=\"http:\/\/aeroclub-abbeville.fr\/?attachment_id=5635\" class=\"wp-image-5635\" srcset=\"http:\/\/aeroclub-abbeville.fr\/wp-content\/uploads\/2022\/08\/20220709_153853-1024x577.jpg 1024w, http:\/\/aeroclub-abbeville.fr\/wp-content\/uploads\/2022\/08\/20220709_153853-480x270.jpg 480w, http:\/\/aeroclub-abbeville.fr\/wp-content\/uploads\/2022\/08\/20220709_153853-768x432.jpg 768w, http:\/\/aeroclub-abbeville.fr\/wp-content\/uploads\/2022\/08\/20220709_153853-1536x865.jpg 1536w, http:\/\/aeroclub-abbeville.fr\/wp-content\/uploads\/2022\/08\/20220709_153853-2048x1153.jpg 2048w, http:\/\/aeroclub-abbeville.fr\/wp-content\/uploads\/2022\/08\/20220709_153853-624x351.jpg 624w\" sizes=\"(max-width: 1024px) 100vw, 1024px\" \/><\/figure><\/li><li class=\"blocks-gallery-item\"><figure><img loading=\"lazy\" decoding=\"async\" width=\"1024\" height=\"577\" src=\"http:\/\/aeroclub-abbeville.fr\/wp-content\/uploads\/2022\/08\/20220709_153908-1-1024x577.jpg\" alt=\"\" data-id=\"5636\" data-link=\"http:\/\/aeroclub-abbeville.fr\/?attachment_id=5636\" class=\"wp-image-5636\" srcset=\"http:\/\/aeroclub-abbeville.fr\/wp-content\/uploads\/2022\/08\/20220709_153908-1-1024x577.jpg 1024w, http:\/\/aeroclub-abbeville.fr\/wp-content\/uploads\/2022\/08\/20220709_153908-1-480x270.jpg 480w, http:\/\/aeroclub-abbeville.fr\/wp-content\/uploads\/2022\/08\/20220709_153908-1-768x432.jpg 768w, http:\/\/aeroclub-abbeville.fr\/wp-content\/uploads\/2022\/08\/20220709_153908-1-1536x865.jpg 1536w, http:\/\/aeroclub-abbeville.fr\/wp-content\/uploads\/2022\/08\/20220709_153908-1-2048x1153.jpg 2048w, http:\/\/aeroclub-abbeville.fr\/wp-content\/uploads\/2022\/08\/20220709_153908-1-624x351.jpg 624w\" sizes=\"(max-width: 1024px) 100vw, 1024px\" \/><\/figure><\/li><li class=\"blocks-gallery-item\"><figure><img loading=\"lazy\" decoding=\"async\" width=\"1024\" height=\"577\" src=\"http:\/\/aeroclub-abbeville.fr\/wp-content\/uploads\/2022\/08\/20220709_154214-1-1024x577.jpg\" alt=\"\" data-id=\"5637\" data-link=\"http:\/\/aeroclub-abbeville.fr\/?attachment_id=5637\" class=\"wp-image-5637\" srcset=\"http:\/\/aeroclub-abbeville.fr\/wp-content\/uploads\/2022\/08\/20220709_154214-1-1024x577.jpg 1024w, http:\/\/aeroclub-abbeville.fr\/wp-content\/uploads\/2022\/08\/20220709_154214-1-480x270.jpg 480w, http:\/\/aeroclub-abbeville.fr\/wp-content\/uploads\/2022\/08\/20220709_154214-1-768x432.jpg 768w, http:\/\/aeroclub-abbeville.fr\/wp-content\/uploads\/2022\/08\/20220709_154214-1-1536x865.jpg 1536w, http:\/\/aeroclub-abbeville.fr\/wp-content\/uploads\/2022\/08\/20220709_154214-1-2048x1153.jpg 2048w, http:\/\/aeroclub-abbeville.fr\/wp-content\/uploads\/2022\/08\/20220709_154214-1-624x351.jpg 624w\" sizes=\"(max-width: 1024px) 100vw, 1024px\" \/><\/figure><\/li><li class=\"blocks-gallery-item\"><figure><img loading=\"lazy\" decoding=\"async\" width=\"1024\" height=\"577\" src=\"http:\/\/aeroclub-abbeville.fr\/wp-content\/uploads\/2022\/08\/20220709_222904-1-1024x577.jpg\" alt=\"\" data-id=\"5638\" data-full-url=\"http:\/\/aeroclub-abbeville.fr\/wp-content\/uploads\/2022\/08\/20220709_222904-1-scaled.jpg\" data-link=\"http:\/\/aeroclub-abbeville.fr\/?attachment_id=5638\" class=\"wp-image-5638\" srcset=\"http:\/\/aeroclub-abbeville.fr\/wp-content\/uploads\/2022\/08\/20220709_222904-1-1024x577.jpg 1024w, http:\/\/aeroclub-abbeville.fr\/wp-content\/uploads\/2022\/08\/20220709_222904-1-480x270.jpg 480w, http:\/\/aeroclub-abbeville.fr\/wp-content\/uploads\/2022\/08\/20220709_222904-1-768x432.jpg 768w, http:\/\/aeroclub-abbeville.fr\/wp-content\/uploads\/2022\/08\/20220709_222904-1-1536x865.jpg 1536w, http:\/\/aeroclub-abbeville.fr\/wp-content\/uploads\/2022\/08\/20220709_222904-1-2048x1153.jpg 2048w, http:\/\/aeroclub-abbeville.fr\/wp-content\/uploads\/2022\/08\/20220709_222904-1-624x351.jpg 624w\" sizes=\"(max-width: 1024px) 100vw, 1024px\" \/><\/figure><\/li><\/ul><\/figure>\n\n\n\n<p><\/p>\n\n\n\n<p class=\"has-text-align-center\">Et la nuit, c&rsquo;est encore plus joli !<\/p>\n\n\n\n<figure class=\"wp-block-gallery columns-2 is-cropped wp-block-gallery-10 is-layout-flex wp-block-gallery-is-layout-flex\"><ul class=\"blocks-gallery-grid\"><li class=\"blocks-gallery-item\"><figure><img loading=\"lazy\" decoding=\"async\" width=\"1024\" height=\"577\" src=\"http:\/\/aeroclub-abbeville.fr\/wp-content\/uploads\/2022\/08\/20220709_220537-1024x577.jpg\" alt=\"\" data-id=\"5641\" data-link=\"http:\/\/aeroclub-abbeville.fr\/?attachment_id=5641\" class=\"wp-image-5641\" srcset=\"http:\/\/aeroclub-abbeville.fr\/wp-content\/uploads\/2022\/08\/20220709_220537-1024x577.jpg 1024w, http:\/\/aeroclub-abbeville.fr\/wp-content\/uploads\/2022\/08\/20220709_220537-480x270.jpg 480w, http:\/\/aeroclub-abbeville.fr\/wp-content\/uploads\/2022\/08\/20220709_220537-768x432.jpg 768w, http:\/\/aeroclub-abbeville.fr\/wp-content\/uploads\/2022\/08\/20220709_220537-1536x865.jpg 1536w, http:\/\/aeroclub-abbeville.fr\/wp-content\/uploads\/2022\/08\/20220709_220537-2048x1153.jpg 2048w, http:\/\/aeroclub-abbeville.fr\/wp-content\/uploads\/2022\/08\/20220709_220537-624x351.jpg 624w\" sizes=\"(max-width: 1024px) 100vw, 1024px\" \/><\/figure><\/li><li class=\"blocks-gallery-item\"><figure><img loading=\"lazy\" decoding=\"async\" width=\"1024\" height=\"577\" src=\"http:\/\/aeroclub-abbeville.fr\/wp-content\/uploads\/2022\/08\/20220709_220545-1024x577.jpg\" alt=\"\" data-id=\"5642\" data-link=\"http:\/\/aeroclub-abbeville.fr\/?attachment_id=5642\" class=\"wp-image-5642\" srcset=\"http:\/\/aeroclub-abbeville.fr\/wp-content\/uploads\/2022\/08\/20220709_220545-1024x577.jpg 1024w, http:\/\/aeroclub-abbeville.fr\/wp-content\/uploads\/2022\/08\/20220709_220545-480x270.jpg 480w, http:\/\/aeroclub-abbeville.fr\/wp-content\/uploads\/2022\/08\/20220709_220545-768x432.jpg 768w, http:\/\/aeroclub-abbeville.fr\/wp-content\/uploads\/2022\/08\/20220709_220545-1536x865.jpg 1536w, http:\/\/aeroclub-abbeville.fr\/wp-content\/uploads\/2022\/08\/20220709_220545-2048x1153.jpg 2048w, http:\/\/aeroclub-abbeville.fr\/wp-content\/uploads\/2022\/08\/20220709_220545-624x351.jpg 624w\" sizes=\"(max-width: 1024px) 100vw, 1024px\" \/><\/figure><\/li><\/ul><\/figure>\n\n\n\n<figure class=\"wp-block-image size-large\"><img loading=\"lazy\" decoding=\"async\" width=\"1024\" height=\"577\" src=\"http:\/\/aeroclub-abbeville.fr\/wp-content\/uploads\/2022\/08\/20220709_222727-1-1024x577.jpg\" alt=\"\" class=\"wp-image-5644\" srcset=\"http:\/\/aeroclub-abbeville.fr\/wp-content\/uploads\/2022\/08\/20220709_222727-1-1024x577.jpg 1024w, http:\/\/aeroclub-abbeville.fr\/wp-content\/uploads\/2022\/08\/20220709_222727-1-480x270.jpg 480w, http:\/\/aeroclub-abbeville.fr\/wp-content\/uploads\/2022\/08\/20220709_222727-1-768x432.jpg 768w, http:\/\/aeroclub-abbeville.fr\/wp-content\/uploads\/2022\/08\/20220709_222727-1-1536x865.jpg 1536w, http:\/\/aeroclub-abbeville.fr\/wp-content\/uploads\/2022\/08\/20220709_222727-1-2048x1153.jpg 2048w, http:\/\/aeroclub-abbeville.fr\/wp-content\/uploads\/2022\/08\/20220709_222727-1-624x351.jpg 624w\" sizes=\"(max-width: 1024px) 100vw, 1024px\" \/><\/figure>\n\n\n\n<p><\/p>\n\n\n\n<p class=\"has-text-align-center\">Merci William, encore une fois ! D\u00e9cid\u00e9ment tu es le meilleur pour nous cr\u00e9er des souvenirs plein de joie ! Tu peux encore nous en trouver tout plein des comme \u00e7a ! \u00c0 chaque fois, on reviendra !!!<\/p>\n\n\n\n<p>Fran\u00e7oise Sockeel<\/p>\n\n\n\n<p>Cr\u00e9dits photos : Fran\u00e7oise et Pascal Sockeel<\/p>\n","protected":false},"excerpt":{"rendered":"<p>Week-end du 9 et 10 juillet 2022 \u00c0 Avranches, qu&rsquo;est ce qu&rsquo;il est beau mon \u00ab\u00a0Nain de Jardin\u00a0\u00bb ! Connaissez vous William ? Notre sympathique et p\u00e9tillant pr\u00e9sident de la section ULM ? Toujours pr\u00eat \u00e0 la d\u00e9couverte, au coup de main, \u00e0 nous concocter autant de bonnes id\u00e9es de sorties que de soir\u00e9es moules-frites [&hellip;]<\/p>\n","protected":false},"author":211,"featured_media":0,"comment_status":"open","ping_status":"closed","sticky":false,"template":"","format":"standard","meta":{"inline_featured_image":false,"footnotes":""},"categories":[20,21,2,3,6,7,11,14,17,18,31],"tags":[],"class_list":["post-5568","post","type-post","status-publish","format-standard","hentry","category-actualites","category-arrosages-fetes","category-avion","category-club","category-formation","category-formation_avion","category-manifestations","category-presse","category-ulm","category-vie-du-club","category-voyages"],"_links":{"self":[{"href":"http:\/\/aeroclub-abbeville.fr\/index.php?rest_route=\/wp\/v2\/posts\/5568","targetHints":{"allow":["GET"]}}],"collection":[{"href":"http:\/\/aeroclub-abbeville.fr\/index.php?rest_route=\/wp\/v2\/posts"}],"about":[{"href":"http:\/\/aeroclub-abbeville.fr\/index.php?rest_route=\/wp\/v2\/types\/post"}],"author":[{"embeddable":true,"href":"http:\/\/aeroclub-abbeville.fr\/index.php?rest_route=\/wp\/v2\/users\/211"}],"replies":[{"embeddable":true,"href":"http:\/\/aeroclub-abbeville.fr\/index.php?rest_route=%2Fwp%2Fv2%2Fcomments&post=5568"}],"version-history":[{"count":26,"href":"http:\/\/aeroclub-abbeville.fr\/index.php?rest_route=\/wp\/v2\/posts\/5568\/revisions"}],"predecessor-version":[{"id":5661,"href":"http:\/\/aeroclub-abbeville.fr\/index.php?rest_route=\/wp\/v2\/posts\/5568\/revisions\/5661"}],"wp:attachment":[{"href":"http:\/\/aeroclub-abbeville.fr\/index.php?rest_route=%2Fwp%2Fv2%2Fmedia&parent=5568"}],"wp:term":[{"taxonomy":"category","embeddable":true,"href":"http:\/\/aeroclub-abbeville.fr\/index.php?rest_route=%2Fwp%2Fv2%2Fcategories&post=5568"},{"taxonomy":"post_tag","embeddable":true,"href":"http:\/\/aeroclub-abbeville.fr\/index.php?rest_route=%2Fwp%2Fv2%2Ftags&post=5568"}],"curies":[{"name":"wp","href":"https:\/\/api.w.org\/{rel}","templated":true}]}}