{"id":5667,"date":"2022-09-05T06:21:55","date_gmt":"2022-09-05T05:21:55","guid":{"rendered":"http:\/\/aeroclub-abbeville.fr\/?p=5667"},"modified":"2022-09-05T06:21:55","modified_gmt":"2022-09-05T05:21:55","slug":"aurelien-nouveau-brevete","status":"publish","type":"post","link":"http:\/\/aeroclub-abbeville.fr\/?p=5667","title":{"rendered":"Aur\u00e9lien, nouveau brevet\u00e9"},"content":{"rendered":"\n<p>Aur\u00e9lien DUBOIS, d\u00e9j\u00e0 pilote de planeur, vient d&rsquo;obtenir son brevet de pilote ULM.<\/p>\n\n\n\n<p>Le voici avec Guillaume PRUVOST, testeur.<\/p>\n\n\n\n<p>Bravo \u00e0 lui. Nous lui souhaitons de beaux vols et, peut-\u00eatre un jour, le brevet de pilote avion.<\/p>\n\n\n\n<figure class=\"wp-block-image size-full\"><img fetchpriority=\"high\" decoding=\"async\" width=\"807\" height=\"454\" src=\"http:\/\/aeroclub-abbeville.fr\/wp-content\/uploads\/2022\/09\/Aurelien-DUBOIS-Brevet-ULM-2022.jpg\" alt=\"\" class=\"wp-image-5666\" srcset=\"http:\/\/aeroclub-abbeville.fr\/wp-content\/uploads\/2022\/09\/Aurelien-DUBOIS-Brevet-ULM-2022.jpg 807w, http:\/\/aeroclub-abbeville.fr\/wp-content\/uploads\/2022\/09\/Aurelien-DUBOIS-Brevet-ULM-2022-480x270.jpg 480w, http:\/\/aeroclub-abbeville.fr\/wp-content\/uploads\/2022\/09\/Aurelien-DUBOIS-Brevet-ULM-2022-768x432.jpg 768w, http:\/\/aeroclub-abbeville.fr\/wp-content\/uploads\/2022\/09\/Aurelien-DUBOIS-Brevet-ULM-2022-624x351.jpg 624w\" sizes=\"(max-width: 807px) 100vw, 807px\" \/><\/figure>\n","protected":false},"excerpt":{"rendered":"<p>Aur\u00e9lien DUBOIS, d\u00e9j\u00e0 pilote de planeur, vient d&rsquo;obtenir son brevet de pilote ULM. Le voici avec Guillaume PRUVOST, testeur. Bravo \u00e0 lui. Nous lui souhaitons de beaux vols et, peut-\u00eatre un jour, le brevet de pilote avion.<\/p>\n","protected":false},"author":20,"featured_media":0,"comment_status":"open","ping_status":"closed","sticky":false,"template":"","format":"standard","meta":{"inline_featured_image":false,"footnotes":""},"categories":[1],"tags":[],"class_list":["post-5667","post","type-post","status-publish","format-standard","hentry","category-non-classe"],"_links":{"self":[{"href":"http:\/\/aeroclub-abbeville.fr\/index.php?rest_route=\/wp\/v2\/posts\/5667","targetHints":{"allow":["GET"]}}],"collection":[{"href":"http:\/\/aeroclub-abbeville.fr\/index.php?rest_route=\/wp\/v2\/posts"}],"about":[{"href":"http:\/\/aeroclub-abbeville.fr\/index.php?rest_route=\/wp\/v2\/types\/post"}],"author":[{"embeddable":true,"href":"http:\/\/aeroclub-abbeville.fr\/index.php?rest_route=\/wp\/v2\/users\/20"}],"replies":[{"embeddable":true,"href":"http:\/\/aeroclub-abbeville.fr\/index.php?rest_route=%2Fwp%2Fv2%2Fcomments&post=5667"}],"version-history":[{"count":1,"href":"http:\/\/aeroclub-abbeville.fr\/index.php?rest_route=\/wp\/v2\/posts\/5667\/revisions"}],"predecessor-version":[{"id":5668,"href":"http:\/\/aeroclub-abbeville.fr\/index.php?rest_route=\/wp\/v2\/posts\/5667\/revisions\/5668"}],"wp:attachment":[{"href":"http:\/\/aeroclub-abbeville.fr\/index.php?rest_route=%2Fwp%2Fv2%2Fmedia&parent=5667"}],"wp:term":[{"taxonomy":"category","embeddable":true,"href":"http:\/\/aeroclub-abbeville.fr\/index.php?rest_route=%2Fwp%2Fv2%2Fcategories&post=5667"},{"taxonomy":"post_tag","embeddable":true,"href":"http:\/\/aeroclub-abbeville.fr\/index.php?rest_route=%2Fwp%2Fv2%2Ftags&post=5667"}],"curies":[{"name":"wp","href":"https:\/\/api.w.org\/{rel}","templated":true}]}}