{"id":5693,"date":"2022-10-25T17:31:03","date_gmt":"2022-10-25T16:31:03","guid":{"rendered":"http:\/\/aeroclub-abbeville.fr\/?p=5693"},"modified":"2022-10-25T17:31:03","modified_gmt":"2022-10-25T16:31:03","slug":"moment-sympathique-et-convivial","status":"publish","type":"post","link":"http:\/\/aeroclub-abbeville.fr\/?p=5693","title":{"rendered":"Moment sympathique et convivial"},"content":{"rendered":"\n<p>Ce 8 octobre Patrice MAIGNAN a f\u00eat\u00e9 son tout nouveau PPL. Xavier LATRISIEN, quant \u00e0 lui, a f\u00eat\u00e9 son PPL et son brevet de pilote ULM.<\/p>\n\n\n\n<p>Un moment bien sympathique en compagnie de amis de l&rsquo;a\u00e9roclub.<\/p>\n\n\n\n<figure class=\"wp-block-image size-full\"><img fetchpriority=\"high\" decoding=\"async\" width=\"800\" height=\"598\" src=\"http:\/\/aeroclub-abbeville.fr\/wp-content\/uploads\/2022\/10\/Arrosage-PPL-Patrice-PPL-et-ULM-Xavier-08-10-2022.jpg\" alt=\"\" class=\"wp-image-5691\" srcset=\"http:\/\/aeroclub-abbeville.fr\/wp-content\/uploads\/2022\/10\/Arrosage-PPL-Patrice-PPL-et-ULM-Xavier-08-10-2022.jpg 800w, http:\/\/aeroclub-abbeville.fr\/wp-content\/uploads\/2022\/10\/Arrosage-PPL-Patrice-PPL-et-ULM-Xavier-08-10-2022-480x359.jpg 480w, http:\/\/aeroclub-abbeville.fr\/wp-content\/uploads\/2022\/10\/Arrosage-PPL-Patrice-PPL-et-ULM-Xavier-08-10-2022-768x574.jpg 768w, http:\/\/aeroclub-abbeville.fr\/wp-content\/uploads\/2022\/10\/Arrosage-PPL-Patrice-PPL-et-ULM-Xavier-08-10-2022-624x466.jpg 624w\" sizes=\"(max-width: 800px) 100vw, 800px\" \/><figcaption>Xavier et Patrice au fond, entour\u00e9s des amis.<\/figcaption><\/figure>\n","protected":false},"excerpt":{"rendered":"<p>Ce 8 octobre Patrice MAIGNAN a f\u00eat\u00e9 son tout nouveau PPL. Xavier LATRISIEN, quant \u00e0 lui, a f\u00eat\u00e9 son PPL et son brevet de pilote ULM. Un moment bien sympathique en compagnie de amis de l&rsquo;a\u00e9roclub.<\/p>\n","protected":false},"author":20,"featured_media":0,"comment_status":"open","ping_status":"","sticky":false,"template":"","format":"standard","meta":{"inline_featured_image":false,"footnotes":""},"categories":[1],"tags":[],"class_list":["post-5693","post","type-post","status-publish","format-standard","hentry","category-non-classe"],"_links":{"self":[{"href":"http:\/\/aeroclub-abbeville.fr\/index.php?rest_route=\/wp\/v2\/posts\/5693","targetHints":{"allow":["GET"]}}],"collection":[{"href":"http:\/\/aeroclub-abbeville.fr\/index.php?rest_route=\/wp\/v2\/posts"}],"about":[{"href":"http:\/\/aeroclub-abbeville.fr\/index.php?rest_route=\/wp\/v2\/types\/post"}],"author":[{"embeddable":true,"href":"http:\/\/aeroclub-abbeville.fr\/index.php?rest_route=\/wp\/v2\/users\/20"}],"replies":[{"embeddable":true,"href":"http:\/\/aeroclub-abbeville.fr\/index.php?rest_route=%2Fwp%2Fv2%2Fcomments&post=5693"}],"version-history":[{"count":1,"href":"http:\/\/aeroclub-abbeville.fr\/index.php?rest_route=\/wp\/v2\/posts\/5693\/revisions"}],"predecessor-version":[{"id":5694,"href":"http:\/\/aeroclub-abbeville.fr\/index.php?rest_route=\/wp\/v2\/posts\/5693\/revisions\/5694"}],"wp:attachment":[{"href":"http:\/\/aeroclub-abbeville.fr\/index.php?rest_route=%2Fwp%2Fv2%2Fmedia&parent=5693"}],"wp:term":[{"taxonomy":"category","embeddable":true,"href":"http:\/\/aeroclub-abbeville.fr\/index.php?rest_route=%2Fwp%2Fv2%2Fcategories&post=5693"},{"taxonomy":"post_tag","embeddable":true,"href":"http:\/\/aeroclub-abbeville.fr\/index.php?rest_route=%2Fwp%2Fv2%2Ftags&post=5693"}],"curies":[{"name":"wp","href":"https:\/\/api.w.org\/{rel}","templated":true}]}}