{"id":5705,"date":"2023-04-11T09:35:50","date_gmt":"2023-04-11T08:35:50","guid":{"rendered":"http:\/\/aeroclub-abbeville.fr\/?p=5705"},"modified":"2023-04-11T09:35:50","modified_gmt":"2023-04-11T08:35:50","slug":"assemblee-generale-2023","status":"publish","type":"post","link":"http:\/\/aeroclub-abbeville.fr\/?p=5705","title":{"rendered":"Assembl\u00e9e G\u00e9n\u00e9rale 2023"},"content":{"rendered":"\n<p><\/p>\n\n\n\n<p>\/Notre assembl\u00e9e g\u00e9n\u00e9rale 2023 s&rsquo;est tenue le samedi 1er avril 2023.<\/p>\n\n\n\n<p>Comme chaque ann\u00e9e elle a accueilli un grand nombre de participants qui se sentent r\u00e9ellement concern\u00e9s par la vie de notre a\u00e9roclub.<\/p>\n\n\n\n<p>\u00c9taient pr\u00e9sents \u00e9galement Monsieur Pascal DEMARTHE, Maire d&rsquo;Abbeville et Pr\u00e9sident de la Communaut\u00e9 d&rsquo;agglom\u00e9ration, fid\u00e8le de notre association, accompagn\u00e9 de Lydie NOEL, premi\u00e8re adjointe,  de Herv\u00e9 DENIS, adjoint charg\u00e9 des sports, <\/p>\n\n\n\n<p>\/Nous avons \u00e9galement accueilli avec plaisir Monsieur Pierre DELCOURT, maire de LE TITRE et Vice-Pr\u00e9sident de la Communaut\u00e9 de Communes PONTHIEU-MARQUENTERRE en charge de l&rsquo;a\u00e9rodrome.<\/p>\n\n\n\n<p>\/ ainsi que Monsieur Eric MOUTON, Maire de BUIGNY-SAINT-MACLOU.<\/p>\n\n\n\n<figure class=\"wp-block-image size-full is-resized\"><img fetchpriority=\"high\" decoding=\"async\" src=\"http:\/\/aeroclub-abbeville.fr\/wp-content\/uploads\/2023\/04\/AG-2023-04-01-3-1.jpg\" alt=\"\" class=\"wp-image-5711\" width=\"613\" height=\"459\" srcset=\"http:\/\/aeroclub-abbeville.fr\/wp-content\/uploads\/2023\/04\/AG-2023-04-01-3-1.jpg 600w, http:\/\/aeroclub-abbeville.fr\/wp-content\/uploads\/2023\/04\/AG-2023-04-01-3-1-480x359.jpg 480w\" sizes=\"(max-width: 613px) 100vw, 613px\" \/><\/figure>\n\n\n\n<figure class=\"wp-block-image size-full\"><img decoding=\"async\" width=\"600\" height=\"449\" src=\"http:\/\/aeroclub-abbeville.fr\/wp-content\/uploads\/2023\/04\/AG-2023-04-01-1-2-1.jpg\" alt=\"\" class=\"wp-image-5710\" srcset=\"http:\/\/aeroclub-abbeville.fr\/wp-content\/uploads\/2023\/04\/AG-2023-04-01-1-2-1.jpg 600w, http:\/\/aeroclub-abbeville.fr\/wp-content\/uploads\/2023\/04\/AG-2023-04-01-1-2-1-480x359.jpg 480w\" sizes=\"(max-width: 600px) 100vw, 600px\" \/><\/figure>\n\n\n\n<figure class=\"wp-block-image size-full\"><img decoding=\"async\" width=\"393\" height=\"510\" src=\"http:\/\/aeroclub-abbeville.fr\/wp-content\/uploads\/2023\/04\/AG-2023-04-01-4-1.jpg\" alt=\"\" class=\"wp-image-5707\" srcset=\"http:\/\/aeroclub-abbeville.fr\/wp-content\/uploads\/2023\/04\/AG-2023-04-01-4-1.jpg 393w, http:\/\/aeroclub-abbeville.fr\/wp-content\/uploads\/2023\/04\/AG-2023-04-01-4-1-370x480.jpg 370w\" sizes=\"(max-width: 393px) 100vw, 393px\" \/><\/figure>\n\n\n\n<p>\/ Monsieur Pierre DELCOURT<\/p>\n\n\n\n<figure class=\"wp-block-image size-full\"><img loading=\"lazy\" decoding=\"async\" width=\"451\" height=\"541\" src=\"http:\/\/aeroclub-abbeville.fr\/wp-content\/uploads\/2023\/04\/AG-2023-04-01-4-2.jpg\" alt=\"\" class=\"wp-image-5708\" srcset=\"http:\/\/aeroclub-abbeville.fr\/wp-content\/uploads\/2023\/04\/AG-2023-04-01-4-2.jpg 451w, http:\/\/aeroclub-abbeville.fr\/wp-content\/uploads\/2023\/04\/AG-2023-04-01-4-2-400x480.jpg 400w\" sizes=\"(max-width: 451px) 100vw, 451px\" \/><\/figure>\n\n\n\n<p>\/Monsieur Pascal DEMARTHE<\/p>\n\n\n\n<p>\/ A l&rsquo;issue de cette assembl\u00e9e g\u00e9n\u00e9rale, le conseil d&rsquo;administration s&rsquo;est r\u00e9uni pour \u00e9lire le bureau comme suit:<\/p>\n\n\n\n<ul class=\"wp-block-list\"><li>Pr\u00e9sident de l&rsquo;a\u00e9roclub : Jean-Pierre LIGNIER<\/li><li>Secr\u00e9taire G\u00e9n\u00e9ral: Christophe ALEGRE<\/li><li>Tr\u00e9sorier G\u00e9n\u00e9ral: Germain DELACOURT<\/li><\/ul>\n\n\n\n<ul class=\"wp-block-list\"><li>Vice-pr\u00e9sident section Vol Moteur: Patrice MAIGNAN<\/li><li>Secr\u00e9taire de la section: Christophe ALEGRE<\/li><li>Tr\u00e9sorier de la section: Germain DELACOURT<\/li><\/ul>\n\n\n\n<ul class=\"wp-block-list\"><li>Vice-pr\u00e9sident de la section planeurs: Mathieu CAUDRELIER<\/li><li>Secr\u00e9taire de la section: Louis ADAMS<\/li><li>Tr\u00e9sorier de la section: Guillaume PRUVOST<\/li><\/ul>\n\n\n\n<ul class=\"wp-block-list\"><li>Vice-pr\u00e9sident de la section ULM: William GODEFROY<\/li><li>Secr\u00e9taire de la section: Pascal SOCKEEL<\/li><li>Tr\u00e9sorier de la section: Alain FAUQUEMBERGUE<\/li><\/ul>\n\n\n\n<p><\/p>\n","protected":false},"excerpt":{"rendered":"<p>\/Notre assembl\u00e9e g\u00e9n\u00e9rale 2023 s&rsquo;est tenue le samedi 1er avril 2023. Comme chaque ann\u00e9e elle a accueilli un grand nombre de participants qui se sentent r\u00e9ellement concern\u00e9s par la vie de notre a\u00e9roclub. \u00c9taient pr\u00e9sents \u00e9galement Monsieur Pascal DEMARTHE, Maire d&rsquo;Abbeville et Pr\u00e9sident de la Communaut\u00e9 d&rsquo;agglom\u00e9ration, fid\u00e8le de notre association, accompagn\u00e9 de Lydie NOEL, [&hellip;]<\/p>\n","protected":false},"author":20,"featured_media":0,"comment_status":"open","ping_status":"","sticky":false,"template":"","format":"standard","meta":{"inline_featured_image":false,"footnotes":""},"categories":[1],"tags":[],"class_list":["post-5705","post","type-post","status-publish","format-standard","hentry","category-non-classe"],"_links":{"self":[{"href":"http:\/\/aeroclub-abbeville.fr\/index.php?rest_route=\/wp\/v2\/posts\/5705","targetHints":{"allow":["GET"]}}],"collection":[{"href":"http:\/\/aeroclub-abbeville.fr\/index.php?rest_route=\/wp\/v2\/posts"}],"about":[{"href":"http:\/\/aeroclub-abbeville.fr\/index.php?rest_route=\/wp\/v2\/types\/post"}],"author":[{"embeddable":true,"href":"http:\/\/aeroclub-abbeville.fr\/index.php?rest_route=\/wp\/v2\/users\/20"}],"replies":[{"embeddable":true,"href":"http:\/\/aeroclub-abbeville.fr\/index.php?rest_route=%2Fwp%2Fv2%2Fcomments&post=5705"}],"version-history":[{"count":2,"href":"http:\/\/aeroclub-abbeville.fr\/index.php?rest_route=\/wp\/v2\/posts\/5705\/revisions"}],"predecessor-version":[{"id":5713,"href":"http:\/\/aeroclub-abbeville.fr\/index.php?rest_route=\/wp\/v2\/posts\/5705\/revisions\/5713"}],"wp:attachment":[{"href":"http:\/\/aeroclub-abbeville.fr\/index.php?rest_route=%2Fwp%2Fv2%2Fmedia&parent=5705"}],"wp:term":[{"taxonomy":"category","embeddable":true,"href":"http:\/\/aeroclub-abbeville.fr\/index.php?rest_route=%2Fwp%2Fv2%2Fcategories&post=5705"},{"taxonomy":"post_tag","embeddable":true,"href":"http:\/\/aeroclub-abbeville.fr\/index.php?rest_route=%2Fwp%2Fv2%2Ftags&post=5705"}],"curies":[{"name":"wp","href":"https:\/\/api.w.org\/{rel}","templated":true}]}}