{"id":5727,"date":"2023-05-01T14:21:04","date_gmt":"2023-05-01T13:21:04","guid":{"rendered":"http:\/\/aeroclub-abbeville.fr\/?p=5727"},"modified":"2023-05-01T15:02:24","modified_gmt":"2023-05-01T14:02:24","slug":"balade-du-8-mai-2023-cest-en-ulm-encore-une-fois-a-la-pointe-dalprech-quon-se-retrouvera","status":"publish","type":"post","link":"http:\/\/aeroclub-abbeville.fr\/?p=5727","title":{"rendered":"Balade du 8 Mai 2023 ! C&rsquo;est en ULM encore une fois, d&rsquo;Abbeville \u00e0 la Pointe d&rsquo;Alprech, qu&rsquo;on se retrouvera !"},"content":{"rendered":"\n<p>1 Mai 2023<\/p>\n\n\n\n<figure class=\"wp-block-image size-full\"><img fetchpriority=\"high\" decoding=\"async\" width=\"1024\" height=\"1024\" src=\"http:\/\/aeroclub-abbeville.fr\/wp-content\/uploads\/2023\/05\/325369160_1613183682485997_6398491147644577922_n.jpg\" alt=\"\" class=\"wp-image-5728\" srcset=\"http:\/\/aeroclub-abbeville.fr\/wp-content\/uploads\/2023\/05\/325369160_1613183682485997_6398491147644577922_n.jpg 1024w, http:\/\/aeroclub-abbeville.fr\/wp-content\/uploads\/2023\/05\/325369160_1613183682485997_6398491147644577922_n-480x480.jpg 480w, http:\/\/aeroclub-abbeville.fr\/wp-content\/uploads\/2023\/05\/325369160_1613183682485997_6398491147644577922_n-150x150.jpg 150w, http:\/\/aeroclub-abbeville.fr\/wp-content\/uploads\/2023\/05\/325369160_1613183682485997_6398491147644577922_n-768x768.jpg 768w, http:\/\/aeroclub-abbeville.fr\/wp-content\/uploads\/2023\/05\/325369160_1613183682485997_6398491147644577922_n-624x624.jpg 624w\" sizes=\"(max-width: 1024px) 100vw, 1024px\" \/><\/figure>\n\n\n\n<p>Cher(e)s Ami(e)s,<\/p>\n\n\n\n<p>La section ULM organise une sortie lundi 8 mai au Portel (A\u00e9rodrome de Boulogne-sur-Mer &#8211; Alprech: LF6251 -).<br><br>Sont pr\u00e9vus : repas sur place (\u00e0 organiser) + d\u00e9couverte des environs (pointe d&rsquo;Alprech (on y est), Equihen (la plage en bout de piste); le Portel 10\/15mn \u00e0 pied) et\/ou sortie ULM vers les deux caps l&rsquo;apr\u00e8s-midi, retour en soir\u00e9e.<br><br><\/p>\n\n\n\n<figure class=\"wp-block-gallery columns-3 is-cropped wp-block-gallery-1 is-layout-flex wp-block-gallery-is-layout-flex\"><ul class=\"blocks-gallery-grid\"><li class=\"blocks-gallery-item\"><figure><img decoding=\"async\" width=\"850\" height=\"567\" src=\"http:\/\/aeroclub-abbeville.fr\/wp-content\/uploads\/2023\/05\/0-full-fr-793358542.jpeg\" alt=\"\" data-id=\"5729\" class=\"wp-image-5729\" srcset=\"http:\/\/aeroclub-abbeville.fr\/wp-content\/uploads\/2023\/05\/0-full-fr-793358542.jpeg 850w, http:\/\/aeroclub-abbeville.fr\/wp-content\/uploads\/2023\/05\/0-full-fr-793358542-480x320.jpeg 480w, http:\/\/aeroclub-abbeville.fr\/wp-content\/uploads\/2023\/05\/0-full-fr-793358542-768x512.jpeg 768w, http:\/\/aeroclub-abbeville.fr\/wp-content\/uploads\/2023\/05\/0-full-fr-793358542-624x416.jpeg 624w\" sizes=\"(max-width: 850px) 100vw, 850px\" \/><\/figure><\/li><li class=\"blocks-gallery-item\"><figure><img decoding=\"async\" width=\"1024\" height=\"572\" src=\"http:\/\/aeroclub-abbeville.fr\/wp-content\/uploads\/2023\/05\/le-portel-vue-du-ciel-1024x572-1.jpg\" alt=\"\" data-id=\"5730\" data-link=\"http:\/\/aeroclub-abbeville.fr\/?attachment_id=5730\" class=\"wp-image-5730\" srcset=\"http:\/\/aeroclub-abbeville.fr\/wp-content\/uploads\/2023\/05\/le-portel-vue-du-ciel-1024x572-1.jpg 1024w, http:\/\/aeroclub-abbeville.fr\/wp-content\/uploads\/2023\/05\/le-portel-vue-du-ciel-1024x572-1-480x268.jpg 480w, http:\/\/aeroclub-abbeville.fr\/wp-content\/uploads\/2023\/05\/le-portel-vue-du-ciel-1024x572-1-768x429.jpg 768w, http:\/\/aeroclub-abbeville.fr\/wp-content\/uploads\/2023\/05\/le-portel-vue-du-ciel-1024x572-1-624x349.jpg 624w\" sizes=\"(max-width: 1024px) 100vw, 1024px\" \/><\/figure><\/li><li class=\"blocks-gallery-item\"><figure><img loading=\"lazy\" decoding=\"async\" width=\"450\" height=\"600\" src=\"http:\/\/aeroclub-abbeville.fr\/wp-content\/uploads\/2023\/05\/pa62000118-phare-pointe-alprech-situe-bout-rue-cap.jpg\" alt=\"\" data-id=\"5731\" data-full-url=\"http:\/\/aeroclub-abbeville.fr\/wp-content\/uploads\/2023\/05\/pa62000118-phare-pointe-alprech-situe-bout-rue-cap.jpg\" data-link=\"http:\/\/aeroclub-abbeville.fr\/?attachment_id=5731\" class=\"wp-image-5731\" srcset=\"http:\/\/aeroclub-abbeville.fr\/wp-content\/uploads\/2023\/05\/pa62000118-phare-pointe-alprech-situe-bout-rue-cap.jpg 450w, http:\/\/aeroclub-abbeville.fr\/wp-content\/uploads\/2023\/05\/pa62000118-phare-pointe-alprech-situe-bout-rue-cap-360x480.jpg 360w\" sizes=\"(max-width: 450px) 100vw, 450px\" \/><\/figure><\/li><\/ul><\/figure>\n\n\n\n<p>Pour ceux qui ne peuvent pas s&rsquo;y rendre par les airs, un parking auto est \u00e0 la disposition des visiteurs sur place.<br><\/p>\n\n\n\n<figure class=\"wp-block-gallery columns-3 is-cropped wp-block-gallery-2 is-layout-flex wp-block-gallery-is-layout-flex\"><ul class=\"blocks-gallery-grid\"><li class=\"blocks-gallery-item\"><figure><img loading=\"lazy\" decoding=\"async\" width=\"750\" height=\"350\" src=\"http:\/\/aeroclub-abbeville.fr\/wp-content\/uploads\/2023\/05\/fort-heurt-le-portel-maree-basse.jpg\" alt=\"\" data-id=\"5732\" data-link=\"http:\/\/aeroclub-abbeville.fr\/?attachment_id=5732\" class=\"wp-image-5732\" srcset=\"http:\/\/aeroclub-abbeville.fr\/wp-content\/uploads\/2023\/05\/fort-heurt-le-portel-maree-basse.jpg 750w, http:\/\/aeroclub-abbeville.fr\/wp-content\/uploads\/2023\/05\/fort-heurt-le-portel-maree-basse-480x224.jpg 480w, http:\/\/aeroclub-abbeville.fr\/wp-content\/uploads\/2023\/05\/fort-heurt-le-portel-maree-basse-624x291.jpg 624w\" sizes=\"(max-width: 750px) 100vw, 750px\" \/><\/figure><\/li><li class=\"blocks-gallery-item\"><figure><img loading=\"lazy\" decoding=\"async\" width=\"1024\" height=\"315\" src=\"http:\/\/aeroclub-abbeville.fr\/wp-content\/uploads\/2023\/05\/IMG_0308_stitch-ntz43f75asvtc8orc2u0vr8wo973d0a8cmnqvl4a00-1024x315.jpg\" alt=\"\" data-id=\"5733\" data-link=\"http:\/\/aeroclub-abbeville.fr\/?attachment_id=5733\" class=\"wp-image-5733\" srcset=\"http:\/\/aeroclub-abbeville.fr\/wp-content\/uploads\/2023\/05\/IMG_0308_stitch-ntz43f75asvtc8orc2u0vr8wo973d0a8cmnqvl4a00-1024x315.jpg 1024w, http:\/\/aeroclub-abbeville.fr\/wp-content\/uploads\/2023\/05\/IMG_0308_stitch-ntz43f75asvtc8orc2u0vr8wo973d0a8cmnqvl4a00-480x148.jpg 480w, http:\/\/aeroclub-abbeville.fr\/wp-content\/uploads\/2023\/05\/IMG_0308_stitch-ntz43f75asvtc8orc2u0vr8wo973d0a8cmnqvl4a00-768x236.jpg 768w, http:\/\/aeroclub-abbeville.fr\/wp-content\/uploads\/2023\/05\/IMG_0308_stitch-ntz43f75asvtc8orc2u0vr8wo973d0a8cmnqvl4a00-624x192.jpg 624w, http:\/\/aeroclub-abbeville.fr\/wp-content\/uploads\/2023\/05\/IMG_0308_stitch-ntz43f75asvtc8orc2u0vr8wo973d0a8cmnqvl4a00.jpg 1300w\" sizes=\"(max-width: 1024px) 100vw, 1024px\" \/><\/figure><\/li><li class=\"blocks-gallery-item\"><figure><img loading=\"lazy\" decoding=\"async\" width=\"1024\" height=\"576\" src=\"http:\/\/aeroclub-abbeville.fr\/wp-content\/uploads\/2023\/05\/B9728470906Z.1_20210928155020_000GIPJ0642N.1-0-1024x576.jpg\" alt=\"\" data-id=\"5734\" data-link=\"http:\/\/aeroclub-abbeville.fr\/?attachment_id=5734\" class=\"wp-image-5734\" srcset=\"http:\/\/aeroclub-abbeville.fr\/wp-content\/uploads\/2023\/05\/B9728470906Z.1_20210928155020_000GIPJ0642N.1-0-1024x576.jpg 1024w, http:\/\/aeroclub-abbeville.fr\/wp-content\/uploads\/2023\/05\/B9728470906Z.1_20210928155020_000GIPJ0642N.1-0-480x270.jpg 480w, http:\/\/aeroclub-abbeville.fr\/wp-content\/uploads\/2023\/05\/B9728470906Z.1_20210928155020_000GIPJ0642N.1-0-768x432.jpg 768w, http:\/\/aeroclub-abbeville.fr\/wp-content\/uploads\/2023\/05\/B9728470906Z.1_20210928155020_000GIPJ0642N.1-0-624x351.jpg 624w, http:\/\/aeroclub-abbeville.fr\/wp-content\/uploads\/2023\/05\/B9728470906Z.1_20210928155020_000GIPJ0642N.1-0.jpg 1350w\" sizes=\"(max-width: 1024px) 100vw, 1024px\" \/><\/figure><\/li><li class=\"blocks-gallery-item\"><figure><img loading=\"lazy\" decoding=\"async\" width=\"1024\" height=\"341\" src=\"http:\/\/aeroclub-abbeville.fr\/wp-content\/uploads\/2023\/05\/cap-dalprech-france-ouvo-1024x341.jpg\" alt=\"\" data-id=\"5735\" data-full-url=\"http:\/\/aeroclub-abbeville.fr\/wp-content\/uploads\/2023\/05\/cap-dalprech-france-ouvo.jpg\" data-link=\"http:\/\/aeroclub-abbeville.fr\/?attachment_id=5735\" class=\"wp-image-5735\" srcset=\"http:\/\/aeroclub-abbeville.fr\/wp-content\/uploads\/2023\/05\/cap-dalprech-france-ouvo-1024x341.jpg 1024w, http:\/\/aeroclub-abbeville.fr\/wp-content\/uploads\/2023\/05\/cap-dalprech-france-ouvo-480x160.jpg 480w, http:\/\/aeroclub-abbeville.fr\/wp-content\/uploads\/2023\/05\/cap-dalprech-france-ouvo-768x256.jpg 768w, http:\/\/aeroclub-abbeville.fr\/wp-content\/uploads\/2023\/05\/cap-dalprech-france-ouvo-1536x512.jpg 1536w, http:\/\/aeroclub-abbeville.fr\/wp-content\/uploads\/2023\/05\/cap-dalprech-france-ouvo-2048x683.jpg 2048w, http:\/\/aeroclub-abbeville.fr\/wp-content\/uploads\/2023\/05\/cap-dalprech-france-ouvo-624x208.jpg 624w\" sizes=\"(max-width: 1024px) 100vw, 1024px\" \/><\/figure><\/li><\/ul><\/figure>\n\n\n\n<p>Rendez-vous au terrain -LFOI-<\/p>\n\n\n\n<ul class=\"wp-block-list\"><li>&nbsp;&nbsp;&nbsp; 8h : briefing<\/li><li>&nbsp;&nbsp;&nbsp; 9h : d\u00e9parts \/ d\u00e9collages<\/li><\/ul>\n\n\n\n<p>Il est sugg\u00e9r\u00e9 de constituer les \u00e9quipages, pour ceux qui peuvent embarquer un passager.<br>Equipages pr\u00e9vus : autogyre : Fred-Alain; CTSL : Fran\u00e7ois-Pascal ; Skyranger Freddy-Fran\u00e7oise &#8230;<br><\/p>\n\n\n\n<p>info. terrain : <a href=\"https:\/\/map.aerobreak.com\/aerodrome-LF6251.html\">https:\/\/map.aerobreak.com\/aerodrome-LF6251.html<\/a><br>Ci-joint la carte FFPLUM<\/p>\n\n\n\n<div data-wp-interactive=\"core\/file\" class=\"wp-block-file\"><object data-wp-bind--hidden=\"!state.hasPdfPreview\" hidden class=\"wp-block-file__embed\" data=\"http:\/\/aeroclub-abbeville.fr\/wp-content\/uploads\/2023\/05\/LF6251.pdf\" type=\"application\/pdf\" style=\"width:100%;height:600px\" aria-label=\"Contenu embarqu\u00e9 Contenu embarqu\u00e9 LF6251..\"><\/object><a href=\"http:\/\/aeroclub-abbeville.fr\/wp-content\/uploads\/2023\/05\/LF6251.pdf\">LF6251<\/a><a href=\"http:\/\/aeroclub-abbeville.fr\/wp-content\/uploads\/2023\/05\/LF6251.pdf\" class=\"wp-block-file__button\" download>T\u00e9l\u00e9charger<\/a><\/div>\n\n\n\n<p><br><br><br>Au plaisir de vous retrouver<br>Pour William Godefroy -pr\u00e9sident de la section ULM<br>Pascal Sockeel &#8211; secr\u00e9taire &#8211;<\/p>\n\n\n\n\n\n<figure class=\"wp-block-gallery columns-2 is-cropped wp-block-gallery-3 is-layout-flex wp-block-gallery-is-layout-flex\"><ul class=\"blocks-gallery-grid\"><li class=\"blocks-gallery-item\"><figure><img loading=\"lazy\" decoding=\"async\" width=\"1024\" height=\"576\" src=\"http:\/\/aeroclub-abbeville.fr\/wp-content\/uploads\/2023\/05\/plage_29_09_2015-1024x576.jpg\" alt=\"\" data-id=\"5737\" class=\"wp-image-5737\" srcset=\"http:\/\/aeroclub-abbeville.fr\/wp-content\/uploads\/2023\/05\/plage_29_09_2015-1024x576.jpg 1024w, http:\/\/aeroclub-abbeville.fr\/wp-content\/uploads\/2023\/05\/plage_29_09_2015-480x270.jpg 480w, http:\/\/aeroclub-abbeville.fr\/wp-content\/uploads\/2023\/05\/plage_29_09_2015-768x432.jpg 768w, http:\/\/aeroclub-abbeville.fr\/wp-content\/uploads\/2023\/05\/plage_29_09_2015-1536x864.jpg 1536w, http:\/\/aeroclub-abbeville.fr\/wp-content\/uploads\/2023\/05\/plage_29_09_2015-624x351.jpg 624w, http:\/\/aeroclub-abbeville.fr\/wp-content\/uploads\/2023\/05\/plage_29_09_2015.jpg 1920w\" sizes=\"(max-width: 1024px) 100vw, 1024px\" \/><\/figure><\/li><li class=\"blocks-gallery-item\"><figure><img loading=\"lazy\" decoding=\"async\" width=\"1024\" height=\"576\" src=\"http:\/\/aeroclub-abbeville.fr\/wp-content\/uploads\/2023\/05\/Coucher-soleil-Phare-007-Signature-scaled-1-1024x576.jpg\" alt=\"\" data-id=\"5738\" data-full-url=\"http:\/\/aeroclub-abbeville.fr\/wp-content\/uploads\/2023\/05\/Coucher-soleil-Phare-007-Signature-scaled-1.jpg\" data-link=\"http:\/\/aeroclub-abbeville.fr\/?attachment_id=5738\" class=\"wp-image-5738\" srcset=\"http:\/\/aeroclub-abbeville.fr\/wp-content\/uploads\/2023\/05\/Coucher-soleil-Phare-007-Signature-scaled-1-1024x576.jpg 1024w, http:\/\/aeroclub-abbeville.fr\/wp-content\/uploads\/2023\/05\/Coucher-soleil-Phare-007-Signature-scaled-1-480x270.jpg 480w, http:\/\/aeroclub-abbeville.fr\/wp-content\/uploads\/2023\/05\/Coucher-soleil-Phare-007-Signature-scaled-1-768x432.jpg 768w, http:\/\/aeroclub-abbeville.fr\/wp-content\/uploads\/2023\/05\/Coucher-soleil-Phare-007-Signature-scaled-1-1536x864.jpg 1536w, http:\/\/aeroclub-abbeville.fr\/wp-content\/uploads\/2023\/05\/Coucher-soleil-Phare-007-Signature-scaled-1-2048x1152.jpg 2048w, http:\/\/aeroclub-abbeville.fr\/wp-content\/uploads\/2023\/05\/Coucher-soleil-Phare-007-Signature-scaled-1-624x351.jpg 624w\" sizes=\"(max-width: 1024px) 100vw, 1024px\" \/><\/figure><\/li><\/ul><\/figure>\n\n\n\n<p>Cr\u00e9dit Photos : Tourisme Le Portel<br>Fran\u00e7oise Sockeel<\/p>\n","protected":false},"excerpt":{"rendered":"<p>1 Mai 2023 Cher(e)s Ami(e)s, La section ULM organise une sortie lundi 8 mai au Portel (A\u00e9rodrome de Boulogne-sur-Mer &#8211; Alprech: LF6251 -). Sont pr\u00e9vus : repas sur place (\u00e0 organiser) + d\u00e9couverte des environs (pointe d&rsquo;Alprech (on y est), Equihen (la plage en bout de piste); le Portel 10\/15mn \u00e0 pied) et\/ou sortie ULM [&hellip;]<\/p>\n","protected":false},"author":211,"featured_media":0,"comment_status":"open","ping_status":"","sticky":false,"template":"","format":"standard","meta":{"inline_featured_image":false,"footnotes":""},"categories":[20,21,2,22,5,6,7,11,17,18,31],"tags":[],"class_list":["post-5727","post","type-post","status-publish","format-standard","hentry","category-actualites","category-arrosages-fetes","category-avion","category-bia","category-entretien","category-formation","category-formation_avion","category-manifestations","category-ulm","category-vie-du-club","category-voyages"],"_links":{"self":[{"href":"http:\/\/aeroclub-abbeville.fr\/index.php?rest_route=\/wp\/v2\/posts\/5727","targetHints":{"allow":["GET"]}}],"collection":[{"href":"http:\/\/aeroclub-abbeville.fr\/index.php?rest_route=\/wp\/v2\/posts"}],"about":[{"href":"http:\/\/aeroclub-abbeville.fr\/index.php?rest_route=\/wp\/v2\/types\/post"}],"author":[{"embeddable":true,"href":"http:\/\/aeroclub-abbeville.fr\/index.php?rest_route=\/wp\/v2\/users\/211"}],"replies":[{"embeddable":true,"href":"http:\/\/aeroclub-abbeville.fr\/index.php?rest_route=%2Fwp%2Fv2%2Fcomments&post=5727"}],"version-history":[{"count":7,"href":"http:\/\/aeroclub-abbeville.fr\/index.php?rest_route=\/wp\/v2\/posts\/5727\/revisions"}],"predecessor-version":[{"id":5766,"href":"http:\/\/aeroclub-abbeville.fr\/index.php?rest_route=\/wp\/v2\/posts\/5727\/revisions\/5766"}],"wp:attachment":[{"href":"http:\/\/aeroclub-abbeville.fr\/index.php?rest_route=%2Fwp%2Fv2%2Fmedia&parent=5727"}],"wp:term":[{"taxonomy":"category","embeddable":true,"href":"http:\/\/aeroclub-abbeville.fr\/index.php?rest_route=%2Fwp%2Fv2%2Fcategories&post=5727"},{"taxonomy":"post_tag","embeddable":true,"href":"http:\/\/aeroclub-abbeville.fr\/index.php?rest_route=%2Fwp%2Fv2%2Ftags&post=5727"}],"curies":[{"name":"wp","href":"https:\/\/api.w.org\/{rel}","templated":true}]}}