{"id":5747,"date":"2023-05-01T14:50:54","date_gmt":"2023-05-01T13:50:54","guid":{"rendered":"http:\/\/aeroclub-abbeville.fr\/?p=5747"},"modified":"2023-05-01T14:52:33","modified_gmt":"2023-05-01T13:52:33","slug":"voila-venu-le-temps-des-championnats-cest-a-abbeville-lfoi-cette-fois","status":"publish","type":"post","link":"http:\/\/aeroclub-abbeville.fr\/?p=5747","title":{"rendered":"Voil\u00e0 venu le temps des Championnats des Hauts de France de Vol en Planeur ! C&rsquo;est \u00e0 Abbeville LFOI, cette fois !"},"content":{"rendered":"\n<p>1 Mai 2023<\/p>\n\n\n\n<p><strong>N&rsquo;oubliez pas !<\/strong><\/p>\n\n\n\n<figure class=\"wp-block-image size-large is-resized\"><img fetchpriority=\"high\" decoding=\"async\" src=\"http:\/\/aeroclub-abbeville.fr\/wp-content\/uploads\/2023\/05\/321441184_2335594626599384_4921611981526114258_n-1024x1024.jpg\" alt=\"\" class=\"wp-image-5748\" width=\"512\" height=\"512\" srcset=\"http:\/\/aeroclub-abbeville.fr\/wp-content\/uploads\/2023\/05\/321441184_2335594626599384_4921611981526114258_n-1024x1024.jpg 1024w, http:\/\/aeroclub-abbeville.fr\/wp-content\/uploads\/2023\/05\/321441184_2335594626599384_4921611981526114258_n-480x480.jpg 480w, http:\/\/aeroclub-abbeville.fr\/wp-content\/uploads\/2023\/05\/321441184_2335594626599384_4921611981526114258_n-150x150.jpg 150w, http:\/\/aeroclub-abbeville.fr\/wp-content\/uploads\/2023\/05\/321441184_2335594626599384_4921611981526114258_n-768x768.jpg 768w, http:\/\/aeroclub-abbeville.fr\/wp-content\/uploads\/2023\/05\/321441184_2335594626599384_4921611981526114258_n-624x624.jpg 624w, http:\/\/aeroclub-abbeville.fr\/wp-content\/uploads\/2023\/05\/321441184_2335594626599384_4921611981526114258_n.jpg 1080w\" sizes=\"(max-width: 512px) 100vw, 512px\" \/><\/figure>\n\n\n\n<p>C&rsquo;est dans 18 jours !<br>Les Championnats r\u00e9gionaux des Hauts de France de Vol en Planeur !<\/p>\n\n\n\n<figure class=\"wp-block-gallery columns-2 is-cropped wp-block-gallery-1 is-layout-flex wp-block-gallery-is-layout-flex\"><ul class=\"blocks-gallery-grid\"><li class=\"blocks-gallery-item\"><figure><img decoding=\"async\" width=\"960\" height=\"657\" src=\"http:\/\/aeroclub-abbeville.fr\/wp-content\/uploads\/2023\/05\/224387935_945300309369135_1165673437962487336_n.jpg\" alt=\"\" data-id=\"5749\" data-link=\"http:\/\/aeroclub-abbeville.fr\/?attachment_id=5749\" class=\"wp-image-5749\" srcset=\"http:\/\/aeroclub-abbeville.fr\/wp-content\/uploads\/2023\/05\/224387935_945300309369135_1165673437962487336_n.jpg 960w, http:\/\/aeroclub-abbeville.fr\/wp-content\/uploads\/2023\/05\/224387935_945300309369135_1165673437962487336_n-480x329.jpg 480w, http:\/\/aeroclub-abbeville.fr\/wp-content\/uploads\/2023\/05\/224387935_945300309369135_1165673437962487336_n-768x526.jpg 768w, http:\/\/aeroclub-abbeville.fr\/wp-content\/uploads\/2023\/05\/224387935_945300309369135_1165673437962487336_n-624x427.jpg 624w\" sizes=\"(max-width: 960px) 100vw, 960px\" \/><\/figure><\/li><li class=\"blocks-gallery-item\"><figure><img decoding=\"async\" width=\"720\" height=\"565\" src=\"http:\/\/aeroclub-abbeville.fr\/wp-content\/uploads\/2023\/05\/337152087_891629812141779_8334229464366418270_n.jpg\" alt=\"\" data-id=\"5750\" data-full-url=\"http:\/\/aeroclub-abbeville.fr\/wp-content\/uploads\/2023\/05\/337152087_891629812141779_8334229464366418270_n.jpg\" data-link=\"http:\/\/aeroclub-abbeville.fr\/?attachment_id=5750\" class=\"wp-image-5750\" srcset=\"http:\/\/aeroclub-abbeville.fr\/wp-content\/uploads\/2023\/05\/337152087_891629812141779_8334229464366418270_n.jpg 720w, http:\/\/aeroclub-abbeville.fr\/wp-content\/uploads\/2023\/05\/337152087_891629812141779_8334229464366418270_n-480x377.jpg 480w, http:\/\/aeroclub-abbeville.fr\/wp-content\/uploads\/2023\/05\/337152087_891629812141779_8334229464366418270_n-624x490.jpg 624w\" sizes=\"(max-width: 720px) 100vw, 720px\" \/><\/figure><\/li><\/ul><\/figure>\n\n\n\n<p><br><strong>Du 18 au 21 Mai 2023 ! \u00c0 l&rsquo;Ascension !<br>Et du 27 au 29 Mai 2023 ! \u00c0 la Pentec\u00f4te !<\/strong><br><br>Inscrivez vous et venez prendre l&rsquo;air avec nous !<\/p>\n\n\n\n<figure class=\"wp-block-gallery columns-2 is-cropped wp-block-gallery-2 is-layout-flex wp-block-gallery-is-layout-flex\"><ul class=\"blocks-gallery-grid\"><li class=\"blocks-gallery-item\"><figure><img loading=\"lazy\" decoding=\"async\" width=\"960\" height=\"720\" src=\"http:\/\/aeroclub-abbeville.fr\/wp-content\/uploads\/2023\/05\/339292593_915920836192008_8086720719483977272_n.jpg\" alt=\"\" data-id=\"5753\" data-link=\"http:\/\/aeroclub-abbeville.fr\/?attachment_id=5753\" class=\"wp-image-5753\" srcset=\"http:\/\/aeroclub-abbeville.fr\/wp-content\/uploads\/2023\/05\/339292593_915920836192008_8086720719483977272_n.jpg 960w, http:\/\/aeroclub-abbeville.fr\/wp-content\/uploads\/2023\/05\/339292593_915920836192008_8086720719483977272_n-480x360.jpg 480w, http:\/\/aeroclub-abbeville.fr\/wp-content\/uploads\/2023\/05\/339292593_915920836192008_8086720719483977272_n-768x576.jpg 768w, http:\/\/aeroclub-abbeville.fr\/wp-content\/uploads\/2023\/05\/339292593_915920836192008_8086720719483977272_n-624x468.jpg 624w\" sizes=\"(max-width: 960px) 100vw, 960px\" \/><\/figure><\/li><li class=\"blocks-gallery-item\"><figure><img loading=\"lazy\" decoding=\"async\" width=\"1024\" height=\"683\" src=\"http:\/\/aeroclub-abbeville.fr\/wp-content\/uploads\/2023\/05\/330797856_702697077995406_4058404813108156392_n-1024x683.jpg\" alt=\"\" data-id=\"5754\" data-full-url=\"http:\/\/aeroclub-abbeville.fr\/wp-content\/uploads\/2023\/05\/330797856_702697077995406_4058404813108156392_n.jpg\" data-link=\"http:\/\/aeroclub-abbeville.fr\/?attachment_id=5754\" class=\"wp-image-5754\" srcset=\"http:\/\/aeroclub-abbeville.fr\/wp-content\/uploads\/2023\/05\/330797856_702697077995406_4058404813108156392_n-1024x683.jpg 1024w, http:\/\/aeroclub-abbeville.fr\/wp-content\/uploads\/2023\/05\/330797856_702697077995406_4058404813108156392_n-480x320.jpg 480w, http:\/\/aeroclub-abbeville.fr\/wp-content\/uploads\/2023\/05\/330797856_702697077995406_4058404813108156392_n-768x512.jpg 768w, http:\/\/aeroclub-abbeville.fr\/wp-content\/uploads\/2023\/05\/330797856_702697077995406_4058404813108156392_n-1536x1024.jpg 1536w, http:\/\/aeroclub-abbeville.fr\/wp-content\/uploads\/2023\/05\/330797856_702697077995406_4058404813108156392_n-624x416.jpg 624w, http:\/\/aeroclub-abbeville.fr\/wp-content\/uploads\/2023\/05\/330797856_702697077995406_4058404813108156392_n.jpg 1944w\" sizes=\"(max-width: 1024px) 100vw, 1024px\" \/><\/figure><\/li><\/ul><\/figure>\n\n\n\n<p><br>On vous esp\u00e8re \u00e0 Abbeville LFOI !<\/p>\n\n\n\n<figure class=\"wp-block-image size-large is-resized\"><img loading=\"lazy\" decoding=\"async\" src=\"http:\/\/aeroclub-abbeville.fr\/wp-content\/uploads\/2023\/05\/120377301_761476531084848_6366465911713022041_n-1024x769.jpg\" alt=\"\" class=\"wp-image-5755\" width=\"768\" height=\"577\" srcset=\"http:\/\/aeroclub-abbeville.fr\/wp-content\/uploads\/2023\/05\/120377301_761476531084848_6366465911713022041_n-1024x769.jpg 1024w, http:\/\/aeroclub-abbeville.fr\/wp-content\/uploads\/2023\/05\/120377301_761476531084848_6366465911713022041_n-480x360.jpg 480w, http:\/\/aeroclub-abbeville.fr\/wp-content\/uploads\/2023\/05\/120377301_761476531084848_6366465911713022041_n-768x577.jpg 768w, http:\/\/aeroclub-abbeville.fr\/wp-content\/uploads\/2023\/05\/120377301_761476531084848_6366465911713022041_n-624x468.jpg 624w, http:\/\/aeroclub-abbeville.fr\/wp-content\/uploads\/2023\/05\/120377301_761476531084848_6366465911713022041_n.jpg 1440w\" sizes=\"(max-width: 768px) 100vw, 768px\" \/><\/figure>\n\n\n\n<p><br><strong>\u00ab\u00a0Abbeville, i can Fly !<br>Abbeville, i Can touch the sky\u00a0\u00bb !!!<\/strong><\/p>\n\n\n\n<p>Inscrivez vous vite !<br><a rel=\"noreferrer noopener\" href=\"https:\/\/www.soaringspot.com\/fr\/championnat-regional-hauts-de-france-2023-abbeville-2023\/?fbclid=IwAR22HSmJdUB0P_16cyJ_4t0hw5UguF-QnXeytfSjgqPJWkAbBGaj_meK7jU\" target=\"_blank\">https:\/\/www.soaringspot.com\/&#8230;\/championnat-regional&#8230;\/<\/a><\/p>\n\n\n\n<p><\/p>\n\n\n\n<figure class=\"wp-block-gallery columns-2 is-cropped wp-block-gallery-3 is-layout-flex wp-block-gallery-is-layout-flex\"><ul class=\"blocks-gallery-grid\"><li class=\"blocks-gallery-item\"><figure><img loading=\"lazy\" decoding=\"async\" width=\"414\" height=\"414\" src=\"http:\/\/aeroclub-abbeville.fr\/wp-content\/uploads\/2023\/05\/222679305_944109006154932_7018176489524406400_n.jpg\" alt=\"\" data-id=\"5756\" data-link=\"http:\/\/aeroclub-abbeville.fr\/?attachment_id=5756\" class=\"wp-image-5756\" srcset=\"http:\/\/aeroclub-abbeville.fr\/wp-content\/uploads\/2023\/05\/222679305_944109006154932_7018176489524406400_n.jpg 414w, http:\/\/aeroclub-abbeville.fr\/wp-content\/uploads\/2023\/05\/222679305_944109006154932_7018176489524406400_n-150x150.jpg 150w\" sizes=\"(max-width: 414px) 100vw, 414px\" \/><\/figure><\/li><li class=\"blocks-gallery-item\"><figure><img loading=\"lazy\" decoding=\"async\" width=\"960\" height=\"640\" src=\"http:\/\/aeroclub-abbeville.fr\/wp-content\/uploads\/2023\/05\/photo-sponsoring-2022.jpg\" alt=\"\" data-id=\"5757\" data-full-url=\"http:\/\/aeroclub-abbeville.fr\/wp-content\/uploads\/2023\/05\/photo-sponsoring-2022.jpg\" data-link=\"http:\/\/aeroclub-abbeville.fr\/?attachment_id=5757\" class=\"wp-image-5757\" srcset=\"http:\/\/aeroclub-abbeville.fr\/wp-content\/uploads\/2023\/05\/photo-sponsoring-2022.jpg 960w, http:\/\/aeroclub-abbeville.fr\/wp-content\/uploads\/2023\/05\/photo-sponsoring-2022-480x320.jpg 480w, http:\/\/aeroclub-abbeville.fr\/wp-content\/uploads\/2023\/05\/photo-sponsoring-2022-768x512.jpg 768w, http:\/\/aeroclub-abbeville.fr\/wp-content\/uploads\/2023\/05\/photo-sponsoring-2022-624x416.jpg 624w\" sizes=\"(max-width: 960px) 100vw, 960px\" \/><\/figure><\/li><\/ul><\/figure>\n\n\n\n<p>Fran\u00e7oise Sockeel<\/p>\n","protected":false},"excerpt":{"rendered":"<p>1 Mai 2023 N&rsquo;oubliez pas ! C&rsquo;est dans 18 jours !Les Championnats r\u00e9gionaux des Hauts de France de Vol en Planeur ! Du 18 au 21 Mai 2023 ! \u00c0 l&rsquo;Ascension !Et du 27 au 29 Mai 2023 ! \u00c0 la Pentec\u00f4te ! Inscrivez vous et venez prendre l&rsquo;air avec nous ! On vous esp\u00e8re [&hellip;]<\/p>\n","protected":false},"author":211,"featured_media":0,"comment_status":"open","ping_status":"","sticky":false,"template":"","format":"standard","meta":{"inline_featured_image":false,"footnotes":""},"categories":[20,21,22,3,4,6,8,11,13,18,19],"tags":[],"class_list":["post-5747","post","type-post","status-publish","format-standard","hentry","category-actualites","category-arrosages-fetes","category-bia","category-club","category-competitions","category-formation","category-formation_planeur","category-manifestations","category-planeur","category-vie-du-club","category-vol-a-voile"],"_links":{"self":[{"href":"http:\/\/aeroclub-abbeville.fr\/index.php?rest_route=\/wp\/v2\/posts\/5747","targetHints":{"allow":["GET"]}}],"collection":[{"href":"http:\/\/aeroclub-abbeville.fr\/index.php?rest_route=\/wp\/v2\/posts"}],"about":[{"href":"http:\/\/aeroclub-abbeville.fr\/index.php?rest_route=\/wp\/v2\/types\/post"}],"author":[{"embeddable":true,"href":"http:\/\/aeroclub-abbeville.fr\/index.php?rest_route=\/wp\/v2\/users\/211"}],"replies":[{"embeddable":true,"href":"http:\/\/aeroclub-abbeville.fr\/index.php?rest_route=%2Fwp%2Fv2%2Fcomments&post=5747"}],"version-history":[{"count":10,"href":"http:\/\/aeroclub-abbeville.fr\/index.php?rest_route=\/wp\/v2\/posts\/5747\/revisions"}],"predecessor-version":[{"id":5765,"href":"http:\/\/aeroclub-abbeville.fr\/index.php?rest_route=\/wp\/v2\/posts\/5747\/revisions\/5765"}],"wp:attachment":[{"href":"http:\/\/aeroclub-abbeville.fr\/index.php?rest_route=%2Fwp%2Fv2%2Fmedia&parent=5747"}],"wp:term":[{"taxonomy":"category","embeddable":true,"href":"http:\/\/aeroclub-abbeville.fr\/index.php?rest_route=%2Fwp%2Fv2%2Fcategories&post=5747"},{"taxonomy":"post_tag","embeddable":true,"href":"http:\/\/aeroclub-abbeville.fr\/index.php?rest_route=%2Fwp%2Fv2%2Ftags&post=5747"}],"curies":[{"name":"wp","href":"https:\/\/api.w.org\/{rel}","templated":true}]}}