{"id":5887,"date":"2023-05-26T17:41:23","date_gmt":"2023-05-26T16:41:23","guid":{"rendered":"http:\/\/aeroclub-abbeville.fr\/?p=5887"},"modified":"2023-05-26T17:46:15","modified_gmt":"2023-05-26T16:46:15","slug":"en-cette-premiere-journee-de-championnats-le-gagnant-est-bastien-malnoy-du-club-de-lille-planeurs","status":"publish","type":"post","link":"http:\/\/aeroclub-abbeville.fr\/?p=5887","title":{"rendered":"En cette premi\u00e8re journ\u00e9e de Championnats, Le gagnant est Bastien Malnoy, du club de Lille Planeurs !"},"content":{"rendered":"\n<p>Ascension 2023<\/p>\n\n\n\n<p><\/p>\n\n\n\n<figure class=\"wp-block-image size-large\"><img fetchpriority=\"high\" decoding=\"async\" width=\"472\" height=\"1024\" src=\"http:\/\/aeroclub-abbeville.fr\/wp-content\/uploads\/2023\/05\/43F9613D-1254-40D3-9C8C-9478F907F918-472x1024.jpeg\" alt=\"\" class=\"wp-image-5888\" srcset=\"http:\/\/aeroclub-abbeville.fr\/wp-content\/uploads\/2023\/05\/43F9613D-1254-40D3-9C8C-9478F907F918-472x1024.jpeg 472w, http:\/\/aeroclub-abbeville.fr\/wp-content\/uploads\/2023\/05\/43F9613D-1254-40D3-9C8C-9478F907F918-221x480.jpeg 221w, http:\/\/aeroclub-abbeville.fr\/wp-content\/uploads\/2023\/05\/43F9613D-1254-40D3-9C8C-9478F907F918-708x1536.jpeg 708w, http:\/\/aeroclub-abbeville.fr\/wp-content\/uploads\/2023\/05\/43F9613D-1254-40D3-9C8C-9478F907F918-624x1353.jpeg 624w, http:\/\/aeroclub-abbeville.fr\/wp-content\/uploads\/2023\/05\/43F9613D-1254-40D3-9C8C-9478F907F918.jpeg 738w\" sizes=\"(max-width: 472px) 100vw, 472px\" \/><\/figure>\n\n\n<p>En cette premi\u00e8re journ\u00e9e de Championnats,<br>Le gagnant est Bastien Malnoy, <br>Du club de Lille Planeurs.<br>En plus du circuit entre Abbeville, Nesles, Bapaume et retour \u00e0 Abbeville,<br>Un concours de photos pour s&rsquo;amuser !<br>Sujet culte : La Baie de Somme.<br>En voici un floril\u00e8ge <br>Bien s\u00fbr, pour en savoir plus, allez sur :<br>https:\/\/www.soaringspot.com\/fr\/championnat-regional-hauts-de-france-2023-abbeville-2023\/results<\/p>\n<p>A bient\u00f4t sur Abbeville<\/p>\n\n\n<figure class=\"wp-block-gallery columns-3 is-cropped wp-block-gallery-1 is-layout-flex wp-block-gallery-is-layout-flex\"><ul class=\"blocks-gallery-grid\"><li class=\"blocks-gallery-item\"><figure><img decoding=\"async\" width=\"1024\" height=\"768\" src=\"http:\/\/aeroclub-abbeville.fr\/wp-content\/uploads\/2023\/05\/0B69AFC2-EF02-4F1D-9349-542D4AEF8CA4-1024x768.jpeg\" alt=\"\" data-id=\"5890\" data-full-url=\"http:\/\/aeroclub-abbeville.fr\/wp-content\/uploads\/2023\/05\/0B69AFC2-EF02-4F1D-9349-542D4AEF8CA4.jpeg\" data-link=\"http:\/\/aeroclub-abbeville.fr\/?attachment_id=5890\" class=\"wp-image-5890\" srcset=\"http:\/\/aeroclub-abbeville.fr\/wp-content\/uploads\/2023\/05\/0B69AFC2-EF02-4F1D-9349-542D4AEF8CA4-1024x768.jpeg 1024w, http:\/\/aeroclub-abbeville.fr\/wp-content\/uploads\/2023\/05\/0B69AFC2-EF02-4F1D-9349-542D4AEF8CA4-480x360.jpeg 480w, http:\/\/aeroclub-abbeville.fr\/wp-content\/uploads\/2023\/05\/0B69AFC2-EF02-4F1D-9349-542D4AEF8CA4-768x576.jpeg 768w, http:\/\/aeroclub-abbeville.fr\/wp-content\/uploads\/2023\/05\/0B69AFC2-EF02-4F1D-9349-542D4AEF8CA4-624x468.jpeg 624w, http:\/\/aeroclub-abbeville.fr\/wp-content\/uploads\/2023\/05\/0B69AFC2-EF02-4F1D-9349-542D4AEF8CA4.jpeg 1080w\" sizes=\"(max-width: 1024px) 100vw, 1024px\" \/><\/figure><\/li><li class=\"blocks-gallery-item\"><figure><img decoding=\"async\" width=\"734\" height=\"1024\" src=\"http:\/\/aeroclub-abbeville.fr\/wp-content\/uploads\/2023\/05\/E8C93920-58B4-41A2-ACEB-8D5113C1B762-734x1024.jpeg\" alt=\"\" data-id=\"5891\" data-full-url=\"http:\/\/aeroclub-abbeville.fr\/wp-content\/uploads\/2023\/05\/E8C93920-58B4-41A2-ACEB-8D5113C1B762.jpeg\" data-link=\"http:\/\/aeroclub-abbeville.fr\/?attachment_id=5891\" class=\"wp-image-5891\" srcset=\"http:\/\/aeroclub-abbeville.fr\/wp-content\/uploads\/2023\/05\/E8C93920-58B4-41A2-ACEB-8D5113C1B762-734x1024.jpeg 734w, http:\/\/aeroclub-abbeville.fr\/wp-content\/uploads\/2023\/05\/E8C93920-58B4-41A2-ACEB-8D5113C1B762-344x480.jpeg 344w, http:\/\/aeroclub-abbeville.fr\/wp-content\/uploads\/2023\/05\/E8C93920-58B4-41A2-ACEB-8D5113C1B762-624x871.jpeg 624w, http:\/\/aeroclub-abbeville.fr\/wp-content\/uploads\/2023\/05\/E8C93920-58B4-41A2-ACEB-8D5113C1B762.jpeg 756w\" sizes=\"(max-width: 734px) 100vw, 734px\" \/><\/figure><\/li><li class=\"blocks-gallery-item\"><figure><img loading=\"lazy\" decoding=\"async\" width=\"768\" height=\"1024\" src=\"http:\/\/aeroclub-abbeville.fr\/wp-content\/uploads\/2023\/05\/3A608ADD-027F-4936-8301-2E00D72FCDDA.jpeg\" alt=\"\" data-id=\"5892\" data-full-url=\"http:\/\/aeroclub-abbeville.fr\/wp-content\/uploads\/2023\/05\/3A608ADD-027F-4936-8301-2E00D72FCDDA.jpeg\" data-link=\"http:\/\/aeroclub-abbeville.fr\/?attachment_id=5892\" class=\"wp-image-5892\" srcset=\"http:\/\/aeroclub-abbeville.fr\/wp-content\/uploads\/2023\/05\/3A608ADD-027F-4936-8301-2E00D72FCDDA.jpeg 768w, http:\/\/aeroclub-abbeville.fr\/wp-content\/uploads\/2023\/05\/3A608ADD-027F-4936-8301-2E00D72FCDDA-360x480.jpeg 360w, http:\/\/aeroclub-abbeville.fr\/wp-content\/uploads\/2023\/05\/3A608ADD-027F-4936-8301-2E00D72FCDDA-624x832.jpeg 624w\" sizes=\"(max-width: 768px) 100vw, 768px\" \/><\/figure><\/li><li class=\"blocks-gallery-item\"><figure><img loading=\"lazy\" decoding=\"async\" width=\"1024\" height=\"576\" src=\"http:\/\/aeroclub-abbeville.fr\/wp-content\/uploads\/2023\/05\/D552026F-C5B3-4E3D-B7B3-6818EA7DB7CC-1024x576.jpeg\" alt=\"\" data-id=\"5893\" data-full-url=\"http:\/\/aeroclub-abbeville.fr\/wp-content\/uploads\/2023\/05\/D552026F-C5B3-4E3D-B7B3-6818EA7DB7CC.jpeg\" data-link=\"http:\/\/aeroclub-abbeville.fr\/?attachment_id=5893\" class=\"wp-image-5893\" srcset=\"http:\/\/aeroclub-abbeville.fr\/wp-content\/uploads\/2023\/05\/D552026F-C5B3-4E3D-B7B3-6818EA7DB7CC-1024x576.jpeg 1024w, http:\/\/aeroclub-abbeville.fr\/wp-content\/uploads\/2023\/05\/D552026F-C5B3-4E3D-B7B3-6818EA7DB7CC-480x270.jpeg 480w, http:\/\/aeroclub-abbeville.fr\/wp-content\/uploads\/2023\/05\/D552026F-C5B3-4E3D-B7B3-6818EA7DB7CC-768x432.jpeg 768w, http:\/\/aeroclub-abbeville.fr\/wp-content\/uploads\/2023\/05\/D552026F-C5B3-4E3D-B7B3-6818EA7DB7CC-1536x864.jpeg 1536w, http:\/\/aeroclub-abbeville.fr\/wp-content\/uploads\/2023\/05\/D552026F-C5B3-4E3D-B7B3-6818EA7DB7CC-624x351.jpeg 624w, http:\/\/aeroclub-abbeville.fr\/wp-content\/uploads\/2023\/05\/D552026F-C5B3-4E3D-B7B3-6818EA7DB7CC.jpeg 1599w\" sizes=\"(max-width: 1024px) 100vw, 1024px\" \/><\/figure><\/li><li class=\"blocks-gallery-item\"><figure><img loading=\"lazy\" decoding=\"async\" width=\"768\" height=\"1024\" src=\"http:\/\/aeroclub-abbeville.fr\/wp-content\/uploads\/2023\/05\/770DBD7C-49ED-4A58-81DE-24A3FBBD47AD.jpeg\" alt=\"\" data-id=\"5894\" data-full-url=\"http:\/\/aeroclub-abbeville.fr\/wp-content\/uploads\/2023\/05\/770DBD7C-49ED-4A58-81DE-24A3FBBD47AD.jpeg\" data-link=\"http:\/\/aeroclub-abbeville.fr\/?attachment_id=5894\" class=\"wp-image-5894\" srcset=\"http:\/\/aeroclub-abbeville.fr\/wp-content\/uploads\/2023\/05\/770DBD7C-49ED-4A58-81DE-24A3FBBD47AD.jpeg 768w, http:\/\/aeroclub-abbeville.fr\/wp-content\/uploads\/2023\/05\/770DBD7C-49ED-4A58-81DE-24A3FBBD47AD-360x480.jpeg 360w, http:\/\/aeroclub-abbeville.fr\/wp-content\/uploads\/2023\/05\/770DBD7C-49ED-4A58-81DE-24A3FBBD47AD-624x832.jpeg 624w\" sizes=\"(max-width: 768px) 100vw, 768px\" \/><\/figure><\/li><li class=\"blocks-gallery-item\"><figure><img loading=\"lazy\" decoding=\"async\" width=\"768\" height=\"1024\" src=\"http:\/\/aeroclub-abbeville.fr\/wp-content\/uploads\/2023\/05\/CFCF0137-6B94-4F1E-BD9F-509C0E4D9947.jpeg\" alt=\"\" data-id=\"5895\" data-full-url=\"http:\/\/aeroclub-abbeville.fr\/wp-content\/uploads\/2023\/05\/CFCF0137-6B94-4F1E-BD9F-509C0E4D9947.jpeg\" data-link=\"http:\/\/aeroclub-abbeville.fr\/?attachment_id=5895\" class=\"wp-image-5895\" srcset=\"http:\/\/aeroclub-abbeville.fr\/wp-content\/uploads\/2023\/05\/CFCF0137-6B94-4F1E-BD9F-509C0E4D9947.jpeg 768w, http:\/\/aeroclub-abbeville.fr\/wp-content\/uploads\/2023\/05\/CFCF0137-6B94-4F1E-BD9F-509C0E4D9947-360x480.jpeg 360w, http:\/\/aeroclub-abbeville.fr\/wp-content\/uploads\/2023\/05\/CFCF0137-6B94-4F1E-BD9F-509C0E4D9947-624x832.jpeg 624w\" sizes=\"(max-width: 768px) 100vw, 768px\" \/><\/figure><\/li><\/ul><\/figure>\n\n\n\n<p>La suite tr\u00e8s prochainement !<\/p>\n\n\n\n<p>Fran\u00e7oise Sockeel<\/p>\n","protected":false},"excerpt":{"rendered":"<p>Ascension 2023 En cette premi\u00e8re journ\u00e9e de Championnats,Le gagnant est Bastien Malnoy, Du club de Lille Planeurs.En plus du circuit entre Abbeville, Nesles, Bapaume et retour \u00e0 Abbeville,Un concours de photos pour s&rsquo;amuser !Sujet culte : La Baie de Somme.En voici un floril\u00e8ge Bien s\u00fbr, pour en savoir plus, allez sur :https:\/\/www.soaringspot.com\/fr\/championnat-regional-hauts-de-france-2023-abbeville-2023\/results A bient\u00f4t sur [&hellip;]<\/p>\n","protected":false},"author":211,"featured_media":0,"comment_status":"open","ping_status":"","sticky":false,"template":"","format":"standard","meta":{"inline_featured_image":false,"footnotes":""},"categories":[20,21,3,4,6,8,11,12,13,18,19],"tags":[],"class_list":["post-5887","post","type-post","status-publish","format-standard","hentry","category-actualites","category-arrosages-fetes","category-club","category-competitions","category-formation","category-formation_planeur","category-manifestations","category-meteo","category-planeur","category-vie-du-club","category-vol-a-voile"],"_links":{"self":[{"href":"http:\/\/aeroclub-abbeville.fr\/index.php?rest_route=\/wp\/v2\/posts\/5887","targetHints":{"allow":["GET"]}}],"collection":[{"href":"http:\/\/aeroclub-abbeville.fr\/index.php?rest_route=\/wp\/v2\/posts"}],"about":[{"href":"http:\/\/aeroclub-abbeville.fr\/index.php?rest_route=\/wp\/v2\/types\/post"}],"author":[{"embeddable":true,"href":"http:\/\/aeroclub-abbeville.fr\/index.php?rest_route=\/wp\/v2\/users\/211"}],"replies":[{"embeddable":true,"href":"http:\/\/aeroclub-abbeville.fr\/index.php?rest_route=%2Fwp%2Fv2%2Fcomments&post=5887"}],"version-history":[{"count":4,"href":"http:\/\/aeroclub-abbeville.fr\/index.php?rest_route=\/wp\/v2\/posts\/5887\/revisions"}],"predecessor-version":[{"id":5900,"href":"http:\/\/aeroclub-abbeville.fr\/index.php?rest_route=\/wp\/v2\/posts\/5887\/revisions\/5900"}],"wp:attachment":[{"href":"http:\/\/aeroclub-abbeville.fr\/index.php?rest_route=%2Fwp%2Fv2%2Fmedia&parent=5887"}],"wp:term":[{"taxonomy":"category","embeddable":true,"href":"http:\/\/aeroclub-abbeville.fr\/index.php?rest_route=%2Fwp%2Fv2%2Fcategories&post=5887"},{"taxonomy":"post_tag","embeddable":true,"href":"http:\/\/aeroclub-abbeville.fr\/index.php?rest_route=%2Fwp%2Fv2%2Ftags&post=5887"}],"curies":[{"name":"wp","href":"https:\/\/api.w.org\/{rel}","templated":true}]}}