{"id":595,"date":"2014-03-17T12:02:57","date_gmt":"2014-03-17T11:02:57","guid":{"rendered":"http:\/\/aeroclub-abbeville.fr\/?p=595"},"modified":"2014-03-17T12:02:57","modified_gmt":"2014-03-17T11:02:57","slug":"vol-a-voile-reunion-dorganisation-de-la-saison","status":"publish","type":"post","link":"http:\/\/aeroclub-abbeville.fr\/?p=595","title":{"rendered":"Vol \u00e0 voile r\u00e9union d&rsquo;organisation de la saison"},"content":{"rendered":"<p>A tous les v\u00e9livoles, la r\u00e9union d&rsquo;organisation de la saison aura lieu samedi 22 mars \u00e0 17 heures. Elle permettra de pr\u00e9parer les participations aux concours de Cambrai, Angers, du championnat de France des jeunes pilotes \u00e0 Vichy et du stage de Troyes (\u00e0 partir du 12 juillet pour deux ou trois semaines). Merci de vous munir de vos dates de vacances et de vos envies. R\u00e9fl\u00e9chissez par avance aux solutions de d\u00e9pannage et convoyage. Si vous ne pouvez pas venir, communiquez nous vos intentions par emails.<\/p>\n<p>A bient\u00f4t,<\/p>\n<p>Fred<\/p>\n","protected":false},"excerpt":{"rendered":"<p>A tous les v\u00e9livoles, la r\u00e9union d&rsquo;organisation de la saison aura lieu samedi 22 mars \u00e0 17 heures. Elle permettra de pr\u00e9parer les participations aux concours de Cambrai, Angers, du championnat de France des jeunes pilotes \u00e0 Vichy et du stage de Troyes (\u00e0 partir du 12 juillet pour deux ou trois semaines). Merci de [&hellip;]<\/p>\n","protected":false},"author":67,"featured_media":0,"comment_status":"open","ping_status":"open","sticky":false,"template":"","format":"standard","meta":{"inline_featured_image":false,"footnotes":""},"categories":[1],"tags":[],"class_list":["post-595","post","type-post","status-publish","format-standard","hentry","category-non-classe"],"_links":{"self":[{"href":"http:\/\/aeroclub-abbeville.fr\/index.php?rest_route=\/wp\/v2\/posts\/595","targetHints":{"allow":["GET"]}}],"collection":[{"href":"http:\/\/aeroclub-abbeville.fr\/index.php?rest_route=\/wp\/v2\/posts"}],"about":[{"href":"http:\/\/aeroclub-abbeville.fr\/index.php?rest_route=\/wp\/v2\/types\/post"}],"author":[{"embeddable":true,"href":"http:\/\/aeroclub-abbeville.fr\/index.php?rest_route=\/wp\/v2\/users\/67"}],"replies":[{"embeddable":true,"href":"http:\/\/aeroclub-abbeville.fr\/index.php?rest_route=%2Fwp%2Fv2%2Fcomments&post=595"}],"version-history":[{"count":1,"href":"http:\/\/aeroclub-abbeville.fr\/index.php?rest_route=\/wp\/v2\/posts\/595\/revisions"}],"predecessor-version":[{"id":596,"href":"http:\/\/aeroclub-abbeville.fr\/index.php?rest_route=\/wp\/v2\/posts\/595\/revisions\/596"}],"wp:attachment":[{"href":"http:\/\/aeroclub-abbeville.fr\/index.php?rest_route=%2Fwp%2Fv2%2Fmedia&parent=595"}],"wp:term":[{"taxonomy":"category","embeddable":true,"href":"http:\/\/aeroclub-abbeville.fr\/index.php?rest_route=%2Fwp%2Fv2%2Fcategories&post=595"},{"taxonomy":"post_tag","embeddable":true,"href":"http:\/\/aeroclub-abbeville.fr\/index.php?rest_route=%2Fwp%2Fv2%2Ftags&post=595"}],"curies":[{"name":"wp","href":"https:\/\/api.w.org\/{rel}","templated":true}]}}