{"id":5954,"date":"2023-05-31T15:22:02","date_gmt":"2023-05-31T14:22:02","guid":{"rendered":"http:\/\/aeroclub-abbeville.fr\/?p=5954"},"modified":"2023-06-04T08:17:39","modified_gmt":"2023-06-04T07:17:39","slug":"aujourdhui-cest-la-journee-des-mercis","status":"publish","type":"post","link":"http:\/\/aeroclub-abbeville.fr\/?p=5954","title":{"rendered":"Aujourd&rsquo;hui, c&rsquo;est la journ\u00e9e des \u00ab\u00a0Mercis !\u00a0\u00bb"},"content":{"rendered":"\n<p>30 Mai 2023<\/p>\n\n\n\n<figure class=\"wp-block-image size-large is-resized\"><img fetchpriority=\"high\" decoding=\"async\" src=\"http:\/\/aeroclub-abbeville.fr\/wp-content\/uploads\/2023\/05\/350481340_576816174442454_2132025330063742761_n-1024x678.jpg\" alt=\"\" class=\"wp-image-5955\" width=\"768\" height=\"509\" srcset=\"http:\/\/aeroclub-abbeville.fr\/wp-content\/uploads\/2023\/05\/350481340_576816174442454_2132025330063742761_n-1024x678.jpg 1024w, http:\/\/aeroclub-abbeville.fr\/wp-content\/uploads\/2023\/05\/350481340_576816174442454_2132025330063742761_n-480x318.jpg 480w, http:\/\/aeroclub-abbeville.fr\/wp-content\/uploads\/2023\/05\/350481340_576816174442454_2132025330063742761_n-768x509.jpg 768w, http:\/\/aeroclub-abbeville.fr\/wp-content\/uploads\/2023\/05\/350481340_576816174442454_2132025330063742761_n-1536x1017.jpg 1536w, http:\/\/aeroclub-abbeville.fr\/wp-content\/uploads\/2023\/05\/350481340_576816174442454_2132025330063742761_n-624x413.jpg 624w, http:\/\/aeroclub-abbeville.fr\/wp-content\/uploads\/2023\/05\/350481340_576816174442454_2132025330063742761_n.jpg 2048w\" sizes=\"(max-width: 768px) 100vw, 768px\" \/><figcaption>Les Laur\u00e9ats des Championnats !<\/figcaption><\/figure>\n\n\n\n<p class=\"has-text-align-center\">R\u00e9sultat des championnats des Hauts de France de Vol en Planeur 2023 \u00e0 Abbeville LFOI<br> <br>Au G\u00e9n\u00e9ral :<br> <br>1 C\u00e9lestin Godard Planeur club des coquelicots<br> 2 Guillaume Dufrene Lille Planeurs <br>3 Olivier Caudrelier A\u00e9roclub d&rsquo;Abbeville<\/p>\n\n\n\n<div class=\"wp-block-image\"><figure class=\"aligncenter size-large\"><img decoding=\"async\" width=\"1024\" height=\"681\" src=\"http:\/\/aeroclub-abbeville.fr\/wp-content\/uploads\/2023\/05\/350491646_4991391577652388_3311171719470918712_n-1024x681.jpg\" alt=\"\" class=\"wp-image-5984\" srcset=\"http:\/\/aeroclub-abbeville.fr\/wp-content\/uploads\/2023\/05\/350491646_4991391577652388_3311171719470918712_n-1024x681.jpg 1024w, http:\/\/aeroclub-abbeville.fr\/wp-content\/uploads\/2023\/05\/350491646_4991391577652388_3311171719470918712_n-480x319.jpg 480w, http:\/\/aeroclub-abbeville.fr\/wp-content\/uploads\/2023\/05\/350491646_4991391577652388_3311171719470918712_n-768x511.jpg 768w, http:\/\/aeroclub-abbeville.fr\/wp-content\/uploads\/2023\/05\/350491646_4991391577652388_3311171719470918712_n-1536x1022.jpg 1536w, http:\/\/aeroclub-abbeville.fr\/wp-content\/uploads\/2023\/05\/350491646_4991391577652388_3311171719470918712_n-624x415.jpg 624w, http:\/\/aeroclub-abbeville.fr\/wp-content\/uploads\/2023\/05\/350491646_4991391577652388_3311171719470918712_n.jpg 2048w\" sizes=\"(max-width: 1024px) 100vw, 1024px\" \/><\/figure><\/div>\n\n\n\n<p class=\"has-text-align-center\"><br> <br>Jeune moins de 22 ans<br> <br>1 C\u00e9lestin Godard Planeur club des coquelicots<br>2 Nicolas Douchet Cambrai Planeur A\u00e9ro-Club<br>3 Julien Gradel A\u00e9roclub d&rsquo;Abbeville<\/p>\n\n\n\n<div class=\"wp-block-image\"><figure class=\"aligncenter size-large is-resized\"><img decoding=\"async\" src=\"http:\/\/aeroclub-abbeville.fr\/wp-content\/uploads\/2023\/05\/349797343_200310816242689_9161116856405744945_n-1024x678.jpg\" alt=\"\" class=\"wp-image-5974\" width=\"768\" height=\"509\" srcset=\"http:\/\/aeroclub-abbeville.fr\/wp-content\/uploads\/2023\/05\/349797343_200310816242689_9161116856405744945_n-1024x678.jpg 1024w, http:\/\/aeroclub-abbeville.fr\/wp-content\/uploads\/2023\/05\/349797343_200310816242689_9161116856405744945_n-480x318.jpg 480w, http:\/\/aeroclub-abbeville.fr\/wp-content\/uploads\/2023\/05\/349797343_200310816242689_9161116856405744945_n-768x508.jpg 768w, http:\/\/aeroclub-abbeville.fr\/wp-content\/uploads\/2023\/05\/349797343_200310816242689_9161116856405744945_n-624x413.jpg 624w, http:\/\/aeroclub-abbeville.fr\/wp-content\/uploads\/2023\/05\/349797343_200310816242689_9161116856405744945_n.jpg 1080w\" sizes=\"(max-width: 768px) 100vw, 768px\" \/><\/figure><\/div>\n\n\n\n<p class=\"has-text-align-center\">Aux Championnats r\u00e9gionaux des Hauts de France de vol en Planeur, \u00e0 Abbeville, il n&rsquo;y a pas que des Comp\u00e9titeurs, des Organisateurs,<\/p>\n\n\n\n<p class=\"has-text-align-center\">Il y a tous les amis b\u00e9n\u00e9voles qui ne comptent pas leurs heures, et aussi les g\u00e9n\u00e9reux \u00ab\u00a0Donateurs !\u00a0\u00bb<br>Je vous en fais la liste pour les mettre \u00e0 l&rsquo;Honneur !<br>Pour les villes d&rsquo;ABBEVILLE et de RUE et leurs services techniques, <br>MERCI !<br>Pour la FFVP qui nous a aid\u00e9 pour l&rsquo;organisation globale et le scoring, <br>MERCI !<\/p>\n\n\n\n<p class=\"has-text-align-center\">Pour son aide financi\u00e8re et son implication dans le d\u00e9veloppement et la d\u00e9fense de nos clubs des hauts de France,      Le \u00ab\u00a0COMIT\u00c9 R\u00c9GIONAL DE VOL EN PLANEUR DES HAUTS DE FRANCE\u00a0\u00bb<br>MERCI !<\/p>\n\n\n\n<p class=\"has-text-align-center\">Pour la g\u00e9n\u00e9rosit\u00e9 de nos Sponsors : <br><br>\u00ab\u00a0DUROT MA\u00c7ONNERIE\u00a0\u00bb, \u00ab\u00a0EDDY FLEURS\u00a0\u00bb,\u00a0\u00bbKRYS\u00a0\u00bb\u00a0\u00bbRUDY PEINTURE\u00a0\u00bb\u00a0\u00bbVANCOEUR\u00a0\u00bb <br>UN GRAND MERCI !<\/p>\n\n\n\n<p class=\"has-text-align-center\"><br>Pour les entreprises et services qui nous ont donn\u00e9 des lots pour nos Laur\u00e9ats :<br>La Ville d&rsquo;ABBEVILLE, Le CERP,  Le CR\u00c9DIT MUTUEL, OLIVIER GRADEL, KRYS, La MARINE NATIONALE, Le P\u00c8RE MORGON, La PHARMACIE du PILORI, et tous les autres &#8230; <br>UN GRAND MERCI !<br>Pour les A\u00e9roclubs qui se sont d\u00e9plac\u00e9s pour venir passer ces 7 jours avec nous : <br>Les Clubs de Planeurs de ALBERT, AMIENS, CAMBRAI, COMPI\u00c8GNE, LILLE ET MERVILLE,<br>Les Clubs de LILLE et TROYES pour le pr\u00eats de leurs ULM remorqueurs et leur pilote, <br> UN GRAND MERCI !<br>Pour les 22 Champions et leurs accompagnateurs qui ont mis en comp\u00e9tition tout leur talent, <br>pendant ces 2 week-ends \u00e0 Abbeville,  <br>UN GRAND MERCI !<br>Pour notre photographe officiel, sur les 7 jours, toujours pr\u00e9sent : VINCENT DETAILLE, <br>UN GRAND MERCI ! <br>\u00c0 ces 70 personnes pr\u00e9sentes pendant l&rsquo;\u00e9v\u00e8nement, qui nous ont fait passer un super moment !<br>UN GRAND MERCI !<br>Et c&rsquo;est vrai encore une fois, <br>\u00e0\u00a0\u00bb ABBEVILLE, I CAN FLY,<br>ABBEVILLE, I CAN TOUCH THE SKY ! \u00ab\u00a0<\/p>\n\n\n\n<figure class=\"wp-block-gallery aligncenter columns-3 is-cropped wp-block-gallery-1 is-layout-flex wp-block-gallery-is-layout-flex\"><ul class=\"blocks-gallery-grid\"><li class=\"blocks-gallery-item\"><figure><img loading=\"lazy\" decoding=\"async\" width=\"475\" height=\"480\" src=\"http:\/\/aeroclub-abbeville.fr\/wp-content\/uploads\/2023\/05\/Capture-de\u0301cran-2023-05-31-a\u0300-11.07.46-475x480.png\" alt=\"\" data-id=\"5958\" data-link=\"http:\/\/aeroclub-abbeville.fr\/?attachment_id=5958\" class=\"wp-image-5958\" srcset=\"http:\/\/aeroclub-abbeville.fr\/wp-content\/uploads\/2023\/05\/Capture-de\u0301cran-2023-05-31-a\u0300-11.07.46-475x480.png 475w, http:\/\/aeroclub-abbeville.fr\/wp-content\/uploads\/2023\/05\/Capture-de\u0301cran-2023-05-31-a\u0300-11.07.46-1014x1024.png 1014w, http:\/\/aeroclub-abbeville.fr\/wp-content\/uploads\/2023\/05\/Capture-de\u0301cran-2023-05-31-a\u0300-11.07.46-768x776.png 768w, http:\/\/aeroclub-abbeville.fr\/wp-content\/uploads\/2023\/05\/Capture-de\u0301cran-2023-05-31-a\u0300-11.07.46-624x630.png 624w, http:\/\/aeroclub-abbeville.fr\/wp-content\/uploads\/2023\/05\/Capture-de\u0301cran-2023-05-31-a\u0300-11.07.46.png 1020w\" sizes=\"(max-width: 475px) 100vw, 475px\" \/><\/figure><\/li><li class=\"blocks-gallery-item\"><figure><img loading=\"lazy\" decoding=\"async\" width=\"629\" height=\"480\" src=\"http:\/\/aeroclub-abbeville.fr\/wp-content\/uploads\/2023\/05\/LogoAbb1.png\" alt=\"\" data-id=\"5959\" data-link=\"http:\/\/aeroclub-abbeville.fr\/?attachment_id=5959\" class=\"wp-image-5959\" srcset=\"http:\/\/aeroclub-abbeville.fr\/wp-content\/uploads\/2023\/05\/LogoAbb1.png 629w, http:\/\/aeroclub-abbeville.fr\/wp-content\/uploads\/2023\/05\/LogoAbb1-480x366.png 480w, http:\/\/aeroclub-abbeville.fr\/wp-content\/uploads\/2023\/05\/LogoAbb1-624x476.png 624w\" sizes=\"(max-width: 629px) 100vw, 629px\" \/><\/figure><\/li><li class=\"blocks-gallery-item\"><figure><img loading=\"lazy\" decoding=\"async\" width=\"236\" height=\"214\" src=\"http:\/\/aeroclub-abbeville.fr\/wp-content\/uploads\/2023\/05\/FFVP.png\" alt=\"\" data-id=\"5960\" data-link=\"http:\/\/aeroclub-abbeville.fr\/?attachment_id=5960\" class=\"wp-image-5960\"\/><\/figure><\/li><li class=\"blocks-gallery-item\"><figure><img loading=\"lazy\" decoding=\"async\" width=\"204\" height=\"247\" src=\"http:\/\/aeroclub-abbeville.fr\/wp-content\/uploads\/2023\/05\/abbeville.jpg\" alt=\"\" data-id=\"5961\" data-link=\"http:\/\/aeroclub-abbeville.fr\/?attachment_id=5961\" class=\"wp-image-5961\"\/><\/figure><\/li><li class=\"blocks-gallery-item\"><figure><img loading=\"lazy\" decoding=\"async\" width=\"337\" height=\"480\" src=\"http:\/\/aeroclub-abbeville.fr\/wp-content\/uploads\/2023\/05\/blason-de-RUE-337x480.jpg\" alt=\"\" data-id=\"5962\" data-link=\"http:\/\/aeroclub-abbeville.fr\/?attachment_id=5962\" class=\"wp-image-5962\" srcset=\"http:\/\/aeroclub-abbeville.fr\/wp-content\/uploads\/2023\/05\/blason-de-RUE-337x480.jpg 337w, http:\/\/aeroclub-abbeville.fr\/wp-content\/uploads\/2023\/05\/blason-de-RUE-719x1024.jpg 719w, http:\/\/aeroclub-abbeville.fr\/wp-content\/uploads\/2023\/05\/blason-de-RUE-768x1093.jpg 768w, http:\/\/aeroclub-abbeville.fr\/wp-content\/uploads\/2023\/05\/blason-de-RUE-624x888.jpg 624w, http:\/\/aeroclub-abbeville.fr\/wp-content\/uploads\/2023\/05\/blason-de-RUE.jpg 911w\" sizes=\"(max-width: 337px) 100vw, 337px\" \/><\/figure><\/li><li class=\"blocks-gallery-item\"><figure><img loading=\"lazy\" decoding=\"async\" width=\"280\" height=\"280\" src=\"http:\/\/aeroclub-abbeville.fr\/wp-content\/uploads\/2023\/05\/langfr-280px-Roundel_of_the_French_Fleet_Air_Arm.svg_.png\" alt=\"\" data-id=\"5963\" data-link=\"http:\/\/aeroclub-abbeville.fr\/?attachment_id=5963\" class=\"wp-image-5963\" srcset=\"http:\/\/aeroclub-abbeville.fr\/wp-content\/uploads\/2023\/05\/langfr-280px-Roundel_of_the_French_Fleet_Air_Arm.svg_.png 280w, http:\/\/aeroclub-abbeville.fr\/wp-content\/uploads\/2023\/05\/langfr-280px-Roundel_of_the_French_Fleet_Air_Arm.svg_-150x150.png 150w\" sizes=\"(max-width: 280px) 100vw, 280px\" \/><\/figure><\/li><li class=\"blocks-gallery-item\"><figure><img loading=\"lazy\" decoding=\"async\" width=\"480\" height=\"360\" src=\"http:\/\/aeroclub-abbeville.fr\/wp-content\/uploads\/2023\/05\/DSCN0046-480x360.jpg\" alt=\"\" data-id=\"5964\" data-link=\"http:\/\/aeroclub-abbeville.fr\/?attachment_id=5964\" class=\"wp-image-5964\" srcset=\"http:\/\/aeroclub-abbeville.fr\/wp-content\/uploads\/2023\/05\/DSCN0046-480x360.jpg 480w, http:\/\/aeroclub-abbeville.fr\/wp-content\/uploads\/2023\/05\/DSCN0046-1024x768.jpg 1024w, http:\/\/aeroclub-abbeville.fr\/wp-content\/uploads\/2023\/05\/DSCN0046-768x576.jpg 768w, http:\/\/aeroclub-abbeville.fr\/wp-content\/uploads\/2023\/05\/DSCN0046-1536x1152.jpg 1536w, http:\/\/aeroclub-abbeville.fr\/wp-content\/uploads\/2023\/05\/DSCN0046-2048x1536.jpg 2048w, http:\/\/aeroclub-abbeville.fr\/wp-content\/uploads\/2023\/05\/DSCN0046-624x468.jpg 624w\" sizes=\"(max-width: 480px) 100vw, 480px\" \/><\/figure><\/li><li class=\"blocks-gallery-item\"><figure><img loading=\"lazy\" decoding=\"async\" width=\"480\" height=\"270\" src=\"http:\/\/aeroclub-abbeville.fr\/wp-content\/uploads\/2023\/05\/345323379_634594105252736_3753634476433033600_n-480x270.jpg\" alt=\"\" data-id=\"5966\" data-link=\"http:\/\/aeroclub-abbeville.fr\/?attachment_id=5966\" class=\"wp-image-5966\" srcset=\"http:\/\/aeroclub-abbeville.fr\/wp-content\/uploads\/2023\/05\/345323379_634594105252736_3753634476433033600_n-480x270.jpg 480w, http:\/\/aeroclub-abbeville.fr\/wp-content\/uploads\/2023\/05\/345323379_634594105252736_3753634476433033600_n-1024x576.jpg 1024w, http:\/\/aeroclub-abbeville.fr\/wp-content\/uploads\/2023\/05\/345323379_634594105252736_3753634476433033600_n-768x432.jpg 768w, http:\/\/aeroclub-abbeville.fr\/wp-content\/uploads\/2023\/05\/345323379_634594105252736_3753634476433033600_n-1536x864.jpg 1536w, http:\/\/aeroclub-abbeville.fr\/wp-content\/uploads\/2023\/05\/345323379_634594105252736_3753634476433033600_n-624x351.jpg 624w, http:\/\/aeroclub-abbeville.fr\/wp-content\/uploads\/2023\/05\/345323379_634594105252736_3753634476433033600_n.jpg 2048w\" sizes=\"(max-width: 480px) 100vw, 480px\" \/><\/figure><\/li><li class=\"blocks-gallery-item\"><figure><img loading=\"lazy\" decoding=\"async\" width=\"480\" height=\"270\" src=\"http:\/\/aeroclub-abbeville.fr\/wp-content\/uploads\/2023\/05\/347019447_792433228940215_2350124750793753199_n-480x270.jpg\" alt=\"\" data-id=\"5967\" data-full-url=\"http:\/\/aeroclub-abbeville.fr\/wp-content\/uploads\/2023\/05\/347019447_792433228940215_2350124750793753199_n.jpg\" data-link=\"http:\/\/aeroclub-abbeville.fr\/?attachment_id=5967\" class=\"wp-image-5967\" srcset=\"http:\/\/aeroclub-abbeville.fr\/wp-content\/uploads\/2023\/05\/347019447_792433228940215_2350124750793753199_n-480x270.jpg 480w, http:\/\/aeroclub-abbeville.fr\/wp-content\/uploads\/2023\/05\/347019447_792433228940215_2350124750793753199_n-1024x576.jpg 1024w, http:\/\/aeroclub-abbeville.fr\/wp-content\/uploads\/2023\/05\/347019447_792433228940215_2350124750793753199_n-768x432.jpg 768w, http:\/\/aeroclub-abbeville.fr\/wp-content\/uploads\/2023\/05\/347019447_792433228940215_2350124750793753199_n-1536x864.jpg 1536w, http:\/\/aeroclub-abbeville.fr\/wp-content\/uploads\/2023\/05\/347019447_792433228940215_2350124750793753199_n-624x351.jpg 624w, http:\/\/aeroclub-abbeville.fr\/wp-content\/uploads\/2023\/05\/347019447_792433228940215_2350124750793753199_n.jpg 2048w\" sizes=\"(max-width: 480px) 100vw, 480px\" \/><\/figure><\/li><\/ul><\/figure>\n\n\n\n<p class=\"has-text-align-center\">Apr\u00e8s la soir\u00e9e d\u00e9gustation &#8230;<\/p>\n\n\n\n<div class=\"wp-block-image\"><figure class=\"aligncenter size-large\"><img loading=\"lazy\" decoding=\"async\" width=\"1024\" height=\"678\" src=\"http:\/\/aeroclub-abbeville.fr\/wp-content\/uploads\/2023\/05\/349334181_636764514656243_3390915832611688197_n-1024x678.jpg\" alt=\"\" class=\"wp-image-5968\" srcset=\"http:\/\/aeroclub-abbeville.fr\/wp-content\/uploads\/2023\/05\/349334181_636764514656243_3390915832611688197_n-1024x678.jpg 1024w, http:\/\/aeroclub-abbeville.fr\/wp-content\/uploads\/2023\/05\/349334181_636764514656243_3390915832611688197_n-480x318.jpg 480w, http:\/\/aeroclub-abbeville.fr\/wp-content\/uploads\/2023\/05\/349334181_636764514656243_3390915832611688197_n-768x509.jpg 768w, http:\/\/aeroclub-abbeville.fr\/wp-content\/uploads\/2023\/05\/349334181_636764514656243_3390915832611688197_n-1536x1017.jpg 1536w, http:\/\/aeroclub-abbeville.fr\/wp-content\/uploads\/2023\/05\/349334181_636764514656243_3390915832611688197_n-624x413.jpg 624w, http:\/\/aeroclub-abbeville.fr\/wp-content\/uploads\/2023\/05\/349334181_636764514656243_3390915832611688197_n.jpg 2048w\" sizes=\"(max-width: 1024px) 100vw, 1024px\" \/><figcaption>Le Pr\u00e9sident et son assistante pour un repos bien m\u00e9rit\u00e9 !<\/figcaption><\/figure><\/div>\n\n\n\n<p>Cr\u00e9dits photos : Vincent D\u00e9taille, Marie-H\u00e9l\u00e8ne Pruvost-Vassallo,<\/p>\n\n\n\n<p>Texte :  Fran\u00e7oise Sockeel, pour le Pr\u00e9sident <\/p>\n\n\n\n<p>La suite la prochaine fois !<\/p>\n","protected":false},"excerpt":{"rendered":"<p>30 Mai 2023 R\u00e9sultat des championnats des Hauts de France de Vol en Planeur 2023 \u00e0 Abbeville LFOI Au G\u00e9n\u00e9ral : 1 C\u00e9lestin Godard Planeur club des coquelicots 2 Guillaume Dufrene Lille Planeurs 3 Olivier Caudrelier A\u00e9roclub d&rsquo;Abbeville Jeune moins de 22 ans 1 C\u00e9lestin Godard Planeur club des coquelicots2 Nicolas Douchet Cambrai Planeur A\u00e9ro-Club3 [&hellip;]<\/p>\n","protected":false},"author":211,"featured_media":0,"comment_status":"open","ping_status":"","sticky":false,"template":"","format":"standard","meta":{"inline_featured_image":false,"footnotes":""},"categories":[20,21,2,3,4,6,8,11,13,14,18,19],"tags":[],"class_list":["post-5954","post","type-post","status-publish","format-standard","hentry","category-actualites","category-arrosages-fetes","category-avion","category-club","category-competitions","category-formation","category-formation_planeur","category-manifestations","category-planeur","category-presse","category-vie-du-club","category-vol-a-voile"],"_links":{"self":[{"href":"http:\/\/aeroclub-abbeville.fr\/index.php?rest_route=\/wp\/v2\/posts\/5954","targetHints":{"allow":["GET"]}}],"collection":[{"href":"http:\/\/aeroclub-abbeville.fr\/index.php?rest_route=\/wp\/v2\/posts"}],"about":[{"href":"http:\/\/aeroclub-abbeville.fr\/index.php?rest_route=\/wp\/v2\/types\/post"}],"author":[{"embeddable":true,"href":"http:\/\/aeroclub-abbeville.fr\/index.php?rest_route=\/wp\/v2\/users\/211"}],"replies":[{"embeddable":true,"href":"http:\/\/aeroclub-abbeville.fr\/index.php?rest_route=%2Fwp%2Fv2%2Fcomments&post=5954"}],"version-history":[{"count":17,"href":"http:\/\/aeroclub-abbeville.fr\/index.php?rest_route=\/wp\/v2\/posts\/5954\/revisions"}],"predecessor-version":[{"id":6044,"href":"http:\/\/aeroclub-abbeville.fr\/index.php?rest_route=\/wp\/v2\/posts\/5954\/revisions\/6044"}],"wp:attachment":[{"href":"http:\/\/aeroclub-abbeville.fr\/index.php?rest_route=%2Fwp%2Fv2%2Fmedia&parent=5954"}],"wp:term":[{"taxonomy":"category","embeddable":true,"href":"http:\/\/aeroclub-abbeville.fr\/index.php?rest_route=%2Fwp%2Fv2%2Fcategories&post=5954"},{"taxonomy":"post_tag","embeddable":true,"href":"http:\/\/aeroclub-abbeville.fr\/index.php?rest_route=%2Fwp%2Fv2%2Ftags&post=5954"}],"curies":[{"name":"wp","href":"https:\/\/api.w.org\/{rel}","templated":true}]}}