{"id":6003,"date":"2023-06-01T12:48:57","date_gmt":"2023-06-01T11:48:57","guid":{"rendered":"http:\/\/aeroclub-abbeville.fr\/?p=6003"},"modified":"2023-06-01T14:15:26","modified_gmt":"2023-06-01T13:15:26","slug":"petit-retour-photos-quils-sont-beaux-nos-oiseaux","status":"publish","type":"post","link":"http:\/\/aeroclub-abbeville.fr\/?p=6003","title":{"rendered":"Petit Retour Photos ! Qu&rsquo;ils sont beaux nos oiseaux !"},"content":{"rendered":"\n<p>Ascension et Pentec\u00f4te 2023<\/p>\n\n\n\n<figure class=\"wp-block-image size-large\"><img fetchpriority=\"high\" decoding=\"async\" width=\"1024\" height=\"681\" src=\"http:\/\/aeroclub-abbeville.fr\/wp-content\/uploads\/2023\/06\/350491646_4991391577652388_3311171719470918712_n-1024x681.jpg\" alt=\"\" class=\"wp-image-6005\" srcset=\"http:\/\/aeroclub-abbeville.fr\/wp-content\/uploads\/2023\/06\/350491646_4991391577652388_3311171719470918712_n-1024x681.jpg 1024w, http:\/\/aeroclub-abbeville.fr\/wp-content\/uploads\/2023\/06\/350491646_4991391577652388_3311171719470918712_n-480x319.jpg 480w, http:\/\/aeroclub-abbeville.fr\/wp-content\/uploads\/2023\/06\/350491646_4991391577652388_3311171719470918712_n-768x511.jpg 768w, http:\/\/aeroclub-abbeville.fr\/wp-content\/uploads\/2023\/06\/350491646_4991391577652388_3311171719470918712_n-1536x1022.jpg 1536w, http:\/\/aeroclub-abbeville.fr\/wp-content\/uploads\/2023\/06\/350491646_4991391577652388_3311171719470918712_n-624x415.jpg 624w, http:\/\/aeroclub-abbeville.fr\/wp-content\/uploads\/2023\/06\/350491646_4991391577652388_3311171719470918712_n.jpg 2048w\" sizes=\"(max-width: 1024px) 100vw, 1024px\" \/><\/figure>\n\n\n\n<p class=\"has-text-align-center\">Une belle vid\u00e9o de Vincent D\u00e9taille pour vous faire r\u00eaver<\/p>\n\n\n\n<figure class=\"wp-block-embed is-type-video is-provider-youtube wp-block-embed-youtube wp-embed-aspect-16-9 wp-has-aspect-ratio\"><div class=\"wp-block-embed__wrapper\">\n<iframe title=\"D\u00e9collage des planeurs 2\/2\" width=\"625\" height=\"352\" src=\"https:\/\/www.youtube.com\/embed\/N0VMu-4jzOI?feature=oembed\" frameborder=\"0\" allow=\"accelerometer; autoplay; clipboard-write; encrypted-media; gyroscope; picture-in-picture; web-share\" referrerpolicy=\"strict-origin-when-cross-origin\" allowfullscreen><\/iframe>\n<\/div><\/figure>\n\n\n\n<p class=\"has-text-align-center\">22 Comp\u00e9titeurs et autant de Planeurs et de Remorqueurs \u00e0 Abbeville.<br>Tous les clubs des environs sont venus nous rejoindre : <br>ALBERT, AMIENS, CAMBRAI, COMPI\u00c8GNE, LILLE ET MERVILLE.<br>Les remorqueurs de Lille, leur pilote et de Troyes Barberey, nos amis de Juillet, sont venus nous \u00e9pauler.<br>Quand je vous dis que nous sommes une grande famille dans le vol en planeur !<\/p>\n\n\n\n<figure class=\"wp-block-gallery columns-3 is-cropped wp-block-gallery-1 is-layout-flex wp-block-gallery-is-layout-flex\"><ul class=\"blocks-gallery-grid\"><li class=\"blocks-gallery-item\"><figure><img decoding=\"async\" width=\"1024\" height=\"672\" src=\"http:\/\/aeroclub-abbeville.fr\/wp-content\/uploads\/2023\/06\/Capture-de\u0301cran-2023-06-01-a\u0300-10.29.40-1024x672.png\" alt=\"\" data-id=\"6011\" data-link=\"http:\/\/aeroclub-abbeville.fr\/?attachment_id=6011\" class=\"wp-image-6011\" srcset=\"http:\/\/aeroclub-abbeville.fr\/wp-content\/uploads\/2023\/06\/Capture-de\u0301cran-2023-06-01-a\u0300-10.29.40-1024x672.png 1024w, http:\/\/aeroclub-abbeville.fr\/wp-content\/uploads\/2023\/06\/Capture-de\u0301cran-2023-06-01-a\u0300-10.29.40-480x315.png 480w, http:\/\/aeroclub-abbeville.fr\/wp-content\/uploads\/2023\/06\/Capture-de\u0301cran-2023-06-01-a\u0300-10.29.40-768x504.png 768w, http:\/\/aeroclub-abbeville.fr\/wp-content\/uploads\/2023\/06\/Capture-de\u0301cran-2023-06-01-a\u0300-10.29.40-624x410.png 624w, http:\/\/aeroclub-abbeville.fr\/wp-content\/uploads\/2023\/06\/Capture-de\u0301cran-2023-06-01-a\u0300-10.29.40.png 1340w\" sizes=\"(max-width: 1024px) 100vw, 1024px\" \/><\/figure><\/li><li class=\"blocks-gallery-item\"><figure><img decoding=\"async\" width=\"1024\" height=\"674\" src=\"http:\/\/aeroclub-abbeville.fr\/wp-content\/uploads\/2023\/06\/Capture-de\u0301cran-2023-06-01-a\u0300-10.30.06-1024x674.png\" alt=\"\" data-id=\"6012\" data-link=\"http:\/\/aeroclub-abbeville.fr\/?attachment_id=6012\" class=\"wp-image-6012\" srcset=\"http:\/\/aeroclub-abbeville.fr\/wp-content\/uploads\/2023\/06\/Capture-de\u0301cran-2023-06-01-a\u0300-10.30.06-1024x674.png 1024w, http:\/\/aeroclub-abbeville.fr\/wp-content\/uploads\/2023\/06\/Capture-de\u0301cran-2023-06-01-a\u0300-10.30.06-480x316.png 480w, http:\/\/aeroclub-abbeville.fr\/wp-content\/uploads\/2023\/06\/Capture-de\u0301cran-2023-06-01-a\u0300-10.30.06-768x506.png 768w, http:\/\/aeroclub-abbeville.fr\/wp-content\/uploads\/2023\/06\/Capture-de\u0301cran-2023-06-01-a\u0300-10.30.06-624x411.png 624w, http:\/\/aeroclub-abbeville.fr\/wp-content\/uploads\/2023\/06\/Capture-de\u0301cran-2023-06-01-a\u0300-10.30.06.png 1330w\" sizes=\"(max-width: 1024px) 100vw, 1024px\" \/><\/figure><\/li><li class=\"blocks-gallery-item\"><figure><img loading=\"lazy\" decoding=\"async\" width=\"1024\" height=\"674\" src=\"http:\/\/aeroclub-abbeville.fr\/wp-content\/uploads\/2023\/06\/Capture-de\u0301cran-2023-06-01-a\u0300-10.30.50-1024x674.png\" alt=\"\" data-id=\"6014\" data-full-url=\"http:\/\/aeroclub-abbeville.fr\/wp-content\/uploads\/2023\/06\/Capture-de\u0301cran-2023-06-01-a\u0300-10.30.50.png\" data-link=\"http:\/\/aeroclub-abbeville.fr\/?attachment_id=6014\" class=\"wp-image-6014\" srcset=\"http:\/\/aeroclub-abbeville.fr\/wp-content\/uploads\/2023\/06\/Capture-de\u0301cran-2023-06-01-a\u0300-10.30.50-1024x674.png 1024w, http:\/\/aeroclub-abbeville.fr\/wp-content\/uploads\/2023\/06\/Capture-de\u0301cran-2023-06-01-a\u0300-10.30.50-480x316.png 480w, http:\/\/aeroclub-abbeville.fr\/wp-content\/uploads\/2023\/06\/Capture-de\u0301cran-2023-06-01-a\u0300-10.30.50-768x505.png 768w, http:\/\/aeroclub-abbeville.fr\/wp-content\/uploads\/2023\/06\/Capture-de\u0301cran-2023-06-01-a\u0300-10.30.50-624x411.png 624w, http:\/\/aeroclub-abbeville.fr\/wp-content\/uploads\/2023\/06\/Capture-de\u0301cran-2023-06-01-a\u0300-10.30.50.png 1322w\" sizes=\"(max-width: 1024px) 100vw, 1024px\" \/><\/figure><\/li><li class=\"blocks-gallery-item\"><figure><img loading=\"lazy\" decoding=\"async\" width=\"1024\" height=\"682\" src=\"http:\/\/aeroclub-abbeville.fr\/wp-content\/uploads\/2023\/06\/Capture-de\u0301cran-2023-06-01-a\u0300-10.30.27-1024x682.png\" alt=\"\" data-id=\"6013\" data-link=\"http:\/\/aeroclub-abbeville.fr\/?attachment_id=6013\" class=\"wp-image-6013\" srcset=\"http:\/\/aeroclub-abbeville.fr\/wp-content\/uploads\/2023\/06\/Capture-de\u0301cran-2023-06-01-a\u0300-10.30.27-1024x682.png 1024w, http:\/\/aeroclub-abbeville.fr\/wp-content\/uploads\/2023\/06\/Capture-de\u0301cran-2023-06-01-a\u0300-10.30.27-480x320.png 480w, http:\/\/aeroclub-abbeville.fr\/wp-content\/uploads\/2023\/06\/Capture-de\u0301cran-2023-06-01-a\u0300-10.30.27-768x511.png 768w, http:\/\/aeroclub-abbeville.fr\/wp-content\/uploads\/2023\/06\/Capture-de\u0301cran-2023-06-01-a\u0300-10.30.27-624x415.png 624w, http:\/\/aeroclub-abbeville.fr\/wp-content\/uploads\/2023\/06\/Capture-de\u0301cran-2023-06-01-a\u0300-10.30.27.png 1322w\" sizes=\"(max-width: 1024px) 100vw, 1024px\" \/><\/figure><\/li><\/ul><\/figure>\n\n\n\n<p class=\"has-text-align-center\">Et maintenant si on r\u00eavait !<\/p>\n\n\n\n<figure class=\"wp-block-gallery columns-3 is-cropped wp-block-gallery-2 is-layout-flex wp-block-gallery-is-layout-flex\"><ul class=\"blocks-gallery-grid\"><li class=\"blocks-gallery-item\"><figure><img loading=\"lazy\" decoding=\"async\" width=\"1024\" height=\"682\" src=\"http:\/\/aeroclub-abbeville.fr\/wp-content\/uploads\/2023\/06\/Capture-de\u0301cran-2023-06-01-a\u0300-10.31.17-1024x682.png\" alt=\"\" data-id=\"6018\" data-link=\"http:\/\/aeroclub-abbeville.fr\/?attachment_id=6018\" class=\"wp-image-6018\" srcset=\"http:\/\/aeroclub-abbeville.fr\/wp-content\/uploads\/2023\/06\/Capture-de\u0301cran-2023-06-01-a\u0300-10.31.17-1024x682.png 1024w, http:\/\/aeroclub-abbeville.fr\/wp-content\/uploads\/2023\/06\/Capture-de\u0301cran-2023-06-01-a\u0300-10.31.17-480x320.png 480w, http:\/\/aeroclub-abbeville.fr\/wp-content\/uploads\/2023\/06\/Capture-de\u0301cran-2023-06-01-a\u0300-10.31.17-768x511.png 768w, http:\/\/aeroclub-abbeville.fr\/wp-content\/uploads\/2023\/06\/Capture-de\u0301cran-2023-06-01-a\u0300-10.31.17-624x415.png 624w, http:\/\/aeroclub-abbeville.fr\/wp-content\/uploads\/2023\/06\/Capture-de\u0301cran-2023-06-01-a\u0300-10.31.17.png 1328w\" sizes=\"(max-width: 1024px) 100vw, 1024px\" \/><\/figure><\/li><li class=\"blocks-gallery-item\"><figure><img loading=\"lazy\" decoding=\"async\" width=\"1024\" height=\"668\" src=\"http:\/\/aeroclub-abbeville.fr\/wp-content\/uploads\/2023\/06\/Capture-de\u0301cran-2023-06-01-a\u0300-10.31.40-1024x668.png\" alt=\"\" data-id=\"6019\" data-link=\"http:\/\/aeroclub-abbeville.fr\/?attachment_id=6019\" class=\"wp-image-6019\" srcset=\"http:\/\/aeroclub-abbeville.fr\/wp-content\/uploads\/2023\/06\/Capture-de\u0301cran-2023-06-01-a\u0300-10.31.40-1024x668.png 1024w, http:\/\/aeroclub-abbeville.fr\/wp-content\/uploads\/2023\/06\/Capture-de\u0301cran-2023-06-01-a\u0300-10.31.40-480x313.png 480w, http:\/\/aeroclub-abbeville.fr\/wp-content\/uploads\/2023\/06\/Capture-de\u0301cran-2023-06-01-a\u0300-10.31.40-768x501.png 768w, http:\/\/aeroclub-abbeville.fr\/wp-content\/uploads\/2023\/06\/Capture-de\u0301cran-2023-06-01-a\u0300-10.31.40-624x407.png 624w, http:\/\/aeroclub-abbeville.fr\/wp-content\/uploads\/2023\/06\/Capture-de\u0301cran-2023-06-01-a\u0300-10.31.40.png 1334w\" sizes=\"(max-width: 1024px) 100vw, 1024px\" \/><\/figure><\/li><li class=\"blocks-gallery-item\"><figure><img loading=\"lazy\" decoding=\"async\" width=\"1024\" height=\"672\" src=\"http:\/\/aeroclub-abbeville.fr\/wp-content\/uploads\/2023\/06\/Capture-de\u0301cran-2023-06-01-a\u0300-10.32.24-1024x672.png\" alt=\"\" data-id=\"6020\" data-link=\"http:\/\/aeroclub-abbeville.fr\/?attachment_id=6020\" class=\"wp-image-6020\" srcset=\"http:\/\/aeroclub-abbeville.fr\/wp-content\/uploads\/2023\/06\/Capture-de\u0301cran-2023-06-01-a\u0300-10.32.24-1024x672.png 1024w, http:\/\/aeroclub-abbeville.fr\/wp-content\/uploads\/2023\/06\/Capture-de\u0301cran-2023-06-01-a\u0300-10.32.24-480x315.png 480w, http:\/\/aeroclub-abbeville.fr\/wp-content\/uploads\/2023\/06\/Capture-de\u0301cran-2023-06-01-a\u0300-10.32.24-768x504.png 768w, http:\/\/aeroclub-abbeville.fr\/wp-content\/uploads\/2023\/06\/Capture-de\u0301cran-2023-06-01-a\u0300-10.32.24-624x410.png 624w, http:\/\/aeroclub-abbeville.fr\/wp-content\/uploads\/2023\/06\/Capture-de\u0301cran-2023-06-01-a\u0300-10.32.24.png 1334w\" sizes=\"(max-width: 1024px) 100vw, 1024px\" \/><\/figure><\/li><li class=\"blocks-gallery-item\"><figure><img loading=\"lazy\" decoding=\"async\" width=\"1024\" height=\"676\" src=\"http:\/\/aeroclub-abbeville.fr\/wp-content\/uploads\/2023\/06\/Capture-de\u0301cran-2023-06-01-a\u0300-10.32.41-1024x676.png\" alt=\"\" data-id=\"6021\" data-link=\"http:\/\/aeroclub-abbeville.fr\/?attachment_id=6021\" class=\"wp-image-6021\" srcset=\"http:\/\/aeroclub-abbeville.fr\/wp-content\/uploads\/2023\/06\/Capture-de\u0301cran-2023-06-01-a\u0300-10.32.41-1024x676.png 1024w, http:\/\/aeroclub-abbeville.fr\/wp-content\/uploads\/2023\/06\/Capture-de\u0301cran-2023-06-01-a\u0300-10.32.41-480x317.png 480w, http:\/\/aeroclub-abbeville.fr\/wp-content\/uploads\/2023\/06\/Capture-de\u0301cran-2023-06-01-a\u0300-10.32.41-768x507.png 768w, http:\/\/aeroclub-abbeville.fr\/wp-content\/uploads\/2023\/06\/Capture-de\u0301cran-2023-06-01-a\u0300-10.32.41-624x412.png 624w, http:\/\/aeroclub-abbeville.fr\/wp-content\/uploads\/2023\/06\/Capture-de\u0301cran-2023-06-01-a\u0300-10.32.41.png 1330w\" sizes=\"(max-width: 1024px) 100vw, 1024px\" \/><\/figure><\/li><li class=\"blocks-gallery-item\"><figure><img loading=\"lazy\" decoding=\"async\" width=\"1024\" height=\"678\" src=\"http:\/\/aeroclub-abbeville.fr\/wp-content\/uploads\/2023\/06\/Capture-de\u0301cran-2023-06-01-a\u0300-10.33.07-1024x678.png\" alt=\"\" data-id=\"6022\" data-full-url=\"http:\/\/aeroclub-abbeville.fr\/wp-content\/uploads\/2023\/06\/Capture-de\u0301cran-2023-06-01-a\u0300-10.33.07.png\" data-link=\"http:\/\/aeroclub-abbeville.fr\/?attachment_id=6022\" class=\"wp-image-6022\" srcset=\"http:\/\/aeroclub-abbeville.fr\/wp-content\/uploads\/2023\/06\/Capture-de\u0301cran-2023-06-01-a\u0300-10.33.07-1024x678.png 1024w, http:\/\/aeroclub-abbeville.fr\/wp-content\/uploads\/2023\/06\/Capture-de\u0301cran-2023-06-01-a\u0300-10.33.07-480x318.png 480w, http:\/\/aeroclub-abbeville.fr\/wp-content\/uploads\/2023\/06\/Capture-de\u0301cran-2023-06-01-a\u0300-10.33.07-768x508.png 768w, http:\/\/aeroclub-abbeville.fr\/wp-content\/uploads\/2023\/06\/Capture-de\u0301cran-2023-06-01-a\u0300-10.33.07-624x413.png 624w, http:\/\/aeroclub-abbeville.fr\/wp-content\/uploads\/2023\/06\/Capture-de\u0301cran-2023-06-01-a\u0300-10.33.07.png 1330w\" sizes=\"(max-width: 1024px) 100vw, 1024px\" \/><\/figure><\/li><\/ul><\/figure>\n\n\n\n<p class=\"has-text-align-center\">Encore quelques beaux oiseaux, \u00e0 moteur cette fois !<\/p>\n\n\n\n<figure class=\"wp-block-gallery columns-3 is-cropped wp-block-gallery-3 is-layout-flex wp-block-gallery-is-layout-flex\"><ul class=\"blocks-gallery-grid\"><li class=\"blocks-gallery-item\"><figure><img loading=\"lazy\" decoding=\"async\" width=\"1024\" height=\"671\" src=\"http:\/\/aeroclub-abbeville.fr\/wp-content\/uploads\/2023\/06\/Capture-de\u0301cran-2023-06-01-a\u0300-10.33.28-1024x671.png\" alt=\"\" data-id=\"6024\" data-link=\"http:\/\/aeroclub-abbeville.fr\/?attachment_id=6024\" class=\"wp-image-6024\" srcset=\"http:\/\/aeroclub-abbeville.fr\/wp-content\/uploads\/2023\/06\/Capture-de\u0301cran-2023-06-01-a\u0300-10.33.28-1024x671.png 1024w, http:\/\/aeroclub-abbeville.fr\/wp-content\/uploads\/2023\/06\/Capture-de\u0301cran-2023-06-01-a\u0300-10.33.28-480x314.png 480w, http:\/\/aeroclub-abbeville.fr\/wp-content\/uploads\/2023\/06\/Capture-de\u0301cran-2023-06-01-a\u0300-10.33.28-768x503.png 768w, http:\/\/aeroclub-abbeville.fr\/wp-content\/uploads\/2023\/06\/Capture-de\u0301cran-2023-06-01-a\u0300-10.33.28-624x409.png 624w, http:\/\/aeroclub-abbeville.fr\/wp-content\/uploads\/2023\/06\/Capture-de\u0301cran-2023-06-01-a\u0300-10.33.28.png 1328w\" sizes=\"(max-width: 1024px) 100vw, 1024px\" \/><\/figure><\/li><li class=\"blocks-gallery-item\"><figure><img loading=\"lazy\" decoding=\"async\" width=\"1024\" height=\"682\" src=\"http:\/\/aeroclub-abbeville.fr\/wp-content\/uploads\/2023\/06\/Capture-de\u0301cran-2023-06-01-a\u0300-10.33.50-1024x682.png\" alt=\"\" data-id=\"6025\" data-link=\"http:\/\/aeroclub-abbeville.fr\/?attachment_id=6025\" class=\"wp-image-6025\" srcset=\"http:\/\/aeroclub-abbeville.fr\/wp-content\/uploads\/2023\/06\/Capture-de\u0301cran-2023-06-01-a\u0300-10.33.50-1024x682.png 1024w, http:\/\/aeroclub-abbeville.fr\/wp-content\/uploads\/2023\/06\/Capture-de\u0301cran-2023-06-01-a\u0300-10.33.50-480x320.png 480w, http:\/\/aeroclub-abbeville.fr\/wp-content\/uploads\/2023\/06\/Capture-de\u0301cran-2023-06-01-a\u0300-10.33.50-768x511.png 768w, http:\/\/aeroclub-abbeville.fr\/wp-content\/uploads\/2023\/06\/Capture-de\u0301cran-2023-06-01-a\u0300-10.33.50-624x415.png 624w, http:\/\/aeroclub-abbeville.fr\/wp-content\/uploads\/2023\/06\/Capture-de\u0301cran-2023-06-01-a\u0300-10.33.50.png 1322w\" sizes=\"(max-width: 1024px) 100vw, 1024px\" \/><\/figure><\/li><li class=\"blocks-gallery-item\"><figure><img loading=\"lazy\" decoding=\"async\" width=\"1024\" height=\"675\" src=\"http:\/\/aeroclub-abbeville.fr\/wp-content\/uploads\/2023\/06\/Capture-de\u0301cran-2023-06-01-a\u0300-10.34.09-1024x675.png\" alt=\"\" data-id=\"6026\" data-link=\"http:\/\/aeroclub-abbeville.fr\/?attachment_id=6026\" class=\"wp-image-6026\" srcset=\"http:\/\/aeroclub-abbeville.fr\/wp-content\/uploads\/2023\/06\/Capture-de\u0301cran-2023-06-01-a\u0300-10.34.09-1024x675.png 1024w, http:\/\/aeroclub-abbeville.fr\/wp-content\/uploads\/2023\/06\/Capture-de\u0301cran-2023-06-01-a\u0300-10.34.09-480x316.png 480w, http:\/\/aeroclub-abbeville.fr\/wp-content\/uploads\/2023\/06\/Capture-de\u0301cran-2023-06-01-a\u0300-10.34.09-768x506.png 768w, http:\/\/aeroclub-abbeville.fr\/wp-content\/uploads\/2023\/06\/Capture-de\u0301cran-2023-06-01-a\u0300-10.34.09-624x411.png 624w, http:\/\/aeroclub-abbeville.fr\/wp-content\/uploads\/2023\/06\/Capture-de\u0301cran-2023-06-01-a\u0300-10.34.09.png 1326w\" sizes=\"(max-width: 1024px) 100vw, 1024px\" \/><\/figure><\/li><li class=\"blocks-gallery-item\"><figure><img loading=\"lazy\" decoding=\"async\" width=\"1024\" height=\"674\" src=\"http:\/\/aeroclub-abbeville.fr\/wp-content\/uploads\/2023\/06\/Capture-de\u0301cran-2023-06-01-a\u0300-10.34.27-1024x674.png\" alt=\"\" data-id=\"6027\" data-full-url=\"http:\/\/aeroclub-abbeville.fr\/wp-content\/uploads\/2023\/06\/Capture-de\u0301cran-2023-06-01-a\u0300-10.34.27.png\" data-link=\"http:\/\/aeroclub-abbeville.fr\/?attachment_id=6027\" class=\"wp-image-6027\" srcset=\"http:\/\/aeroclub-abbeville.fr\/wp-content\/uploads\/2023\/06\/Capture-de\u0301cran-2023-06-01-a\u0300-10.34.27-1024x674.png 1024w, http:\/\/aeroclub-abbeville.fr\/wp-content\/uploads\/2023\/06\/Capture-de\u0301cran-2023-06-01-a\u0300-10.34.27-480x316.png 480w, http:\/\/aeroclub-abbeville.fr\/wp-content\/uploads\/2023\/06\/Capture-de\u0301cran-2023-06-01-a\u0300-10.34.27-768x505.png 768w, http:\/\/aeroclub-abbeville.fr\/wp-content\/uploads\/2023\/06\/Capture-de\u0301cran-2023-06-01-a\u0300-10.34.27-624x411.png 624w, http:\/\/aeroclub-abbeville.fr\/wp-content\/uploads\/2023\/06\/Capture-de\u0301cran-2023-06-01-a\u0300-10.34.27.png 1334w\" sizes=\"(max-width: 1024px) 100vw, 1024px\" \/><\/figure><\/li><\/ul><\/figure>\n\n\n\n<figure class=\"wp-block-gallery columns-3 is-cropped wp-block-gallery-4 is-layout-flex wp-block-gallery-is-layout-flex\"><ul class=\"blocks-gallery-grid\"><li class=\"blocks-gallery-item\"><figure><img loading=\"lazy\" decoding=\"async\" width=\"1024\" height=\"677\" src=\"http:\/\/aeroclub-abbeville.fr\/wp-content\/uploads\/2023\/06\/Capture-de\u0301cran-2023-06-01-a\u0300-10.34.44-1024x677.png\" alt=\"\" data-id=\"6028\" data-link=\"http:\/\/aeroclub-abbeville.fr\/?attachment_id=6028\" class=\"wp-image-6028\" srcset=\"http:\/\/aeroclub-abbeville.fr\/wp-content\/uploads\/2023\/06\/Capture-de\u0301cran-2023-06-01-a\u0300-10.34.44-1024x677.png 1024w, http:\/\/aeroclub-abbeville.fr\/wp-content\/uploads\/2023\/06\/Capture-de\u0301cran-2023-06-01-a\u0300-10.34.44-480x317.png 480w, http:\/\/aeroclub-abbeville.fr\/wp-content\/uploads\/2023\/06\/Capture-de\u0301cran-2023-06-01-a\u0300-10.34.44-768x508.png 768w, http:\/\/aeroclub-abbeville.fr\/wp-content\/uploads\/2023\/06\/Capture-de\u0301cran-2023-06-01-a\u0300-10.34.44-624x413.png 624w, http:\/\/aeroclub-abbeville.fr\/wp-content\/uploads\/2023\/06\/Capture-de\u0301cran-2023-06-01-a\u0300-10.34.44.png 1328w\" sizes=\"(max-width: 1024px) 100vw, 1024px\" \/><\/figure><\/li><li class=\"blocks-gallery-item\"><figure><img loading=\"lazy\" decoding=\"async\" width=\"1024\" height=\"681\" src=\"http:\/\/aeroclub-abbeville.fr\/wp-content\/uploads\/2023\/06\/Capture-de\u0301cran-2023-06-01-a\u0300-10.35.01-1024x681.png\" alt=\"\" data-id=\"6029\" data-link=\"http:\/\/aeroclub-abbeville.fr\/?attachment_id=6029\" class=\"wp-image-6029\" srcset=\"http:\/\/aeroclub-abbeville.fr\/wp-content\/uploads\/2023\/06\/Capture-de\u0301cran-2023-06-01-a\u0300-10.35.01-1024x681.png 1024w, http:\/\/aeroclub-abbeville.fr\/wp-content\/uploads\/2023\/06\/Capture-de\u0301cran-2023-06-01-a\u0300-10.35.01-480x319.png 480w, http:\/\/aeroclub-abbeville.fr\/wp-content\/uploads\/2023\/06\/Capture-de\u0301cran-2023-06-01-a\u0300-10.35.01-768x511.png 768w, http:\/\/aeroclub-abbeville.fr\/wp-content\/uploads\/2023\/06\/Capture-de\u0301cran-2023-06-01-a\u0300-10.35.01-624x415.png 624w, http:\/\/aeroclub-abbeville.fr\/wp-content\/uploads\/2023\/06\/Capture-de\u0301cran-2023-06-01-a\u0300-10.35.01.png 1326w\" sizes=\"(max-width: 1024px) 100vw, 1024px\" \/><\/figure><\/li><li class=\"blocks-gallery-item\"><figure><img loading=\"lazy\" decoding=\"async\" width=\"1024\" height=\"672\" src=\"http:\/\/aeroclub-abbeville.fr\/wp-content\/uploads\/2023\/06\/Capture-de\u0301cran-2023-06-01-a\u0300-10.35.18-1024x672.png\" alt=\"\" data-id=\"6030\" data-link=\"http:\/\/aeroclub-abbeville.fr\/?attachment_id=6030\" class=\"wp-image-6030\" srcset=\"http:\/\/aeroclub-abbeville.fr\/wp-content\/uploads\/2023\/06\/Capture-de\u0301cran-2023-06-01-a\u0300-10.35.18-1024x672.png 1024w, http:\/\/aeroclub-abbeville.fr\/wp-content\/uploads\/2023\/06\/Capture-de\u0301cran-2023-06-01-a\u0300-10.35.18-480x315.png 480w, http:\/\/aeroclub-abbeville.fr\/wp-content\/uploads\/2023\/06\/Capture-de\u0301cran-2023-06-01-a\u0300-10.35.18-768x504.png 768w, http:\/\/aeroclub-abbeville.fr\/wp-content\/uploads\/2023\/06\/Capture-de\u0301cran-2023-06-01-a\u0300-10.35.18-624x410.png 624w, http:\/\/aeroclub-abbeville.fr\/wp-content\/uploads\/2023\/06\/Capture-de\u0301cran-2023-06-01-a\u0300-10.35.18.png 1334w\" sizes=\"(max-width: 1024px) 100vw, 1024px\" \/><\/figure><\/li><li class=\"blocks-gallery-item\"><figure><img loading=\"lazy\" decoding=\"async\" width=\"1024\" height=\"665\" src=\"http:\/\/aeroclub-abbeville.fr\/wp-content\/uploads\/2023\/06\/Capture-de\u0301cran-2023-06-01-a\u0300-10.35.52-1024x665.png\" alt=\"\" data-id=\"6031\" data-full-url=\"http:\/\/aeroclub-abbeville.fr\/wp-content\/uploads\/2023\/06\/Capture-de\u0301cran-2023-06-01-a\u0300-10.35.52.png\" data-link=\"http:\/\/aeroclub-abbeville.fr\/?attachment_id=6031\" class=\"wp-image-6031\" srcset=\"http:\/\/aeroclub-abbeville.fr\/wp-content\/uploads\/2023\/06\/Capture-de\u0301cran-2023-06-01-a\u0300-10.35.52-1024x665.png 1024w, http:\/\/aeroclub-abbeville.fr\/wp-content\/uploads\/2023\/06\/Capture-de\u0301cran-2023-06-01-a\u0300-10.35.52-480x312.png 480w, http:\/\/aeroclub-abbeville.fr\/wp-content\/uploads\/2023\/06\/Capture-de\u0301cran-2023-06-01-a\u0300-10.35.52-768x499.png 768w, http:\/\/aeroclub-abbeville.fr\/wp-content\/uploads\/2023\/06\/Capture-de\u0301cran-2023-06-01-a\u0300-10.35.52-624x405.png 624w, http:\/\/aeroclub-abbeville.fr\/wp-content\/uploads\/2023\/06\/Capture-de\u0301cran-2023-06-01-a\u0300-10.35.52.png 1328w\" sizes=\"(max-width: 1024px) 100vw, 1024px\" \/><\/figure><\/li><\/ul><\/figure>\n\n\n\n<p class=\"has-text-align-center\">Et quand notre amie belge \u00ab\u00a0Ladybush\u00a0\u00bb et son \u00ab\u00a0Piper\u00a0\u00bb viennent nous rendre visite avec ses copains et leur Stampe, \u00e7a se passe comme \u00e7a !<\/p>\n\n\n\n<figure class=\"wp-block-embed is-type-video is-provider-youtube wp-block-embed-youtube wp-embed-aspect-16-9 wp-has-aspect-ratio\"><div class=\"wp-block-embed__wrapper\">\n<iframe title=\"Apres un ravitaillement\" width=\"625\" height=\"352\" src=\"https:\/\/www.youtube.com\/embed\/QUqiFVR0a_s?feature=oembed\" frameborder=\"0\" allow=\"accelerometer; autoplay; clipboard-write; encrypted-media; gyroscope; picture-in-picture; web-share\" referrerpolicy=\"strict-origin-when-cross-origin\" allowfullscreen><\/iframe>\n<\/div><\/figure>\n\n\n\n<p>Merci \u00e0 Vincent D\u00e9taille pour toutes ces photos !<\/p>\n\n\n\n<p>\u00c0 bient\u00f4t pour la suite !<\/p>\n\n\n\n<p>Texte :  Fran\u00e7oise Sockeel<\/p>\n","protected":false},"excerpt":{"rendered":"<p>Ascension et Pentec\u00f4te 2023 Une belle vid\u00e9o de Vincent D\u00e9taille pour vous faire r\u00eaver 22 Comp\u00e9titeurs et autant de Planeurs et de Remorqueurs \u00e0 Abbeville.Tous les clubs des environs sont venus nous rejoindre : ALBERT, AMIENS, CAMBRAI, COMPI\u00c8GNE, LILLE ET MERVILLE.Les remorqueurs de Lille, leur pilote et de Troyes Barberey, nos amis de Juillet, sont [&hellip;]<\/p>\n","protected":false},"author":211,"featured_media":0,"comment_status":"open","ping_status":"","sticky":false,"template":"","format":"standard","meta":{"inline_featured_image":false,"footnotes":""},"categories":[20,21,2,3,4,6,8,11,13,18,19],"tags":[],"class_list":["post-6003","post","type-post","status-publish","format-standard","hentry","category-actualites","category-arrosages-fetes","category-avion","category-club","category-competitions","category-formation","category-formation_planeur","category-manifestations","category-planeur","category-vie-du-club","category-vol-a-voile"],"_links":{"self":[{"href":"http:\/\/aeroclub-abbeville.fr\/index.php?rest_route=\/wp\/v2\/posts\/6003","targetHints":{"allow":["GET"]}}],"collection":[{"href":"http:\/\/aeroclub-abbeville.fr\/index.php?rest_route=\/wp\/v2\/posts"}],"about":[{"href":"http:\/\/aeroclub-abbeville.fr\/index.php?rest_route=\/wp\/v2\/types\/post"}],"author":[{"embeddable":true,"href":"http:\/\/aeroclub-abbeville.fr\/index.php?rest_route=\/wp\/v2\/users\/211"}],"replies":[{"embeddable":true,"href":"http:\/\/aeroclub-abbeville.fr\/index.php?rest_route=%2Fwp%2Fv2%2Fcomments&post=6003"}],"version-history":[{"count":17,"href":"http:\/\/aeroclub-abbeville.fr\/index.php?rest_route=\/wp\/v2\/posts\/6003\/revisions"}],"predecessor-version":[{"id":6041,"href":"http:\/\/aeroclub-abbeville.fr\/index.php?rest_route=\/wp\/v2\/posts\/6003\/revisions\/6041"}],"wp:attachment":[{"href":"http:\/\/aeroclub-abbeville.fr\/index.php?rest_route=%2Fwp%2Fv2%2Fmedia&parent=6003"}],"wp:term":[{"taxonomy":"category","embeddable":true,"href":"http:\/\/aeroclub-abbeville.fr\/index.php?rest_route=%2Fwp%2Fv2%2Fcategories&post=6003"},{"taxonomy":"post_tag","embeddable":true,"href":"http:\/\/aeroclub-abbeville.fr\/index.php?rest_route=%2Fwp%2Fv2%2Ftags&post=6003"}],"curies":[{"name":"wp","href":"https:\/\/api.w.org\/{rel}","templated":true}]}}