{"id":6063,"date":"2023-11-06T17:43:19","date_gmt":"2023-11-06T16:43:19","guid":{"rendered":"http:\/\/aeroclub-abbeville.fr\/?p=6063"},"modified":"2023-11-07T10:59:42","modified_gmt":"2023-11-07T09:59:42","slug":"au-musee-de-leia-chez-marc-betrancourt-collectionneur-davions-de-legende-a-albert-dans-la-somme-une-visite-entre-passionnes","status":"publish","type":"post","link":"http:\/\/aeroclub-abbeville.fr\/?p=6063","title":{"rendered":"Au Mus\u00e9e de l&rsquo;EIA, chez Marc B\u00e9trancourt, collectionneur d&rsquo;avions de l\u00e9gende \u00e0 Albert dans la Somme ! Une visite entre Passionn\u00e9s !"},"content":{"rendered":"\n<p>Samedi 4 Novembre 2023<\/p>\n\n\n\n<figure class=\"wp-block-image size-large is-resized\"><img fetchpriority=\"high\" decoding=\"async\" src=\"http:\/\/aeroclub-abbeville.fr\/wp-content\/uploads\/2023\/11\/IMG-20231104-WA0007-1024x768.jpg\" alt=\"\" class=\"wp-image-6065\" width=\"768\" height=\"576\" srcset=\"http:\/\/aeroclub-abbeville.fr\/wp-content\/uploads\/2023\/11\/IMG-20231104-WA0007-1024x768.jpg 1024w, http:\/\/aeroclub-abbeville.fr\/wp-content\/uploads\/2023\/11\/IMG-20231104-WA0007-480x360.jpg 480w, http:\/\/aeroclub-abbeville.fr\/wp-content\/uploads\/2023\/11\/IMG-20231104-WA0007-768x576.jpg 768w, http:\/\/aeroclub-abbeville.fr\/wp-content\/uploads\/2023\/11\/IMG-20231104-WA0007-1536x1152.jpg 1536w, http:\/\/aeroclub-abbeville.fr\/wp-content\/uploads\/2023\/11\/IMG-20231104-WA0007-624x468.jpg 624w, http:\/\/aeroclub-abbeville.fr\/wp-content\/uploads\/2023\/11\/IMG-20231104-WA0007.jpg 1600w\" sizes=\"(max-width: 768px) 100vw, 768px\" \/><\/figure>\n\n\n\n<p><\/p>\n\n\n\n<p class=\"has-text-align-center\">Quand on se prom\u00e8ne dans notre r\u00e9gion il n\u2019est pas rare de tomber sur des choses \u00e9tonnantes. Mais des choses vraiment exceptionnelles, il faut bien reconna\u00eetre que c\u2019est assez rare. Voire unique\u2026 C\u2019est le cas de Marc B\u00e9trancourt qui collectionne (entre autres) des avions ! Et des vrais, grandeur nature ! Une cinquantaine se trouve dans son jardin \u00e0 Albert dans la Somme.<\/p>\n\n\n\n<p class=\"has-text-align-center\">Marc B\u00e9trancourt c\u2019est d\u2019abord un industriel. C\u2019est lui qui a repris l\u2019entreprise paternelle avec sa s\u0153ur et maintenant son fils Luc.<a rel=\"noreferrer noopener\" href=\"https:\/\/betrancourt.fr\/\" target=\"_blank\"> B\u00e9trancourt SA<\/a> <a rel=\"noreferrer noopener\" href=\"https:\/\/betrancourt.fr\/\" target=\"_blank\"><\/a>fabrique et usine des pi\u00e8ces pour Airbus, situ\u00e9 \u00e0 M\u00e9aulte juste \u00e0 c\u00f4t\u00e9 d&rsquo;Albert dans la Somme. <br>Vous trouverez des pi\u00e8ces de chez lui dans tous les avions de la gamme de l\u2019avionneur toulousain. Pensez-y la prochaine fois que vous volerez dans un Airbus. Mais Marc, son truc \u00e0 lui est bien plus envahissant. <strong>Depuis tout petit, il collectionne&nbsp;!<\/strong><\/p>\n\n\n\n<figure class=\"wp-block-gallery aligncenter has-nested-images columns-default is-cropped wp-block-gallery-1 is-layout-flex wp-block-gallery-is-layout-flex\">\n<figure class=\"wp-block-image size-large\"><img decoding=\"async\" width=\"768\" height=\"1024\" data-id=\"6068\" src=\"http:\/\/aeroclub-abbeville.fr\/wp-content\/uploads\/2023\/11\/IMG-20231104-WA0016-768x1024.jpg\" alt=\"\" class=\"wp-image-6068\" srcset=\"http:\/\/aeroclub-abbeville.fr\/wp-content\/uploads\/2023\/11\/IMG-20231104-WA0016-768x1024.jpg 768w, http:\/\/aeroclub-abbeville.fr\/wp-content\/uploads\/2023\/11\/IMG-20231104-WA0016-360x480.jpg 360w, http:\/\/aeroclub-abbeville.fr\/wp-content\/uploads\/2023\/11\/IMG-20231104-WA0016-1152x1536.jpg 1152w, http:\/\/aeroclub-abbeville.fr\/wp-content\/uploads\/2023\/11\/IMG-20231104-WA0016-624x832.jpg 624w, http:\/\/aeroclub-abbeville.fr\/wp-content\/uploads\/2023\/11\/IMG-20231104-WA0016.jpg 1200w\" sizes=\"(max-width: 768px) 100vw, 768px\" \/><\/figure>\n\n\n\n<figure class=\"wp-block-image size-large\"><img decoding=\"async\" width=\"768\" height=\"1024\" data-id=\"6069\" src=\"http:\/\/aeroclub-abbeville.fr\/wp-content\/uploads\/2023\/11\/IMG-20231104-WA0010-1-768x1024.jpg\" alt=\"\" class=\"wp-image-6069\" srcset=\"http:\/\/aeroclub-abbeville.fr\/wp-content\/uploads\/2023\/11\/IMG-20231104-WA0010-1-768x1024.jpg 768w, http:\/\/aeroclub-abbeville.fr\/wp-content\/uploads\/2023\/11\/IMG-20231104-WA0010-1-360x480.jpg 360w, http:\/\/aeroclub-abbeville.fr\/wp-content\/uploads\/2023\/11\/IMG-20231104-WA0010-1-1152x1536.jpg 1152w, http:\/\/aeroclub-abbeville.fr\/wp-content\/uploads\/2023\/11\/IMG-20231104-WA0010-1-624x832.jpg 624w, http:\/\/aeroclub-abbeville.fr\/wp-content\/uploads\/2023\/11\/IMG-20231104-WA0010-1.jpg 1200w\" sizes=\"(max-width: 768px) 100vw, 768px\" \/><\/figure>\n<\/figure>\n\n\n\n<h2 class=\"wp-block-heading has-text-align-center\">40 avions<\/h2>\n\n\n\n<p class=\"has-text-align-center\">Pas forc\u00e9ment les bons points, mais les timbres d\u2019abord. Puis les cartes postales, les bo\u00eetes d&rsquo;allumettes, et m\u00eame les paquets de cigarette. Et puis progressivement, il tombe dans une certaine passion de tout ce qui est industriel. Des machines-outils, des moteurs et m\u00eame des machines \u00e0 coudre&nbsp;: oui, il y en a environ 350 dans l\u2019un de ses trois immenses hangars. Et on peut multiplier ce chiffre par 10 en ce qui concerne les maquettes d\u2019avions.<\/p>\n\n\n\n<p class=\"has-text-align-center\">Petites ou grandes, elles ont toutes une histoire. Comme celle qui a servi dans le film <em>L\u2019\u00e9toffe des h\u00e9ros <\/em>qu\u2019il a fait venir de Los&nbsp;Angeles et dont il est tr\u00e8s fier&nbsp;!<\/p>\n\n\n\n<figure class=\"wp-block-image size-full\"><img loading=\"lazy\" decoding=\"async\" width=\"800\" height=\"450\" src=\"http:\/\/aeroclub-abbeville.fr\/wp-content\/uploads\/2023\/11\/image.png\" alt=\"\" class=\"wp-image-6070\" srcset=\"http:\/\/aeroclub-abbeville.fr\/wp-content\/uploads\/2023\/11\/image.png 800w, http:\/\/aeroclub-abbeville.fr\/wp-content\/uploads\/2023\/11\/image-480x270.png 480w, http:\/\/aeroclub-abbeville.fr\/wp-content\/uploads\/2023\/11\/image-768x432.png 768w, http:\/\/aeroclub-abbeville.fr\/wp-content\/uploads\/2023\/11\/image-624x351.png 624w\" sizes=\"(max-width: 800px) 100vw, 800px\" \/><\/figure>\n\n\n\n<p><\/p>\n\n\n\n<p class=\"has-text-align-center\">Et puis Marc, c\u2019est un Picard&nbsp;! Un vrai. Ainsi, au travers de ses collections, il rend un hommage consid\u00e9rable \u00e0 sa ville.<\/p>\n\n\n\n<p class=\"has-text-align-center\">\u00ab\u00a0<em>Albert est une ville industrielle. On a de grands noms dans ce domaine qui ont fait sa renomm\u00e9e. Les v\u00e9los Hurtu ou Rochet, les machines GSP, les caravanes Henon ou les avions Potez. Tiens d\u2019ailleurs regarde on a aussi une r\u00e9plique du <a href=\"https:\/\/fr.wikipedia.org\/wiki\/Bl%C3%A9riot_XI\" target=\"_blank\" rel=\"noreferrer noopener\">Bl\u00e9riot XI<\/a>.<\/em>\u00ab\u00a0<\/p>\n\n\n\n<p class=\"has-text-align-center\">Vous me direz que, jusque-l\u00e0, c\u2019est beau mais pas exceptionnel. Je vous l\u2019accorde. Attachez vos ceintures maintenant on rentre dans une zone de turbulence. Direction le plus grand des hangars situ\u00e9s en arri\u00e8re du jardin. L\u00e0, vous pouvez compter la taille d\u2019au moins deux terrains de football. Et dedans\u2026 Environ 40 avions&nbsp;! Oui oui\u2026<\/p>\n\n\n\n<figure class=\"wp-block-gallery has-nested-images columns-default is-cropped wp-block-gallery-2 is-layout-flex wp-block-gallery-is-layout-flex\">\n<figure class=\"wp-block-image size-full\"><img loading=\"lazy\" decoding=\"async\" width=\"800\" height=\"450\" data-id=\"6072\" src=\"http:\/\/aeroclub-abbeville.fr\/wp-content\/uploads\/2023\/11\/image-1.png\" alt=\"\" class=\"wp-image-6072\" srcset=\"http:\/\/aeroclub-abbeville.fr\/wp-content\/uploads\/2023\/11\/image-1.png 800w, http:\/\/aeroclub-abbeville.fr\/wp-content\/uploads\/2023\/11\/image-1-480x270.png 480w, http:\/\/aeroclub-abbeville.fr\/wp-content\/uploads\/2023\/11\/image-1-768x432.png 768w, http:\/\/aeroclub-abbeville.fr\/wp-content\/uploads\/2023\/11\/image-1-624x351.png 624w\" sizes=\"(max-width: 800px) 100vw, 800px\" \/><\/figure>\n\n\n\n<figure class=\"wp-block-image size-full\"><img loading=\"lazy\" decoding=\"async\" width=\"1200\" height=\"1600\" data-id=\"6074\" src=\"http:\/\/aeroclub-abbeville.fr\/wp-content\/uploads\/2023\/11\/IMG-20231104-WA0011.jpg\" alt=\"\" class=\"wp-image-6074\" srcset=\"http:\/\/aeroclub-abbeville.fr\/wp-content\/uploads\/2023\/11\/IMG-20231104-WA0011.jpg 1200w, http:\/\/aeroclub-abbeville.fr\/wp-content\/uploads\/2023\/11\/IMG-20231104-WA0011-360x480.jpg 360w, http:\/\/aeroclub-abbeville.fr\/wp-content\/uploads\/2023\/11\/IMG-20231104-WA0011-768x1024.jpg 768w, http:\/\/aeroclub-abbeville.fr\/wp-content\/uploads\/2023\/11\/IMG-20231104-WA0011-1152x1536.jpg 1152w, http:\/\/aeroclub-abbeville.fr\/wp-content\/uploads\/2023\/11\/IMG-20231104-WA0011-624x832.jpg 624w\" sizes=\"(max-width: 1200px) 100vw, 1200px\" \/><\/figure>\n\n\n\n<figure class=\"wp-block-image size-full\"><img loading=\"lazy\" decoding=\"async\" width=\"1600\" height=\"1200\" data-id=\"6073\" src=\"http:\/\/aeroclub-abbeville.fr\/wp-content\/uploads\/2023\/11\/IMG-20231104-WA0025.jpg\" alt=\"\" class=\"wp-image-6073\" srcset=\"http:\/\/aeroclub-abbeville.fr\/wp-content\/uploads\/2023\/11\/IMG-20231104-WA0025.jpg 1600w, http:\/\/aeroclub-abbeville.fr\/wp-content\/uploads\/2023\/11\/IMG-20231104-WA0025-480x360.jpg 480w, http:\/\/aeroclub-abbeville.fr\/wp-content\/uploads\/2023\/11\/IMG-20231104-WA0025-1024x768.jpg 1024w, http:\/\/aeroclub-abbeville.fr\/wp-content\/uploads\/2023\/11\/IMG-20231104-WA0025-768x576.jpg 768w, http:\/\/aeroclub-abbeville.fr\/wp-content\/uploads\/2023\/11\/IMG-20231104-WA0025-1536x1152.jpg 1536w, http:\/\/aeroclub-abbeville.fr\/wp-content\/uploads\/2023\/11\/IMG-20231104-WA0025-624x468.jpg 624w\" sizes=\"(max-width: 1600px) 100vw, 1600px\" \/><\/figure>\n<\/figure>\n\n\n\n<figure class=\"wp-block-gallery has-nested-images columns-default is-cropped wp-block-gallery-3 is-layout-flex wp-block-gallery-is-layout-flex\">\n<figure class=\"wp-block-image size-large\"><img loading=\"lazy\" decoding=\"async\" width=\"768\" height=\"1024\" data-id=\"6076\" src=\"http:\/\/aeroclub-abbeville.fr\/wp-content\/uploads\/2023\/11\/IMG-20231104-WA0019-768x1024.jpg\" alt=\"\" class=\"wp-image-6076\" srcset=\"http:\/\/aeroclub-abbeville.fr\/wp-content\/uploads\/2023\/11\/IMG-20231104-WA0019-768x1024.jpg 768w, http:\/\/aeroclub-abbeville.fr\/wp-content\/uploads\/2023\/11\/IMG-20231104-WA0019-360x480.jpg 360w, http:\/\/aeroclub-abbeville.fr\/wp-content\/uploads\/2023\/11\/IMG-20231104-WA0019-1152x1536.jpg 1152w, http:\/\/aeroclub-abbeville.fr\/wp-content\/uploads\/2023\/11\/IMG-20231104-WA0019-624x832.jpg 624w, http:\/\/aeroclub-abbeville.fr\/wp-content\/uploads\/2023\/11\/IMG-20231104-WA0019.jpg 1200w\" sizes=\"(max-width: 768px) 100vw, 768px\" \/><\/figure>\n\n\n\n<figure class=\"wp-block-image size-large\"><img loading=\"lazy\" decoding=\"async\" width=\"1024\" height=\"768\" data-id=\"6077\" src=\"http:\/\/aeroclub-abbeville.fr\/wp-content\/uploads\/2023\/11\/IMG-20231104-WA0018-1-1024x768.jpg\" alt=\"\" class=\"wp-image-6077\" srcset=\"http:\/\/aeroclub-abbeville.fr\/wp-content\/uploads\/2023\/11\/IMG-20231104-WA0018-1-1024x768.jpg 1024w, http:\/\/aeroclub-abbeville.fr\/wp-content\/uploads\/2023\/11\/IMG-20231104-WA0018-1-480x360.jpg 480w, http:\/\/aeroclub-abbeville.fr\/wp-content\/uploads\/2023\/11\/IMG-20231104-WA0018-1-768x576.jpg 768w, http:\/\/aeroclub-abbeville.fr\/wp-content\/uploads\/2023\/11\/IMG-20231104-WA0018-1-1536x1152.jpg 1536w, http:\/\/aeroclub-abbeville.fr\/wp-content\/uploads\/2023\/11\/IMG-20231104-WA0018-1-624x468.jpg 624w, http:\/\/aeroclub-abbeville.fr\/wp-content\/uploads\/2023\/11\/IMG-20231104-WA0018-1.jpg 1600w\" sizes=\"(max-width: 1024px) 100vw, 1024px\" \/><\/figure>\n<\/figure>\n\n\n\n<p><\/p>\n\n\n\n<p class=\"has-text-align-center\">Des plus petits comme cet ULM utilis\u00e9 par <a rel=\"noreferrer noopener\" href=\"https:\/\/fr.wikipedia.org\/wiki\/Henri_Pescarolo\" target=\"_blank\">Henri Pescarolo<\/a> (pilote mythique des 24h du Mans auto) pour son tour de France dans les ann\u00e9es 80 au <a rel=\"noreferrer noopener\" href=\"https:\/\/fr.wikipedia.org\/wiki\/Douglas_C-47_Skytrain\" target=\"_blank\"><em>Dakota C47<\/em><\/a> qui a servi notamment au D\u00e9barquement de Juin 1944.<\/p>\n\n\n\n<p class=\"has-text-align-center\">Entre deux, vous trouverez un <a rel=\"noreferrer noopener\" href=\"https:\/\/fr.wikipedia.org\/wiki\/Dassault_Mirage_IV\" target=\"_blank\"><em>Mirage 4<\/em> <\/a>(2340 km\/h, 25 m de long) qui portait l\u2019arme atomique ou alors<a rel=\"noreferrer noopener\" href=\"https:\/\/www.cinema-francais.fr\/images\/affiches\/affiches_o\/affiches_oury_gerard\/photos\/vadrouille13.jpg\" target=\"_blank\"> l\u2019un des deux planeurs oranges<\/a> dans lesquels Bourvil et De Fun\u00e8s se sont envol\u00e9s \u00e0 la fin de <em>La Grande Vadrouille<\/em>.<strong> Les vrais du film&nbsp;!<\/strong><\/p>\n\n\n\n<figure class=\"wp-block-embed is-type-video is-provider-youtube wp-block-embed-youtube wp-embed-aspect-4-3 wp-has-aspect-ratio\"><div class=\"wp-block-embed__wrapper\">\n<iframe title=\"La Grande Vadrouille - Sc\u00e8ne finale\" width=\"625\" height=\"469\" src=\"https:\/\/www.youtube.com\/embed\/wwsa4PVYMJY?feature=oembed\" frameborder=\"0\" allow=\"accelerometer; autoplay; clipboard-write; encrypted-media; gyroscope; picture-in-picture; web-share\" referrerpolicy=\"strict-origin-when-cross-origin\" allowfullscreen><\/iframe>\n<\/div><\/figure>\n\n\n\n<p><\/p>\n\n\n\n<p class=\"has-text-align-center\">Quelques h\u00e9licopt\u00e8res aussi dont ceux visibles dans les films de la Guerre du Vietnam (le <a rel=\"noreferrer noopener\" href=\"https:\/\/fr.wikipedia.org\/wiki\/Sikorsky_H-34\" target=\"_blank\"><em>Sykorski H-34<\/em><\/a>), ou alors un r\u00e9acteur de <a rel=\"noreferrer noopener\" href=\"https:\/\/fr.wikipedia.org\/wiki\/Boeing_747\" target=\"_blank\"><em>Boeing 747<\/em><\/a> dans lequel on peut monter. Quelques auto aussi, dont un camion de pompier am\u00e9ricain, une Bentley du parc auto du ch\u00e2teau de Balmoral en \u00c9cosse.<\/p>\n\n\n<div class=\"wp-block-image\">\n<figure class=\"aligncenter size-full\"><img loading=\"lazy\" decoding=\"async\" width=\"400\" height=\"300\" src=\"http:\/\/aeroclub-abbeville.fr\/wp-content\/uploads\/2023\/11\/image-2.png\" alt=\"\" class=\"wp-image-6086\"\/><\/figure>\n<\/div>\n\n\n<p><\/p>\n\n\n\n<p class=\"has-text-align-center\">Et au milieu de tout cela, Marc se prom\u00e8ne avec des anecdotes plein la bouche.<br><\/p>\n\n\n\n<p class=\"has-text-align-center\">Cet avion je l\u2019ai fait venir en kit, il a fallu tout d\u00e9monter. Les ailes, les moteurs, les gouvernes. On a fait venir un convoi exceptionnel toute la ville \u00e9tait bloqu\u00e9e.<\/p>\n\n\n\n<p class=\"has-text-align-center\">Cet avion c\u2019est le fameux <em>Mirage 4<\/em> aux dimensions exceptionnelles. Et le pire, c\u2019est que \u00e7a rentre toujours.<\/p>\n\n\n\n<p class=\"has-text-align-center\">On a d&rsquo;abord mis tous les avions en place et ensuite on a construit le b\u00e2timent tout autour. C&rsquo;\u00e9tait plus simple pour nous mais pas pour ceux qui ont l&rsquo;ont construit !<\/p>\n\n\n\n<figure class=\"wp-block-gallery has-nested-images columns-default is-cropped wp-block-gallery-4 is-layout-flex wp-block-gallery-is-layout-flex\">\n<figure class=\"wp-block-image size-large\"><img loading=\"lazy\" decoding=\"async\" width=\"768\" height=\"1024\" data-id=\"6082\" src=\"http:\/\/aeroclub-abbeville.fr\/wp-content\/uploads\/2023\/11\/IMG-20231104-WA0006-768x1024.jpg\" alt=\"\" class=\"wp-image-6082\" srcset=\"http:\/\/aeroclub-abbeville.fr\/wp-content\/uploads\/2023\/11\/IMG-20231104-WA0006-768x1024.jpg 768w, http:\/\/aeroclub-abbeville.fr\/wp-content\/uploads\/2023\/11\/IMG-20231104-WA0006-360x480.jpg 360w, http:\/\/aeroclub-abbeville.fr\/wp-content\/uploads\/2023\/11\/IMG-20231104-WA0006-1152x1536.jpg 1152w, http:\/\/aeroclub-abbeville.fr\/wp-content\/uploads\/2023\/11\/IMG-20231104-WA0006-624x832.jpg 624w, http:\/\/aeroclub-abbeville.fr\/wp-content\/uploads\/2023\/11\/IMG-20231104-WA0006.jpg 1200w\" sizes=\"(max-width: 768px) 100vw, 768px\" \/><\/figure>\n\n\n\n<figure class=\"wp-block-image size-large\"><img loading=\"lazy\" decoding=\"async\" width=\"768\" height=\"1024\" data-id=\"6085\" src=\"http:\/\/aeroclub-abbeville.fr\/wp-content\/uploads\/2023\/11\/IMG-20231104-WA0017-768x1024.jpg\" alt=\"\" class=\"wp-image-6085\" srcset=\"http:\/\/aeroclub-abbeville.fr\/wp-content\/uploads\/2023\/11\/IMG-20231104-WA0017-768x1024.jpg 768w, http:\/\/aeroclub-abbeville.fr\/wp-content\/uploads\/2023\/11\/IMG-20231104-WA0017-360x480.jpg 360w, http:\/\/aeroclub-abbeville.fr\/wp-content\/uploads\/2023\/11\/IMG-20231104-WA0017-1152x1536.jpg 1152w, http:\/\/aeroclub-abbeville.fr\/wp-content\/uploads\/2023\/11\/IMG-20231104-WA0017-624x832.jpg 624w, http:\/\/aeroclub-abbeville.fr\/wp-content\/uploads\/2023\/11\/IMG-20231104-WA0017.jpg 1200w\" sizes=\"(max-width: 768px) 100vw, 768px\" \/><\/figure>\n\n\n\n<figure class=\"wp-block-image size-large\"><img loading=\"lazy\" decoding=\"async\" width=\"768\" height=\"1024\" data-id=\"6084\" src=\"http:\/\/aeroclub-abbeville.fr\/wp-content\/uploads\/2023\/11\/IMG-20231104-WA0015-768x1024.jpg\" alt=\"\" class=\"wp-image-6084\" srcset=\"http:\/\/aeroclub-abbeville.fr\/wp-content\/uploads\/2023\/11\/IMG-20231104-WA0015-768x1024.jpg 768w, http:\/\/aeroclub-abbeville.fr\/wp-content\/uploads\/2023\/11\/IMG-20231104-WA0015-360x480.jpg 360w, http:\/\/aeroclub-abbeville.fr\/wp-content\/uploads\/2023\/11\/IMG-20231104-WA0015-1152x1536.jpg 1152w, http:\/\/aeroclub-abbeville.fr\/wp-content\/uploads\/2023\/11\/IMG-20231104-WA0015-624x832.jpg 624w, http:\/\/aeroclub-abbeville.fr\/wp-content\/uploads\/2023\/11\/IMG-20231104-WA0015.jpg 1200w\" sizes=\"(max-width: 768px) 100vw, 768px\" \/><\/figure>\n\n\n\n<figure class=\"wp-block-image size-large\"><img loading=\"lazy\" decoding=\"async\" width=\"768\" height=\"1024\" data-id=\"6083\" src=\"http:\/\/aeroclub-abbeville.fr\/wp-content\/uploads\/2023\/11\/IMG-20231104-WA0024-768x1024.jpg\" alt=\"\" class=\"wp-image-6083\" srcset=\"http:\/\/aeroclub-abbeville.fr\/wp-content\/uploads\/2023\/11\/IMG-20231104-WA0024-768x1024.jpg 768w, http:\/\/aeroclub-abbeville.fr\/wp-content\/uploads\/2023\/11\/IMG-20231104-WA0024-360x480.jpg 360w, http:\/\/aeroclub-abbeville.fr\/wp-content\/uploads\/2023\/11\/IMG-20231104-WA0024-1152x1536.jpg 1152w, http:\/\/aeroclub-abbeville.fr\/wp-content\/uploads\/2023\/11\/IMG-20231104-WA0024-624x832.jpg 624w, http:\/\/aeroclub-abbeville.fr\/wp-content\/uploads\/2023\/11\/IMG-20231104-WA0024.jpg 1200w\" sizes=\"(max-width: 768px) 100vw, 768px\" \/><\/figure>\n\n\n\n<figure class=\"wp-block-image size-large\"><img loading=\"lazy\" decoding=\"async\" width=\"768\" height=\"1024\" data-id=\"6081\" src=\"http:\/\/aeroclub-abbeville.fr\/wp-content\/uploads\/2023\/11\/IMG-20231104-WA0005-768x1024.jpg\" alt=\"\" class=\"wp-image-6081\" srcset=\"http:\/\/aeroclub-abbeville.fr\/wp-content\/uploads\/2023\/11\/IMG-20231104-WA0005-768x1024.jpg 768w, http:\/\/aeroclub-abbeville.fr\/wp-content\/uploads\/2023\/11\/IMG-20231104-WA0005-360x480.jpg 360w, http:\/\/aeroclub-abbeville.fr\/wp-content\/uploads\/2023\/11\/IMG-20231104-WA0005-1152x1536.jpg 1152w, http:\/\/aeroclub-abbeville.fr\/wp-content\/uploads\/2023\/11\/IMG-20231104-WA0005-624x832.jpg 624w, http:\/\/aeroclub-abbeville.fr\/wp-content\/uploads\/2023\/11\/IMG-20231104-WA0005.jpg 1200w\" sizes=\"(max-width: 768px) 100vw, 768px\" \/><\/figure>\n\n\n\n<figure class=\"wp-block-image size-medium\"><img loading=\"lazy\" decoding=\"async\" width=\"480\" height=\"360\" data-id=\"6100\" src=\"http:\/\/aeroclub-abbeville.fr\/wp-content\/uploads\/2023\/11\/IMG-20231104-WA0023-480x360.jpg\" alt=\"\" class=\"wp-image-6100\" srcset=\"http:\/\/aeroclub-abbeville.fr\/wp-content\/uploads\/2023\/11\/IMG-20231104-WA0023-480x360.jpg 480w, http:\/\/aeroclub-abbeville.fr\/wp-content\/uploads\/2023\/11\/IMG-20231104-WA0023-1024x768.jpg 1024w, http:\/\/aeroclub-abbeville.fr\/wp-content\/uploads\/2023\/11\/IMG-20231104-WA0023-768x576.jpg 768w, http:\/\/aeroclub-abbeville.fr\/wp-content\/uploads\/2023\/11\/IMG-20231104-WA0023-1536x1152.jpg 1536w, http:\/\/aeroclub-abbeville.fr\/wp-content\/uploads\/2023\/11\/IMG-20231104-WA0023-624x468.jpg 624w, http:\/\/aeroclub-abbeville.fr\/wp-content\/uploads\/2023\/11\/IMG-20231104-WA0023.jpg 1600w\" sizes=\"(max-width: 480px) 100vw, 480px\" \/><\/figure>\n<\/figure>\n\n\n\n<blockquote class=\"wp-block-quote is-layout-flow wp-block-quote-is-layout-flow\">\n<p><\/p>\n\n\n\n<p class=\"has-text-align-center\">Dehors, en plein air vous trouverez cinq <a rel=\"noreferrer noopener\" href=\"https:\/\/fr.wikipedia.org\/wiki\/Nord_2501\" target=\"_blank\">Nord Atlas<\/a> de l\u2019arm\u00e9e de l\u2019air. Cet avion c\u2019est l\u2019anc\u00eatre du <a rel=\"noreferrer noopener\" href=\"https:\/\/fr.wikipedia.org\/wiki\/C-160_Transall\" target=\"_blank\">Transall<\/a>&nbsp;et de l\u2019actuel <a rel=\"noreferrer noopener\" href=\"https:\/\/fr.wikipedia.org\/wiki\/Airbus_A400M_Atlas\" target=\"_blank\">Airbus A400M<\/a>. Actuellement, c&rsquo;est la plus grande concentration de ces avions dans le monde.&nbsp;<\/p>\n\n\n\n<p class=\"has-text-align-center\">Mais le bouquet final, c\u2019est la fameuse <a href=\"https:\/\/fr.wikipedia.org\/wiki\/Sud-Aviation_SE_210_Caravelle\" target=\"_blank\" rel=\"noreferrer noopener\">Caravelle<\/a>.<\/p>\n\n\n\n<p class=\"has-text-align-center\">Marc l\u2019a re\u00e7ue du Mus\u00e9e de l\u2019air de Nancy qui cherchait un endroit o\u00f9 la stocker. Il a lev\u00e9 la main et la voici donc \u00e0 Albert.<\/p>\n\n\n\n<p class=\"has-text-align-center\">\u00ab\u00a0<em>La Caravelle c\u2019est le fleuron de l\u2019a\u00e9ronautique europ\u00e9enne. Elle a \u00e9t\u00e9 construite par Sud-Aviation qui deviendra ensuite A\u00e9rospatiale. L\u2019antichambre d\u2019Airbus\u2026 Ces Caravelle sont les premiers avions \u00e0 r\u00e9action fran\u00e7ais.<\/em>\u00ab\u00a0<\/p>\n\n\n\n<p class=\"has-text-align-center\">Celle qui est pr\u00e9sente ici <strong>compte 40<\/strong>&nbsp;<strong>000 heures de vol et a \u00e9t\u00e9 baptis\u00e9e \u00ab\u00a0Touraine\u00a0\u00bb<\/strong>.<\/p>\n\n\n\n<p class=\"has-text-align-center\">C\u2019est une tradition chez Air France de donner des noms de villes ou de r\u00e9gions \u00e0 ses avions.<\/p>\n\n\n\n<p class=\"has-text-align-center\">\u00ab\u00a0Touraine\u00a0\u00bb a cl\u00f4tur\u00e9 en 1981 le dernier vol des <em>Caravelle<\/em> chez Air France avec le vol Amsterdam-Roissy. <strong>Dedans tout est authentique<\/strong>. Les couleurs roses des si\u00e8ges \u00e9co, le cockpit avec ses boutons m\u00e9caniques, ses coffres \u00e0 bagages o\u00f9 juste un sac \u00e0 main pourrait rentrer. Et puis, la lign\u00e9e de l\u2019appareil est d\u2019\u00e9poque avec ses lettres bleues et son logo si vintage qu\u2019il redeviendrait ultra tendance aujourd\u2019hui.<\/p>\n\n\n\n<p class=\"has-text-align-center\"><em>\u00ab\u00a0L\u00e0, j&rsquo;ai concr\u00e9tis\u00e9 un r\u00eave d&rsquo;enfant&nbsp;! Quand j&rsquo;\u00e9tais petit au lieu de faire mes devoirs je regardais les avions rouler et d\u00e9coller \u00e0 l&rsquo;a\u00e9rodrome d&rsquo;Albert. <\/em><br><em>Maintenant, ils sont dans mon jardin&nbsp;!\u00a0\u00bb<\/em><\/p>\n\n\n\n<figure class=\"wp-block-gallery has-nested-images columns-default is-cropped wp-block-gallery-5 is-layout-flex wp-block-gallery-is-layout-flex\">\n<figure class=\"wp-block-image size-large\"><img loading=\"lazy\" decoding=\"async\" width=\"1024\" height=\"768\" data-id=\"6087\" src=\"http:\/\/aeroclub-abbeville.fr\/wp-content\/uploads\/2023\/11\/IMG-20231104-WA0008-1-1024x768.jpg\" alt=\"\" class=\"wp-image-6087\" srcset=\"http:\/\/aeroclub-abbeville.fr\/wp-content\/uploads\/2023\/11\/IMG-20231104-WA0008-1-1024x768.jpg 1024w, http:\/\/aeroclub-abbeville.fr\/wp-content\/uploads\/2023\/11\/IMG-20231104-WA0008-1-480x360.jpg 480w, http:\/\/aeroclub-abbeville.fr\/wp-content\/uploads\/2023\/11\/IMG-20231104-WA0008-1-768x576.jpg 768w, http:\/\/aeroclub-abbeville.fr\/wp-content\/uploads\/2023\/11\/IMG-20231104-WA0008-1-1536x1152.jpg 1536w, http:\/\/aeroclub-abbeville.fr\/wp-content\/uploads\/2023\/11\/IMG-20231104-WA0008-1-624x468.jpg 624w, http:\/\/aeroclub-abbeville.fr\/wp-content\/uploads\/2023\/11\/IMG-20231104-WA0008-1.jpg 1600w\" sizes=\"(max-width: 1024px) 100vw, 1024px\" \/><\/figure>\n\n\n\n<figure class=\"wp-block-image size-large\"><img loading=\"lazy\" decoding=\"async\" width=\"1024\" height=\"768\" data-id=\"6092\" src=\"http:\/\/aeroclub-abbeville.fr\/wp-content\/uploads\/2023\/11\/IMG-20231104-WA0026-1024x768.jpg\" alt=\"\" class=\"wp-image-6092\" srcset=\"http:\/\/aeroclub-abbeville.fr\/wp-content\/uploads\/2023\/11\/IMG-20231104-WA0026-1024x768.jpg 1024w, http:\/\/aeroclub-abbeville.fr\/wp-content\/uploads\/2023\/11\/IMG-20231104-WA0026-480x360.jpg 480w, http:\/\/aeroclub-abbeville.fr\/wp-content\/uploads\/2023\/11\/IMG-20231104-WA0026-768x576.jpg 768w, http:\/\/aeroclub-abbeville.fr\/wp-content\/uploads\/2023\/11\/IMG-20231104-WA0026-1536x1152.jpg 1536w, http:\/\/aeroclub-abbeville.fr\/wp-content\/uploads\/2023\/11\/IMG-20231104-WA0026-624x468.jpg 624w, http:\/\/aeroclub-abbeville.fr\/wp-content\/uploads\/2023\/11\/IMG-20231104-WA0026.jpg 1600w\" sizes=\"(max-width: 1024px) 100vw, 1024px\" \/><\/figure>\n\n\n\n<figure class=\"wp-block-image size-large\"><img loading=\"lazy\" decoding=\"async\" width=\"1024\" height=\"768\" data-id=\"6089\" src=\"http:\/\/aeroclub-abbeville.fr\/wp-content\/uploads\/2023\/11\/IMG-20231104-WA0012-1024x768.jpg\" alt=\"\" class=\"wp-image-6089\" srcset=\"http:\/\/aeroclub-abbeville.fr\/wp-content\/uploads\/2023\/11\/IMG-20231104-WA0012-1024x768.jpg 1024w, http:\/\/aeroclub-abbeville.fr\/wp-content\/uploads\/2023\/11\/IMG-20231104-WA0012-480x360.jpg 480w, http:\/\/aeroclub-abbeville.fr\/wp-content\/uploads\/2023\/11\/IMG-20231104-WA0012-768x576.jpg 768w, http:\/\/aeroclub-abbeville.fr\/wp-content\/uploads\/2023\/11\/IMG-20231104-WA0012-1536x1152.jpg 1536w, http:\/\/aeroclub-abbeville.fr\/wp-content\/uploads\/2023\/11\/IMG-20231104-WA0012-624x468.jpg 624w, http:\/\/aeroclub-abbeville.fr\/wp-content\/uploads\/2023\/11\/IMG-20231104-WA0012.jpg 1600w\" sizes=\"(max-width: 1024px) 100vw, 1024px\" \/><\/figure>\n\n\n\n<figure class=\"wp-block-image size-large\"><img loading=\"lazy\" decoding=\"async\" width=\"768\" height=\"1024\" data-id=\"6090\" src=\"http:\/\/aeroclub-abbeville.fr\/wp-content\/uploads\/2023\/11\/IMG-20231104-WA0013-768x1024.jpg\" alt=\"\" class=\"wp-image-6090\" srcset=\"http:\/\/aeroclub-abbeville.fr\/wp-content\/uploads\/2023\/11\/IMG-20231104-WA0013-768x1024.jpg 768w, http:\/\/aeroclub-abbeville.fr\/wp-content\/uploads\/2023\/11\/IMG-20231104-WA0013-360x480.jpg 360w, http:\/\/aeroclub-abbeville.fr\/wp-content\/uploads\/2023\/11\/IMG-20231104-WA0013-1152x1536.jpg 1152w, http:\/\/aeroclub-abbeville.fr\/wp-content\/uploads\/2023\/11\/IMG-20231104-WA0013-624x832.jpg 624w, http:\/\/aeroclub-abbeville.fr\/wp-content\/uploads\/2023\/11\/IMG-20231104-WA0013.jpg 1200w\" sizes=\"(max-width: 768px) 100vw, 768px\" \/><\/figure>\n\n\n\n<figure class=\"wp-block-image size-large\"><img loading=\"lazy\" decoding=\"async\" width=\"768\" height=\"1024\" data-id=\"6101\" src=\"http:\/\/aeroclub-abbeville.fr\/wp-content\/uploads\/2023\/11\/IMG-20231104-WA0022-1-768x1024.jpg\" alt=\"\" class=\"wp-image-6101\" srcset=\"http:\/\/aeroclub-abbeville.fr\/wp-content\/uploads\/2023\/11\/IMG-20231104-WA0022-1-768x1024.jpg 768w, http:\/\/aeroclub-abbeville.fr\/wp-content\/uploads\/2023\/11\/IMG-20231104-WA0022-1-360x480.jpg 360w, http:\/\/aeroclub-abbeville.fr\/wp-content\/uploads\/2023\/11\/IMG-20231104-WA0022-1-1152x1536.jpg 1152w, http:\/\/aeroclub-abbeville.fr\/wp-content\/uploads\/2023\/11\/IMG-20231104-WA0022-1-624x832.jpg 624w, http:\/\/aeroclub-abbeville.fr\/wp-content\/uploads\/2023\/11\/IMG-20231104-WA0022-1.jpg 1200w\" sizes=\"(max-width: 768px) 100vw, 768px\" \/><\/figure>\n<\/figure>\n<\/blockquote>\n\n\n\n<h2 class=\"wp-block-heading has-text-align-center\">D\u00e9but de descente&#8230;<\/h2>\n\n\n\n<p class=\"has-text-align-center\">Nous esp\u00e9rons vous revoir tr\u00e8s prochainement sur notre site pour d\u2019autres rencontres passionnantes comme celle que nous avons eu la chance de faire ici. Vous l\u2019avez compris, nous entamons notre descente vers l\u2019aspect pratique des visites. <\/p>\n\n\n\n<figure class=\"wp-block-gallery has-nested-images columns-default is-cropped wp-block-gallery-6 is-layout-flex wp-block-gallery-is-layout-flex\">\n<figure class=\"wp-block-image size-large\"><img loading=\"lazy\" decoding=\"async\" width=\"768\" height=\"1024\" data-id=\"6097\" src=\"http:\/\/aeroclub-abbeville.fr\/wp-content\/uploads\/2023\/11\/IMG-20231104-WA0003-1-768x1024.jpg\" alt=\"\" class=\"wp-image-6097\" srcset=\"http:\/\/aeroclub-abbeville.fr\/wp-content\/uploads\/2023\/11\/IMG-20231104-WA0003-1-768x1024.jpg 768w, http:\/\/aeroclub-abbeville.fr\/wp-content\/uploads\/2023\/11\/IMG-20231104-WA0003-1-360x480.jpg 360w, http:\/\/aeroclub-abbeville.fr\/wp-content\/uploads\/2023\/11\/IMG-20231104-WA0003-1-1152x1536.jpg 1152w, http:\/\/aeroclub-abbeville.fr\/wp-content\/uploads\/2023\/11\/IMG-20231104-WA0003-1-624x832.jpg 624w, http:\/\/aeroclub-abbeville.fr\/wp-content\/uploads\/2023\/11\/IMG-20231104-WA0003-1.jpg 1200w\" sizes=\"(max-width: 768px) 100vw, 768px\" \/><\/figure>\n\n\n\n<figure class=\"wp-block-image size-large\"><img loading=\"lazy\" decoding=\"async\" width=\"768\" height=\"1024\" data-id=\"6096\" src=\"http:\/\/aeroclub-abbeville.fr\/wp-content\/uploads\/2023\/11\/IMG-20231104-WA0009-768x1024.jpg\" alt=\"\" class=\"wp-image-6096\" srcset=\"http:\/\/aeroclub-abbeville.fr\/wp-content\/uploads\/2023\/11\/IMG-20231104-WA0009-768x1024.jpg 768w, http:\/\/aeroclub-abbeville.fr\/wp-content\/uploads\/2023\/11\/IMG-20231104-WA0009-360x480.jpg 360w, http:\/\/aeroclub-abbeville.fr\/wp-content\/uploads\/2023\/11\/IMG-20231104-WA0009-1152x1536.jpg 1152w, http:\/\/aeroclub-abbeville.fr\/wp-content\/uploads\/2023\/11\/IMG-20231104-WA0009-624x832.jpg 624w, http:\/\/aeroclub-abbeville.fr\/wp-content\/uploads\/2023\/11\/IMG-20231104-WA0009.jpg 1200w\" sizes=\"(max-width: 768px) 100vw, 768px\" \/><\/figure>\n\n\n\n<figure class=\"wp-block-image size-large\"><img loading=\"lazy\" decoding=\"async\" width=\"1024\" height=\"768\" data-id=\"6095\" src=\"http:\/\/aeroclub-abbeville.fr\/wp-content\/uploads\/2023\/11\/IMG-20231104-WA0004-1024x768.jpg\" alt=\"\" class=\"wp-image-6095\" srcset=\"http:\/\/aeroclub-abbeville.fr\/wp-content\/uploads\/2023\/11\/IMG-20231104-WA0004-1024x768.jpg 1024w, http:\/\/aeroclub-abbeville.fr\/wp-content\/uploads\/2023\/11\/IMG-20231104-WA0004-480x360.jpg 480w, http:\/\/aeroclub-abbeville.fr\/wp-content\/uploads\/2023\/11\/IMG-20231104-WA0004-768x576.jpg 768w, http:\/\/aeroclub-abbeville.fr\/wp-content\/uploads\/2023\/11\/IMG-20231104-WA0004-1536x1152.jpg 1536w, http:\/\/aeroclub-abbeville.fr\/wp-content\/uploads\/2023\/11\/IMG-20231104-WA0004-624x468.jpg 624w, http:\/\/aeroclub-abbeville.fr\/wp-content\/uploads\/2023\/11\/IMG-20231104-WA0004.jpg 1600w\" sizes=\"(max-width: 1024px) 100vw, 1024px\" \/><\/figure>\n\n\n\n<figure class=\"wp-block-image size-large\"><img loading=\"lazy\" decoding=\"async\" width=\"768\" height=\"1024\" data-id=\"6102\" src=\"http:\/\/aeroclub-abbeville.fr\/wp-content\/uploads\/2023\/11\/IMG-20231104-WA0014-1-768x1024.jpg\" alt=\"\" class=\"wp-image-6102\" srcset=\"http:\/\/aeroclub-abbeville.fr\/wp-content\/uploads\/2023\/11\/IMG-20231104-WA0014-1-768x1024.jpg 768w, http:\/\/aeroclub-abbeville.fr\/wp-content\/uploads\/2023\/11\/IMG-20231104-WA0014-1-360x480.jpg 360w, http:\/\/aeroclub-abbeville.fr\/wp-content\/uploads\/2023\/11\/IMG-20231104-WA0014-1-1152x1536.jpg 1152w, http:\/\/aeroclub-abbeville.fr\/wp-content\/uploads\/2023\/11\/IMG-20231104-WA0014-1-624x832.jpg 624w, http:\/\/aeroclub-abbeville.fr\/wp-content\/uploads\/2023\/11\/IMG-20231104-WA0014-1.jpg 1200w\" sizes=\"(max-width: 768px) 100vw, 768px\" \/><\/figure>\n\n\n\n<figure class=\"wp-block-image size-large\"><img loading=\"lazy\" decoding=\"async\" width=\"1024\" height=\"768\" data-id=\"6093\" src=\"http:\/\/aeroclub-abbeville.fr\/wp-content\/uploads\/2023\/11\/IMG-20231104-WA0002-1024x768.jpg\" alt=\"\" class=\"wp-image-6093\" srcset=\"http:\/\/aeroclub-abbeville.fr\/wp-content\/uploads\/2023\/11\/IMG-20231104-WA0002-1024x768.jpg 1024w, http:\/\/aeroclub-abbeville.fr\/wp-content\/uploads\/2023\/11\/IMG-20231104-WA0002-480x360.jpg 480w, http:\/\/aeroclub-abbeville.fr\/wp-content\/uploads\/2023\/11\/IMG-20231104-WA0002-768x576.jpg 768w, http:\/\/aeroclub-abbeville.fr\/wp-content\/uploads\/2023\/11\/IMG-20231104-WA0002-1536x1152.jpg 1536w, http:\/\/aeroclub-abbeville.fr\/wp-content\/uploads\/2023\/11\/IMG-20231104-WA0002-624x468.jpg 624w, http:\/\/aeroclub-abbeville.fr\/wp-content\/uploads\/2023\/11\/IMG-20231104-WA0002.jpg 1600w\" sizes=\"(max-width: 1024px) 100vw, 1024px\" \/><\/figure>\n<\/figure>\n\n\n\n<p><\/p>\n\n\n\n<p class=\"has-text-align-center\"><strong>Et pour plus d&rsquo;images, consultez le site de Vincent D\u00e9taille : <a href=\"https:\/\/flic.kr\/s\/aHBqjB2aWG\">https:\/\/flic.kr\/s\/aHBqjB2aWG<\/a><\/strong><\/p>\n\n\n\n<p class=\"has-text-align-center\">Car oui, toutes ces merveilles peuvent se visiter au <br><a rel=\"noreferrer noopener\" href=\"http:\/\/www.musee-eia.com\/presentation.php\" target=\"_blank\">Mus\u00e9e de l\u2019\u00c9pop\u00e9e de l&rsquo;Industrie et de l&rsquo;A\u00e9ronautique<\/a>.<a rel=\"noreferrer noopener\" href=\"http:\/\/www.musee-eia.com\/presentation.php\" target=\"_blank\"><\/a><br>Pour cela, il faut se rendre au 17 rue de l\u2019industrie 80300 \u00e0 Albert <br>le samedi de 9h \u00e0 12h et de 14h30 \u00e0 18h.<\/p>\n\n\n\n<p>Merci \u00e0 Marc B\u00e9trancourt pour son accueil si chaleureux <br>et \u00e0 <a href=\"https:\/\/france3-regions.francetvinfo.fr\/redaction\/thibaut-rysman\">Thibaut RYSMAN<\/a> pour le texte repris de : France 3 Hauts de France<br>Merci \u00e0 Jean Claude Courbet pour son aide \u00e0 cette visite guid\u00e9e.<br>Cr\u00e9dit Photos : France 3, Vincent D\u00e9taille, Alain Fauquembergues, Pascal Sockeel<br>Montage : Fran\u00e7oise Sockeel<\/p>\n\n\n\n<p>\u00c0 bient\u00f4t pour d&rsquo;autres aventures !<\/p>\n","protected":false},"excerpt":{"rendered":"<p>Samedi 4 Novembre 2023 Quand on se prom\u00e8ne dans notre r\u00e9gion il n\u2019est pas rare de tomber sur des choses \u00e9tonnantes. Mais des choses vraiment exceptionnelles, il faut bien reconna\u00eetre que c\u2019est assez rare. Voire unique\u2026 C\u2019est le cas de Marc B\u00e9trancourt qui collectionne (entre autres) des avions ! Et des vrais, grandeur nature ! [&hellip;]<\/p>\n","protected":false},"author":211,"featured_media":0,"comment_status":"open","ping_status":"","sticky":false,"template":"","format":"standard","meta":{"inline_featured_image":false,"footnotes":""},"categories":[20,2,22,3,6,7,8,26,13,17,18,19,31],"tags":[],"class_list":["post-6063","post","type-post","status-publish","format-standard","hentry","category-actualites","category-avion","category-bia","category-club","category-formation","category-formation_avion","category-formation_planeur","category-histoire","category-planeur","category-ulm","category-vie-du-club","category-vol-a-voile","category-voyages"],"_links":{"self":[{"href":"http:\/\/aeroclub-abbeville.fr\/index.php?rest_route=\/wp\/v2\/posts\/6063","targetHints":{"allow":["GET"]}}],"collection":[{"href":"http:\/\/aeroclub-abbeville.fr\/index.php?rest_route=\/wp\/v2\/posts"}],"about":[{"href":"http:\/\/aeroclub-abbeville.fr\/index.php?rest_route=\/wp\/v2\/types\/post"}],"author":[{"embeddable":true,"href":"http:\/\/aeroclub-abbeville.fr\/index.php?rest_route=\/wp\/v2\/users\/211"}],"replies":[{"embeddable":true,"href":"http:\/\/aeroclub-abbeville.fr\/index.php?rest_route=%2Fwp%2Fv2%2Fcomments&post=6063"}],"version-history":[{"count":18,"href":"http:\/\/aeroclub-abbeville.fr\/index.php?rest_route=\/wp\/v2\/posts\/6063\/revisions"}],"predecessor-version":[{"id":6118,"href":"http:\/\/aeroclub-abbeville.fr\/index.php?rest_route=\/wp\/v2\/posts\/6063\/revisions\/6118"}],"wp:attachment":[{"href":"http:\/\/aeroclub-abbeville.fr\/index.php?rest_route=%2Fwp%2Fv2%2Fmedia&parent=6063"}],"wp:term":[{"taxonomy":"category","embeddable":true,"href":"http:\/\/aeroclub-abbeville.fr\/index.php?rest_route=%2Fwp%2Fv2%2Fcategories&post=6063"},{"taxonomy":"post_tag","embeddable":true,"href":"http:\/\/aeroclub-abbeville.fr\/index.php?rest_route=%2Fwp%2Fv2%2Ftags&post=6063"}],"curies":[{"name":"wp","href":"https:\/\/api.w.org\/{rel}","templated":true}]}}