{"id":6120,"date":"2023-12-03T16:28:03","date_gmt":"2023-12-03T15:28:03","guid":{"rendered":"http:\/\/aeroclub-abbeville.fr\/?p=6120"},"modified":"2024-03-04T19:16:03","modified_gmt":"2024-03-04T18:16:03","slug":"pour-notre-champion-abbevillois-cest-la-medaille-de-la-ville-cette-fois-aujourdhui-alexandre-fierain-est-roi","status":"publish","type":"post","link":"http:\/\/aeroclub-abbeville.fr\/?p=6120","title":{"rendered":"Pour notre Champion Abbevillois, c&rsquo;est la M\u00e9daille de la ville cette fois ! Aujourd&rsquo;hui Alexandre Fi\u00e9rain est roi !"},"content":{"rendered":"\n<p>Samedi 2 D\u00e9cembre 2023<\/p>\n\n\n\n<figure class=\"wp-block-gallery aligncenter has-nested-images columns-default is-cropped wp-block-gallery-1 is-layout-flex wp-block-gallery-is-layout-flex\">\n<figure class=\"wp-block-image size-large\"><img fetchpriority=\"high\" decoding=\"async\" width=\"768\" height=\"1024\" data-id=\"6121\" src=\"http:\/\/aeroclub-abbeville.fr\/wp-content\/uploads\/2023\/12\/IMG-20231202-WA0012-768x1024.jpg\" alt=\"\" class=\"wp-image-6121\" srcset=\"http:\/\/aeroclub-abbeville.fr\/wp-content\/uploads\/2023\/12\/IMG-20231202-WA0012-768x1024.jpg 768w, http:\/\/aeroclub-abbeville.fr\/wp-content\/uploads\/2023\/12\/IMG-20231202-WA0012-360x480.jpg 360w, http:\/\/aeroclub-abbeville.fr\/wp-content\/uploads\/2023\/12\/IMG-20231202-WA0012-1152x1536.jpg 1152w, http:\/\/aeroclub-abbeville.fr\/wp-content\/uploads\/2023\/12\/IMG-20231202-WA0012-624x832.jpg 624w, http:\/\/aeroclub-abbeville.fr\/wp-content\/uploads\/2023\/12\/IMG-20231202-WA0012.jpg 1200w\" sizes=\"(max-width: 768px) 100vw, 768px\" \/><\/figure>\n\n\n\n<figure class=\"wp-block-image size-large\"><img decoding=\"async\" width=\"460\" height=\"640\" data-id=\"6122\" src=\"http:\/\/aeroclub-abbeville.fr\/wp-content\/uploads\/2023\/12\/Invitation-Alexandre-Fierain-1.jpg\" alt=\"\" class=\"wp-image-6122\" srcset=\"http:\/\/aeroclub-abbeville.fr\/wp-content\/uploads\/2023\/12\/Invitation-Alexandre-Fierain-1.jpg 460w, http:\/\/aeroclub-abbeville.fr\/wp-content\/uploads\/2023\/12\/Invitation-Alexandre-Fierain-1-345x480.jpg 345w\" sizes=\"(max-width: 460px) 100vw, 460px\" \/><\/figure>\n\n\n\n<figure class=\"wp-block-image size-large\"><img decoding=\"async\" width=\"397\" height=\"640\" data-id=\"6123\" src=\"http:\/\/aeroclub-abbeville.fr\/wp-content\/uploads\/2023\/12\/Invitation-Alexandre-Fierain-2.jpg\" alt=\"\" class=\"wp-image-6123\" srcset=\"http:\/\/aeroclub-abbeville.fr\/wp-content\/uploads\/2023\/12\/Invitation-Alexandre-Fierain-2.jpg 397w, http:\/\/aeroclub-abbeville.fr\/wp-content\/uploads\/2023\/12\/Invitation-Alexandre-Fierain-2-298x480.jpg 298w\" sizes=\"(max-width: 397px) 100vw, 397px\" \/><\/figure>\n<\/figure>\n\n\n\n<p> <\/p>\n\n\n\n<p class=\"has-text-align-center\">Et oui, Dans le club de Vol en Planeur \u00ab\u00a0Abbeville I can fly\u00a0\u00bb, de l&rsquo;a\u00e9roclub d&rsquo;Abbeville Baie de Somme, nous pouvons compter depuis plusieurs ann\u00e9es, sur les talents d&rsquo;<strong>Alexandre Fi\u00e9rain,<\/strong> multi-champion de vol en planeur.<br>En effet, bon sang ne saurait mentir et depuis son enfance, notre ami v\u00e9livole engrange les victoires lors des comp\u00e9titions locales, r\u00e9gionales, nationales et maintenant internationales depuis sa s\u00e9lection au P\u00f4le France de la FFVP.<\/p>\n\n\n\n<figure class=\"wp-block-gallery has-nested-images columns-default is-cropped wp-block-gallery-2 is-layout-flex wp-block-gallery-is-layout-flex\">\n<figure class=\"wp-block-image size-large\"><img loading=\"lazy\" decoding=\"async\" width=\"1024\" height=\"768\" data-id=\"6124\" src=\"http:\/\/aeroclub-abbeville.fr\/wp-content\/uploads\/2023\/12\/10339318_439268146208467_446618736636328640_o-1024x768-1.jpg\" alt=\"\" class=\"wp-image-6124\" srcset=\"http:\/\/aeroclub-abbeville.fr\/wp-content\/uploads\/2023\/12\/10339318_439268146208467_446618736636328640_o-1024x768-1.jpg 1024w, http:\/\/aeroclub-abbeville.fr\/wp-content\/uploads\/2023\/12\/10339318_439268146208467_446618736636328640_o-1024x768-1-480x360.jpg 480w, http:\/\/aeroclub-abbeville.fr\/wp-content\/uploads\/2023\/12\/10339318_439268146208467_446618736636328640_o-1024x768-1-768x576.jpg 768w, http:\/\/aeroclub-abbeville.fr\/wp-content\/uploads\/2023\/12\/10339318_439268146208467_446618736636328640_o-1024x768-1-624x468.jpg 624w\" sizes=\"(max-width: 1024px) 100vw, 1024px\" \/><\/figure>\n\n\n\n<figure class=\"wp-block-image size-large\"><img loading=\"lazy\" decoding=\"async\" width=\"1024\" height=\"768\" data-id=\"6125\" src=\"http:\/\/aeroclub-abbeville.fr\/wp-content\/uploads\/2023\/12\/39273399_1146280482190693_3170114253076037632_n-1024x768.jpg\" alt=\"\" class=\"wp-image-6125\" srcset=\"http:\/\/aeroclub-abbeville.fr\/wp-content\/uploads\/2023\/12\/39273399_1146280482190693_3170114253076037632_n-1024x768.jpg 1024w, http:\/\/aeroclub-abbeville.fr\/wp-content\/uploads\/2023\/12\/39273399_1146280482190693_3170114253076037632_n-480x360.jpg 480w, http:\/\/aeroclub-abbeville.fr\/wp-content\/uploads\/2023\/12\/39273399_1146280482190693_3170114253076037632_n-768x576.jpg 768w, http:\/\/aeroclub-abbeville.fr\/wp-content\/uploads\/2023\/12\/39273399_1146280482190693_3170114253076037632_n-1536x1152.jpg 1536w, http:\/\/aeroclub-abbeville.fr\/wp-content\/uploads\/2023\/12\/39273399_1146280482190693_3170114253076037632_n-624x468.jpg 624w, http:\/\/aeroclub-abbeville.fr\/wp-content\/uploads\/2023\/12\/39273399_1146280482190693_3170114253076037632_n.jpg 2016w\" sizes=\"(max-width: 1024px) 100vw, 1024px\" \/><\/figure>\n\n\n\n<figure class=\"wp-block-image size-large\"><img loading=\"lazy\" decoding=\"async\" width=\"972\" height=\"648\" data-id=\"6126\" src=\"http:\/\/aeroclub-abbeville.fr\/wp-content\/uploads\/2023\/12\/33248878_1749922648430245_7178908419309436928_n.jpg\" alt=\"\" class=\"wp-image-6126\" srcset=\"http:\/\/aeroclub-abbeville.fr\/wp-content\/uploads\/2023\/12\/33248878_1749922648430245_7178908419309436928_n.jpg 972w, http:\/\/aeroclub-abbeville.fr\/wp-content\/uploads\/2023\/12\/33248878_1749922648430245_7178908419309436928_n-480x320.jpg 480w, http:\/\/aeroclub-abbeville.fr\/wp-content\/uploads\/2023\/12\/33248878_1749922648430245_7178908419309436928_n-768x512.jpg 768w, http:\/\/aeroclub-abbeville.fr\/wp-content\/uploads\/2023\/12\/33248878_1749922648430245_7178908419309436928_n-624x416.jpg 624w\" sizes=\"(max-width: 972px) 100vw, 972px\" \/><\/figure>\n\n\n\n<figure class=\"wp-block-image size-large\"><img loading=\"lazy\" decoding=\"async\" width=\"1024\" height=\"1010\" data-id=\"6127\" src=\"http:\/\/aeroclub-abbeville.fr\/wp-content\/uploads\/2023\/12\/128424053_1987950431340223_6041548015667791164_n-1024x1010.jpg\" alt=\"\" class=\"wp-image-6127\" srcset=\"http:\/\/aeroclub-abbeville.fr\/wp-content\/uploads\/2023\/12\/128424053_1987950431340223_6041548015667791164_n-1024x1010.jpg 1024w, http:\/\/aeroclub-abbeville.fr\/wp-content\/uploads\/2023\/12\/128424053_1987950431340223_6041548015667791164_n-480x474.jpg 480w, http:\/\/aeroclub-abbeville.fr\/wp-content\/uploads\/2023\/12\/128424053_1987950431340223_6041548015667791164_n-768x758.jpg 768w, http:\/\/aeroclub-abbeville.fr\/wp-content\/uploads\/2023\/12\/128424053_1987950431340223_6041548015667791164_n-624x616.jpg 624w, http:\/\/aeroclub-abbeville.fr\/wp-content\/uploads\/2023\/12\/128424053_1987950431340223_6041548015667791164_n.jpg 1440w\" sizes=\"(max-width: 1024px) 100vw, 1024px\" \/><\/figure>\n<\/figure>\n\n\n\n<p> <\/p>\n\n\n\n<p class=\"has-text-align-center\">Tous les moyens et les concours sont bons pour faire preuve de talent, m\u00eame lorsqu&rsquo;il s&rsquo;agit de rouler, le pilote et son planeur sont pr\u00eats \u00e0 tout !<\/p>\n\n\n\n<figure class=\"wp-block-gallery has-nested-images columns-default is-cropped wp-block-gallery-3 is-layout-flex wp-block-gallery-is-layout-flex\">\n<figure class=\"wp-block-image size-large\"><img loading=\"lazy\" decoding=\"async\" width=\"414\" height=\"414\" data-id=\"6128\" src=\"http:\/\/aeroclub-abbeville.fr\/wp-content\/uploads\/2023\/12\/219093545_944706839428482_969931494073589837_n.jpg\" alt=\"\" class=\"wp-image-6128\" srcset=\"http:\/\/aeroclub-abbeville.fr\/wp-content\/uploads\/2023\/12\/219093545_944706839428482_969931494073589837_n.jpg 414w, http:\/\/aeroclub-abbeville.fr\/wp-content\/uploads\/2023\/12\/219093545_944706839428482_969931494073589837_n-150x150.jpg 150w\" sizes=\"(max-width: 414px) 100vw, 414px\" \/><\/figure>\n\n\n\n<figure class=\"wp-block-image size-large\"><img loading=\"lazy\" decoding=\"async\" width=\"960\" height=\"540\" data-id=\"6129\" src=\"http:\/\/aeroclub-abbeville.fr\/wp-content\/uploads\/2023\/12\/14100479_790023617799583_2049614997843154908_n.jpg\" alt=\"\" class=\"wp-image-6129\" srcset=\"http:\/\/aeroclub-abbeville.fr\/wp-content\/uploads\/2023\/12\/14100479_790023617799583_2049614997843154908_n.jpg 960w, http:\/\/aeroclub-abbeville.fr\/wp-content\/uploads\/2023\/12\/14100479_790023617799583_2049614997843154908_n-480x270.jpg 480w, http:\/\/aeroclub-abbeville.fr\/wp-content\/uploads\/2023\/12\/14100479_790023617799583_2049614997843154908_n-768x432.jpg 768w, http:\/\/aeroclub-abbeville.fr\/wp-content\/uploads\/2023\/12\/14100479_790023617799583_2049614997843154908_n-624x351.jpg 624w\" sizes=\"(max-width: 960px) 100vw, 960px\" \/><\/figure>\n\n\n\n<figure class=\"wp-block-image size-large\"><img loading=\"lazy\" decoding=\"async\" width=\"414\" height=\"414\" data-id=\"6130\" src=\"http:\/\/aeroclub-abbeville.fr\/wp-content\/uploads\/2023\/12\/219596761_945299822702517_5316544332252659054_n.jpg\" alt=\"\" class=\"wp-image-6130\" srcset=\"http:\/\/aeroclub-abbeville.fr\/wp-content\/uploads\/2023\/12\/219596761_945299822702517_5316544332252659054_n.jpg 414w, http:\/\/aeroclub-abbeville.fr\/wp-content\/uploads\/2023\/12\/219596761_945299822702517_5316544332252659054_n-150x150.jpg 150w\" sizes=\"(max-width: 414px) 100vw, 414px\" \/><\/figure>\n\n\n\n<figure class=\"wp-block-image size-large\"><img loading=\"lazy\" decoding=\"async\" width=\"414\" height=\"414\" data-id=\"6131\" src=\"http:\/\/aeroclub-abbeville.fr\/wp-content\/uploads\/2023\/12\/222634722_944706116095221_8393912359364416125_n.jpg\" alt=\"\" class=\"wp-image-6131\" srcset=\"http:\/\/aeroclub-abbeville.fr\/wp-content\/uploads\/2023\/12\/222634722_944706116095221_8393912359364416125_n.jpg 414w, http:\/\/aeroclub-abbeville.fr\/wp-content\/uploads\/2023\/12\/222634722_944706116095221_8393912359364416125_n-150x150.jpg 150w\" sizes=\"(max-width: 414px) 100vw, 414px\" \/><\/figure>\n\n\n\n<figure class=\"wp-block-image size-large\"><img loading=\"lazy\" decoding=\"async\" width=\"662\" height=\"662\" data-id=\"6132\" src=\"http:\/\/aeroclub-abbeville.fr\/wp-content\/uploads\/2023\/12\/228704475_2185799748221956_8854249657003235364_n.jpg\" alt=\"\" class=\"wp-image-6132\" srcset=\"http:\/\/aeroclub-abbeville.fr\/wp-content\/uploads\/2023\/12\/228704475_2185799748221956_8854249657003235364_n.jpg 662w, http:\/\/aeroclub-abbeville.fr\/wp-content\/uploads\/2023\/12\/228704475_2185799748221956_8854249657003235364_n-480x480.jpg 480w, http:\/\/aeroclub-abbeville.fr\/wp-content\/uploads\/2023\/12\/228704475_2185799748221956_8854249657003235364_n-150x150.jpg 150w, http:\/\/aeroclub-abbeville.fr\/wp-content\/uploads\/2023\/12\/228704475_2185799748221956_8854249657003235364_n-624x624.jpg 624w\" sizes=\"(max-width: 662px) 100vw, 662px\" \/><\/figure>\n\n\n\n<figure class=\"wp-block-image size-large\"><img decoding=\"async\" data-id=\"6133\" src=\"http:\/\/aeroclub-abbeville.fr\/wp-content\/uploads\/2023\/12\/229091414_10227480441459057_1369516840242673193_n-683x1024.jpg\" alt=\"\" class=\"wp-image-6133\"\/><\/figure>\n\n\n\n<figure class=\"wp-block-image size-large\"><img loading=\"lazy\" decoding=\"async\" width=\"768\" height=\"1024\" data-id=\"6134\" src=\"http:\/\/aeroclub-abbeville.fr\/wp-content\/uploads\/2023\/12\/229133082_2185650444903553_2963475959633455337_n-768x1024.jpg\" alt=\"\" class=\"wp-image-6134\" srcset=\"http:\/\/aeroclub-abbeville.fr\/wp-content\/uploads\/2023\/12\/229133082_2185650444903553_2963475959633455337_n-768x1024.jpg 768w, http:\/\/aeroclub-abbeville.fr\/wp-content\/uploads\/2023\/12\/229133082_2185650444903553_2963475959633455337_n-360x480.jpg 360w, http:\/\/aeroclub-abbeville.fr\/wp-content\/uploads\/2023\/12\/229133082_2185650444903553_2963475959633455337_n-624x832.jpg 624w, http:\/\/aeroclub-abbeville.fr\/wp-content\/uploads\/2023\/12\/229133082_2185650444903553_2963475959633455337_n.jpg 1080w\" sizes=\"(max-width: 768px) 100vw, 768px\" \/><\/figure>\n<\/figure>\n\n\n\n<p> <\/p>\n\n\n\n<p class=\"has-text-align-center\">Alexandre a multipli\u00e9 ces derni\u00e8res saisons les victoires dans toute l&rsquo;Europe:<br>M\u00e9daille de Bronze aux Championnats d&rsquo;Europe junior 2023 de vol en planeur \u00e0 Anrborg au Danemark,<br>5\u00e8me place aux Championnats du monde junior en 2022, \u00e0 Tabor en Tch\u00e9quie, m\u00e9daille d&rsquo;or aux Championnats de Pologne 2022 \u00e0 Ostrow, et encore 1er aux Championnats des Pyr\u00e9n\u00e9es 2023 \u00e0 Santa Cilia de Jaca en Espagne.<\/p>\n\n\n<div class=\"wp-block-image\">\n<figure class=\"aligncenter size-large is-resized\"><img loading=\"lazy\" decoding=\"async\" src=\"http:\/\/aeroclub-abbeville.fr\/wp-content\/uploads\/2023\/12\/IMG-20231202-WA0010-768x1024.jpg\" alt=\"\" class=\"wp-image-6141\" width=\"576\" height=\"768\" srcset=\"http:\/\/aeroclub-abbeville.fr\/wp-content\/uploads\/2023\/12\/IMG-20231202-WA0010-768x1024.jpg 768w, http:\/\/aeroclub-abbeville.fr\/wp-content\/uploads\/2023\/12\/IMG-20231202-WA0010-360x480.jpg 360w, http:\/\/aeroclub-abbeville.fr\/wp-content\/uploads\/2023\/12\/IMG-20231202-WA0010-1152x1536.jpg 1152w, http:\/\/aeroclub-abbeville.fr\/wp-content\/uploads\/2023\/12\/IMG-20231202-WA0010-624x832.jpg 624w, http:\/\/aeroclub-abbeville.fr\/wp-content\/uploads\/2023\/12\/IMG-20231202-WA0010.jpg 1200w\" sizes=\"(max-width: 576px) 100vw, 576px\" \/><\/figure>\n<\/div>\n\n\n<p> <\/p>\n\n\n\n<p class=\"has-text-align-center\">Aujourd&rsquo;hui, Mr Pascal Demarthe, Maire d&rsquo;Abbeville, a remis la M\u00e9daille de la ville \u00e0 Alexandre, en reconnaissance de ses talents sportifs et de la promotion de notre r\u00e9gion, qu&rsquo;il a su faire conna\u00eetre au-del\u00e0 des fronti\u00e8res.<br>Un hommage bien m\u00e9rit\u00e9 !<br>Que Monsieur le Maire et son \u00e9quipe municipale soit ici remerci\u00e9s pour leur soutien sans faille \u00e0 notre a\u00e9roclub et tout particuli\u00e8rement \u00e0 la section vol en planeur !<\/p>\n\n\n\n<figure class=\"wp-block-gallery has-nested-images columns-default is-cropped wp-block-gallery-4 is-layout-flex wp-block-gallery-is-layout-flex\">\n<figure class=\"wp-block-image size-large\"><img loading=\"lazy\" decoding=\"async\" width=\"1024\" height=\"768\" data-id=\"6138\" src=\"http:\/\/aeroclub-abbeville.fr\/wp-content\/uploads\/2023\/12\/IMG-20231202-WA0000-1024x768.jpg\" alt=\"\" class=\"wp-image-6138\" srcset=\"http:\/\/aeroclub-abbeville.fr\/wp-content\/uploads\/2023\/12\/IMG-20231202-WA0000-1024x768.jpg 1024w, http:\/\/aeroclub-abbeville.fr\/wp-content\/uploads\/2023\/12\/IMG-20231202-WA0000-480x360.jpg 480w, http:\/\/aeroclub-abbeville.fr\/wp-content\/uploads\/2023\/12\/IMG-20231202-WA0000-768x576.jpg 768w, http:\/\/aeroclub-abbeville.fr\/wp-content\/uploads\/2023\/12\/IMG-20231202-WA0000-1536x1152.jpg 1536w, http:\/\/aeroclub-abbeville.fr\/wp-content\/uploads\/2023\/12\/IMG-20231202-WA0000-624x468.jpg 624w, http:\/\/aeroclub-abbeville.fr\/wp-content\/uploads\/2023\/12\/IMG-20231202-WA0000.jpg 1600w\" sizes=\"(max-width: 1024px) 100vw, 1024px\" \/><\/figure>\n\n\n\n<figure class=\"wp-block-image size-large\"><img loading=\"lazy\" decoding=\"async\" width=\"768\" height=\"1024\" data-id=\"6139\" src=\"http:\/\/aeroclub-abbeville.fr\/wp-content\/uploads\/2023\/12\/IMG-20231202-WA0005-768x1024.jpg\" alt=\"\" class=\"wp-image-6139\" srcset=\"http:\/\/aeroclub-abbeville.fr\/wp-content\/uploads\/2023\/12\/IMG-20231202-WA0005-768x1024.jpg 768w, http:\/\/aeroclub-abbeville.fr\/wp-content\/uploads\/2023\/12\/IMG-20231202-WA0005-360x480.jpg 360w, http:\/\/aeroclub-abbeville.fr\/wp-content\/uploads\/2023\/12\/IMG-20231202-WA0005-1152x1536.jpg 1152w, http:\/\/aeroclub-abbeville.fr\/wp-content\/uploads\/2023\/12\/IMG-20231202-WA0005-624x832.jpg 624w, http:\/\/aeroclub-abbeville.fr\/wp-content\/uploads\/2023\/12\/IMG-20231202-WA0005.jpg 1200w\" sizes=\"(max-width: 768px) 100vw, 768px\" \/><\/figure>\n\n\n\n<figure class=\"wp-block-image size-large\"><img loading=\"lazy\" decoding=\"async\" width=\"1024\" height=\"768\" data-id=\"6140\" src=\"http:\/\/aeroclub-abbeville.fr\/wp-content\/uploads\/2023\/12\/IMG-20231202-WA0001-1024x768.jpg\" alt=\"\" class=\"wp-image-6140\" srcset=\"http:\/\/aeroclub-abbeville.fr\/wp-content\/uploads\/2023\/12\/IMG-20231202-WA0001-1024x768.jpg 1024w, http:\/\/aeroclub-abbeville.fr\/wp-content\/uploads\/2023\/12\/IMG-20231202-WA0001-480x360.jpg 480w, http:\/\/aeroclub-abbeville.fr\/wp-content\/uploads\/2023\/12\/IMG-20231202-WA0001-768x576.jpg 768w, http:\/\/aeroclub-abbeville.fr\/wp-content\/uploads\/2023\/12\/IMG-20231202-WA0001-1536x1152.jpg 1536w, http:\/\/aeroclub-abbeville.fr\/wp-content\/uploads\/2023\/12\/IMG-20231202-WA0001-624x468.jpg 624w, http:\/\/aeroclub-abbeville.fr\/wp-content\/uploads\/2023\/12\/IMG-20231202-WA0001.jpg 1600w\" sizes=\"(max-width: 1024px) 100vw, 1024px\" \/><\/figure>\n\n\n\n<figure class=\"wp-block-image size-large\"><img loading=\"lazy\" decoding=\"async\" width=\"1024\" height=\"768\" data-id=\"6143\" src=\"http:\/\/aeroclub-abbeville.fr\/wp-content\/uploads\/2023\/12\/IMG-20231202-WA0002-1024x768.jpg\" alt=\"\" class=\"wp-image-6143\" srcset=\"http:\/\/aeroclub-abbeville.fr\/wp-content\/uploads\/2023\/12\/IMG-20231202-WA0002-1024x768.jpg 1024w, http:\/\/aeroclub-abbeville.fr\/wp-content\/uploads\/2023\/12\/IMG-20231202-WA0002-480x360.jpg 480w, http:\/\/aeroclub-abbeville.fr\/wp-content\/uploads\/2023\/12\/IMG-20231202-WA0002-768x576.jpg 768w, http:\/\/aeroclub-abbeville.fr\/wp-content\/uploads\/2023\/12\/IMG-20231202-WA0002-1536x1152.jpg 1536w, http:\/\/aeroclub-abbeville.fr\/wp-content\/uploads\/2023\/12\/IMG-20231202-WA0002-624x468.jpg 624w, http:\/\/aeroclub-abbeville.fr\/wp-content\/uploads\/2023\/12\/IMG-20231202-WA0002.jpg 1600w\" sizes=\"(max-width: 1024px) 100vw, 1024px\" \/><\/figure>\n\n\n\n<figure class=\"wp-block-image size-large\"><img loading=\"lazy\" decoding=\"async\" width=\"768\" height=\"1024\" data-id=\"6144\" src=\"http:\/\/aeroclub-abbeville.fr\/wp-content\/uploads\/2023\/12\/IMG-20231202-WA0004-768x1024.jpg\" alt=\"\" class=\"wp-image-6144\" srcset=\"http:\/\/aeroclub-abbeville.fr\/wp-content\/uploads\/2023\/12\/IMG-20231202-WA0004-768x1024.jpg 768w, http:\/\/aeroclub-abbeville.fr\/wp-content\/uploads\/2023\/12\/IMG-20231202-WA0004-360x480.jpg 360w, http:\/\/aeroclub-abbeville.fr\/wp-content\/uploads\/2023\/12\/IMG-20231202-WA0004-1152x1536.jpg 1152w, http:\/\/aeroclub-abbeville.fr\/wp-content\/uploads\/2023\/12\/IMG-20231202-WA0004-624x832.jpg 624w, http:\/\/aeroclub-abbeville.fr\/wp-content\/uploads\/2023\/12\/IMG-20231202-WA0004.jpg 1200w\" sizes=\"(max-width: 768px) 100vw, 768px\" \/><\/figure>\n\n\n\n<figure class=\"wp-block-image size-large\"><img loading=\"lazy\" decoding=\"async\" width=\"768\" height=\"1024\" data-id=\"6145\" src=\"http:\/\/aeroclub-abbeville.fr\/wp-content\/uploads\/2023\/12\/IMG-20231202-WA0006-768x1024.jpg\" alt=\"\" class=\"wp-image-6145\" srcset=\"http:\/\/aeroclub-abbeville.fr\/wp-content\/uploads\/2023\/12\/IMG-20231202-WA0006-768x1024.jpg 768w, http:\/\/aeroclub-abbeville.fr\/wp-content\/uploads\/2023\/12\/IMG-20231202-WA0006-360x480.jpg 360w, http:\/\/aeroclub-abbeville.fr\/wp-content\/uploads\/2023\/12\/IMG-20231202-WA0006-1152x1536.jpg 1152w, http:\/\/aeroclub-abbeville.fr\/wp-content\/uploads\/2023\/12\/IMG-20231202-WA0006-624x832.jpg 624w, http:\/\/aeroclub-abbeville.fr\/wp-content\/uploads\/2023\/12\/IMG-20231202-WA0006.jpg 1200w\" sizes=\"(max-width: 768px) 100vw, 768px\" \/><\/figure>\n\n\n\n<figure class=\"wp-block-image size-large\"><img loading=\"lazy\" decoding=\"async\" width=\"768\" height=\"1024\" data-id=\"6146\" src=\"http:\/\/aeroclub-abbeville.fr\/wp-content\/uploads\/2023\/12\/IMG-20231202-WA0007-768x1024.jpg\" alt=\"\" class=\"wp-image-6146\" srcset=\"http:\/\/aeroclub-abbeville.fr\/wp-content\/uploads\/2023\/12\/IMG-20231202-WA0007-768x1024.jpg 768w, http:\/\/aeroclub-abbeville.fr\/wp-content\/uploads\/2023\/12\/IMG-20231202-WA0007-360x480.jpg 360w, http:\/\/aeroclub-abbeville.fr\/wp-content\/uploads\/2023\/12\/IMG-20231202-WA0007-1152x1536.jpg 1152w, http:\/\/aeroclub-abbeville.fr\/wp-content\/uploads\/2023\/12\/IMG-20231202-WA0007-624x832.jpg 624w, http:\/\/aeroclub-abbeville.fr\/wp-content\/uploads\/2023\/12\/IMG-20231202-WA0007.jpg 1200w\" sizes=\"(max-width: 768px) 100vw, 768px\" \/><\/figure>\n\n\n\n<figure class=\"wp-block-image size-large\"><img loading=\"lazy\" decoding=\"async\" width=\"768\" height=\"1024\" data-id=\"6147\" src=\"http:\/\/aeroclub-abbeville.fr\/wp-content\/uploads\/2023\/12\/IMG-20231202-WA0008-768x1024.jpg\" alt=\"\" class=\"wp-image-6147\" srcset=\"http:\/\/aeroclub-abbeville.fr\/wp-content\/uploads\/2023\/12\/IMG-20231202-WA0008-768x1024.jpg 768w, http:\/\/aeroclub-abbeville.fr\/wp-content\/uploads\/2023\/12\/IMG-20231202-WA0008-360x480.jpg 360w, http:\/\/aeroclub-abbeville.fr\/wp-content\/uploads\/2023\/12\/IMG-20231202-WA0008-1152x1536.jpg 1152w, http:\/\/aeroclub-abbeville.fr\/wp-content\/uploads\/2023\/12\/IMG-20231202-WA0008-624x832.jpg 624w, http:\/\/aeroclub-abbeville.fr\/wp-content\/uploads\/2023\/12\/IMG-20231202-WA0008.jpg 1200w\" sizes=\"(max-width: 768px) 100vw, 768px\" \/><\/figure>\n\n\n\n<figure class=\"wp-block-image size-large\"><img loading=\"lazy\" decoding=\"async\" width=\"768\" height=\"1024\" data-id=\"6150\" src=\"http:\/\/aeroclub-abbeville.fr\/wp-content\/uploads\/2023\/12\/IMG-20231202-WA0009-768x1024.jpg\" alt=\"\" class=\"wp-image-6150\" srcset=\"http:\/\/aeroclub-abbeville.fr\/wp-content\/uploads\/2023\/12\/IMG-20231202-WA0009-768x1024.jpg 768w, http:\/\/aeroclub-abbeville.fr\/wp-content\/uploads\/2023\/12\/IMG-20231202-WA0009-360x480.jpg 360w, http:\/\/aeroclub-abbeville.fr\/wp-content\/uploads\/2023\/12\/IMG-20231202-WA0009-1152x1536.jpg 1152w, http:\/\/aeroclub-abbeville.fr\/wp-content\/uploads\/2023\/12\/IMG-20231202-WA0009-624x832.jpg 624w, http:\/\/aeroclub-abbeville.fr\/wp-content\/uploads\/2023\/12\/IMG-20231202-WA0009.jpg 1200w\" sizes=\"(max-width: 768px) 100vw, 768px\" \/><\/figure>\n\n\n\n<figure class=\"wp-block-image size-large\"><img loading=\"lazy\" decoding=\"async\" width=\"1024\" height=\"768\" data-id=\"6149\" src=\"http:\/\/aeroclub-abbeville.fr\/wp-content\/uploads\/2023\/12\/IMG-20231202-WA0011-1024x768.jpg\" alt=\"\" class=\"wp-image-6149\" srcset=\"http:\/\/aeroclub-abbeville.fr\/wp-content\/uploads\/2023\/12\/IMG-20231202-WA0011-1024x768.jpg 1024w, http:\/\/aeroclub-abbeville.fr\/wp-content\/uploads\/2023\/12\/IMG-20231202-WA0011-480x360.jpg 480w, http:\/\/aeroclub-abbeville.fr\/wp-content\/uploads\/2023\/12\/IMG-20231202-WA0011-768x576.jpg 768w, http:\/\/aeroclub-abbeville.fr\/wp-content\/uploads\/2023\/12\/IMG-20231202-WA0011-1536x1152.jpg 1536w, http:\/\/aeroclub-abbeville.fr\/wp-content\/uploads\/2023\/12\/IMG-20231202-WA0011-624x468.jpg 624w, http:\/\/aeroclub-abbeville.fr\/wp-content\/uploads\/2023\/12\/IMG-20231202-WA0011.jpg 1600w\" sizes=\"(max-width: 1024px) 100vw, 1024px\" \/><\/figure>\n<\/figure>\n\n\n\n<p> <\/p>\n\n\n\n<p class=\"has-text-align-center\">Toute la famille pr\u00e9sente est fi\u00e8re de toi, Champion !<br>Continue \u00e0 nous faire r\u00eaver !<br>On compte sur toi !<\/p>\n\n\n\n<figure class=\"wp-block-image size-full\"><img loading=\"lazy\" decoding=\"async\" width=\"1024\" height=\"525\" src=\"http:\/\/aeroclub-abbeville.fr\/wp-content\/uploads\/2023\/12\/211984185_2163332133802051_8634046561030409139_n.jpg\" alt=\"\" class=\"wp-image-6152\" srcset=\"http:\/\/aeroclub-abbeville.fr\/wp-content\/uploads\/2023\/12\/211984185_2163332133802051_8634046561030409139_n.jpg 1024w, http:\/\/aeroclub-abbeville.fr\/wp-content\/uploads\/2023\/12\/211984185_2163332133802051_8634046561030409139_n-480x246.jpg 480w, http:\/\/aeroclub-abbeville.fr\/wp-content\/uploads\/2023\/12\/211984185_2163332133802051_8634046561030409139_n-768x394.jpg 768w, http:\/\/aeroclub-abbeville.fr\/wp-content\/uploads\/2023\/12\/211984185_2163332133802051_8634046561030409139_n-624x320.jpg 624w\" sizes=\"(max-width: 1024px) 100vw, 1024px\" \/><\/figure>\n\n\n\n<p> <\/p>\n\n\n\n<p>Cr\u00e9dits Photos Alexandre Fi\u00e9rain<br>Texte et montage Fran\u00e7oise Sockeel<\/p>\n\n\n\n<p>\u00c0 bient\u00f4t pour de nouvelles aventures <\/p>\n","protected":false},"excerpt":{"rendered":"<p>Samedi 2 D\u00e9cembre 2023 Et oui, Dans le club de Vol en Planeur \u00ab\u00a0Abbeville I can fly\u00a0\u00bb, de l&rsquo;a\u00e9roclub d&rsquo;Abbeville Baie de Somme, nous pouvons compter depuis plusieurs ann\u00e9es, sur les talents d&rsquo;Alexandre Fi\u00e9rain, multi-champion de vol en planeur.En effet, bon sang ne saurait mentir et depuis son enfance, notre ami v\u00e9livole engrange les victoires [&hellip;]<\/p>\n","protected":false},"author":211,"featured_media":0,"comment_status":"open","ping_status":"","sticky":false,"template":"","format":"standard","meta":{"inline_featured_image":false,"footnotes":""},"categories":[20,21,2,3,4,8,11,1,13,14,18,19,31],"tags":[],"class_list":["post-6120","post","type-post","status-publish","format-standard","hentry","category-actualites","category-arrosages-fetes","category-avion","category-club","category-competitions","category-formation_planeur","category-manifestations","category-non-classe","category-planeur","category-presse","category-vie-du-club","category-vol-a-voile","category-voyages"],"_links":{"self":[{"href":"http:\/\/aeroclub-abbeville.fr\/index.php?rest_route=\/wp\/v2\/posts\/6120","targetHints":{"allow":["GET"]}}],"collection":[{"href":"http:\/\/aeroclub-abbeville.fr\/index.php?rest_route=\/wp\/v2\/posts"}],"about":[{"href":"http:\/\/aeroclub-abbeville.fr\/index.php?rest_route=\/wp\/v2\/types\/post"}],"author":[{"embeddable":true,"href":"http:\/\/aeroclub-abbeville.fr\/index.php?rest_route=\/wp\/v2\/users\/211"}],"replies":[{"embeddable":true,"href":"http:\/\/aeroclub-abbeville.fr\/index.php?rest_route=%2Fwp%2Fv2%2Fcomments&post=6120"}],"version-history":[{"count":13,"href":"http:\/\/aeroclub-abbeville.fr\/index.php?rest_route=\/wp\/v2\/posts\/6120\/revisions"}],"predecessor-version":[{"id":6160,"href":"http:\/\/aeroclub-abbeville.fr\/index.php?rest_route=\/wp\/v2\/posts\/6120\/revisions\/6160"}],"wp:attachment":[{"href":"http:\/\/aeroclub-abbeville.fr\/index.php?rest_route=%2Fwp%2Fv2%2Fmedia&parent=6120"}],"wp:term":[{"taxonomy":"category","embeddable":true,"href":"http:\/\/aeroclub-abbeville.fr\/index.php?rest_route=%2Fwp%2Fv2%2Fcategories&post=6120"},{"taxonomy":"post_tag","embeddable":true,"href":"http:\/\/aeroclub-abbeville.fr\/index.php?rest_route=%2Fwp%2Fv2%2Ftags&post=6120"}],"curies":[{"name":"wp","href":"https:\/\/api.w.org\/{rel}","templated":true}]}}