{"id":6213,"date":"2024-03-04T19:20:45","date_gmt":"2024-03-04T18:20:45","guid":{"rendered":"http:\/\/aeroclub-abbeville.fr\/?p=6213"},"modified":"2024-03-04T19:29:03","modified_gmt":"2024-03-04T18:29:03","slug":"laeroclub-en-mars","status":"publish","type":"post","link":"http:\/\/aeroclub-abbeville.fr\/?p=6213","title":{"rendered":"L&rsquo;a\u00e9roclub en mars"},"content":{"rendered":"\n<p>Au programme pour ce mois de mars:<\/p>\n\n\n\n<p>1- Arriv\u00e9e imminente de notre nouvel avion BRISTEL B23<\/p>\n\n\n\n<p>La formation sur cet appareil commencera d\u00e8s que possible.<\/p>\n\n\n\n<figure class=\"wp-block-image size-full\"><img decoding=\"async\" width=\"308\" height=\"162\" src=\"http:\/\/aeroclub-abbeville.fr\/wp-content\/uploads\/2024\/03\/Photo-F-HHJP-statique-2-PETITE.jpg\" alt=\"\" class=\"wp-image-6210\"\/><\/figure>\n\n\n\n<p>2- Assembl\u00e9e g\u00e9n\u00e9rale annuelle: elle aura lieu le samedi 23 mars \u00e0 17 h et sera pr\u00e9c\u00e9d\u00e9e par la pr\u00e9sentation au public du B23 \u00e0 15h30.<\/p>\n\n\n\n<p>L&rsquo;AG sera suivie d&rsquo;un cocktail d\u00eenatoire.<\/p>\n\n\n\n<p>3- Comit\u00e9 r\u00e9gional A\u00e9ronautique des Hauts de France: le samedi 2 mars \u00e0 LENS<\/p>\n\n\n\n<p>4- Comit\u00e9 r\u00e9gional ULM des Hauts de France: 17 mars \u00e0 ARRAS<\/p>\n\n\n\n<p>5- Vols de reprise en ULM: gr\u00e2ce \u00e0 la FFPLUM vous pouvez effectuer une REV (remise en vol) avec un instructeur et b\u00e9n\u00e9ficier d&rsquo;une aide de 60\u20ac. Contactez directement un instructeur.<\/p>\n\n\n\n<figure class=\"wp-block-image size-full\"><img fetchpriority=\"high\" decoding=\"async\" width=\"807\" height=\"454\" src=\"http:\/\/aeroclub-abbeville.fr\/wp-content\/uploads\/2022\/09\/Aurelien-DUBOIS-Brevet-ULM-2022.jpg\" alt=\"\" class=\"wp-image-5666\" srcset=\"http:\/\/aeroclub-abbeville.fr\/wp-content\/uploads\/2022\/09\/Aurelien-DUBOIS-Brevet-ULM-2022.jpg 807w, http:\/\/aeroclub-abbeville.fr\/wp-content\/uploads\/2022\/09\/Aurelien-DUBOIS-Brevet-ULM-2022-480x270.jpg 480w, http:\/\/aeroclub-abbeville.fr\/wp-content\/uploads\/2022\/09\/Aurelien-DUBOIS-Brevet-ULM-2022-768x432.jpg 768w, http:\/\/aeroclub-abbeville.fr\/wp-content\/uploads\/2022\/09\/Aurelien-DUBOIS-Brevet-ULM-2022-624x351.jpg 624w\" sizes=\"(max-width: 807px) 100vw, 807px\" \/><\/figure>\n\n\n\n<p>6- Reprise de l&rsquo;activit\u00e9 planeur: gr\u00e2ce \u00e0 Olivier et \u00e0 quelques autres, les planeurs sont pr\u00eats pour la nouvelle saison. Si la m\u00e9t\u00e9o le veut bien, les vols recommenceront d\u00e8s que possible.<\/p>\n\n\n\n<figure class=\"wp-block-image size-full\"><img decoding=\"async\" width=\"414\" height=\"414\" src=\"http:\/\/aeroclub-abbeville.fr\/wp-content\/uploads\/2021\/08\/220792252_944109186154914_2435349614671897387_n.jpg\" alt=\"\" class=\"wp-image-4790\" srcset=\"http:\/\/aeroclub-abbeville.fr\/wp-content\/uploads\/2021\/08\/220792252_944109186154914_2435349614671897387_n.jpg 414w, http:\/\/aeroclub-abbeville.fr\/wp-content\/uploads\/2021\/08\/220792252_944109186154914_2435349614671897387_n-150x150.jpg 150w\" sizes=\"(max-width: 414px) 100vw, 414px\" \/><\/figure>\n","protected":false},"excerpt":{"rendered":"<p>Au programme pour ce mois de mars: 1- Arriv\u00e9e imminente de notre nouvel avion BRISTEL B23 La formation sur cet appareil commencera d\u00e8s que possible. 2- Assembl\u00e9e g\u00e9n\u00e9rale annuelle: elle aura lieu le samedi 23 mars \u00e0 17 h et sera pr\u00e9c\u00e9d\u00e9e par la pr\u00e9sentation au public du B23 \u00e0 15h30. L&rsquo;AG sera suivie d&rsquo;un [&hellip;]<\/p>\n","protected":false},"author":20,"featured_media":0,"comment_status":"open","ping_status":"","sticky":false,"template":"","format":"standard","meta":{"inline_featured_image":false,"footnotes":""},"categories":[20,3,1,18],"tags":[],"class_list":["post-6213","post","type-post","status-publish","format-standard","hentry","category-actualites","category-club","category-non-classe","category-vie-du-club"],"_links":{"self":[{"href":"http:\/\/aeroclub-abbeville.fr\/index.php?rest_route=\/wp\/v2\/posts\/6213","targetHints":{"allow":["GET"]}}],"collection":[{"href":"http:\/\/aeroclub-abbeville.fr\/index.php?rest_route=\/wp\/v2\/posts"}],"about":[{"href":"http:\/\/aeroclub-abbeville.fr\/index.php?rest_route=\/wp\/v2\/types\/post"}],"author":[{"embeddable":true,"href":"http:\/\/aeroclub-abbeville.fr\/index.php?rest_route=\/wp\/v2\/users\/20"}],"replies":[{"embeddable":true,"href":"http:\/\/aeroclub-abbeville.fr\/index.php?rest_route=%2Fwp%2Fv2%2Fcomments&post=6213"}],"version-history":[{"count":5,"href":"http:\/\/aeroclub-abbeville.fr\/index.php?rest_route=\/wp\/v2\/posts\/6213\/revisions"}],"predecessor-version":[{"id":6219,"href":"http:\/\/aeroclub-abbeville.fr\/index.php?rest_route=\/wp\/v2\/posts\/6213\/revisions\/6219"}],"wp:attachment":[{"href":"http:\/\/aeroclub-abbeville.fr\/index.php?rest_route=%2Fwp%2Fv2%2Fmedia&parent=6213"}],"wp:term":[{"taxonomy":"category","embeddable":true,"href":"http:\/\/aeroclub-abbeville.fr\/index.php?rest_route=%2Fwp%2Fv2%2Fcategories&post=6213"},{"taxonomy":"post_tag","embeddable":true,"href":"http:\/\/aeroclub-abbeville.fr\/index.php?rest_route=%2Fwp%2Fv2%2Ftags&post=6213"}],"curies":[{"name":"wp","href":"https:\/\/api.w.org\/{rel}","templated":true}]}}