{"id":6222,"date":"2024-04-08T08:53:40","date_gmt":"2024-04-08T07:53:40","guid":{"rendered":"http:\/\/aeroclub-abbeville.fr\/?p=6222"},"modified":"2024-04-08T08:53:40","modified_gmt":"2024-04-08T07:53:40","slug":"laeroclub-en-avril","status":"publish","type":"post","link":"http:\/\/aeroclub-abbeville.fr\/?p=6222","title":{"rendered":"L&rsquo;a\u00e9roclub en avril"},"content":{"rendered":"\n<ul class=\"wp-block-list\">\n<li>Nous sommes toujours en attente de notre nouvel avion BRISTEL B23. Un progr\u00e8s toutefois depuis la derni\u00e8re annonce: il est arriv\u00e9 en France \u00e0 VILLEFRANCHE bien \u00e0 l&rsquo;abri chez l&rsquo;importateur en attendant son convoyage vers Abbeville toujours compromis par une m\u00e9t\u00e9o calamiteuse. Une nouvelle rassurante quoique bien normale: son comportement a \u00e9t\u00e9 parfait lors du vol Tch\u00e9quie-France.<\/li>\n\n\n\n<li>R\u00e9union du Comit\u00e9 R\u00e9gional de Vol en Planeur ce dimanche 7 avril \u00e0 MAUBEUGE. Mathieu CAUDRELIER repr\u00e9sentera l&rsquo;a\u00e9roclub.<\/li>\n\n\n\n<li>Un nouvel adh\u00e9rent en ce d\u00e9but avril: Marc H. (Section ULM)<\/li>\n\n\n\n<li>R\u00e9union s\u00e9curit\u00e9 pour les usagers de la plateforme le vendredi 12 avril \u00e0 14h dans la salle de cours Bessie COLEMAN.<\/li>\n\n\n\n<li>Remise en vol ulm (REV): tous les pilotes qui n&rsquo;en n&rsquo;ont pas encore profit\u00e9 peuvent encore le faire et b\u00e9n\u00e9ficier de l&rsquo;aide f\u00e9d\u00e9rale. Contacter directement un instructeur.<\/li>\n<\/ul>\n","protected":false},"excerpt":{"rendered":"","protected":false},"author":20,"featured_media":0,"comment_status":"open","ping_status":"","sticky":false,"template":"","format":"standard","meta":{"inline_featured_image":false,"footnotes":""},"categories":[1],"tags":[],"class_list":["post-6222","post","type-post","status-publish","format-standard","hentry","category-non-classe"],"_links":{"self":[{"href":"http:\/\/aeroclub-abbeville.fr\/index.php?rest_route=\/wp\/v2\/posts\/6222","targetHints":{"allow":["GET"]}}],"collection":[{"href":"http:\/\/aeroclub-abbeville.fr\/index.php?rest_route=\/wp\/v2\/posts"}],"about":[{"href":"http:\/\/aeroclub-abbeville.fr\/index.php?rest_route=\/wp\/v2\/types\/post"}],"author":[{"embeddable":true,"href":"http:\/\/aeroclub-abbeville.fr\/index.php?rest_route=\/wp\/v2\/users\/20"}],"replies":[{"embeddable":true,"href":"http:\/\/aeroclub-abbeville.fr\/index.php?rest_route=%2Fwp%2Fv2%2Fcomments&post=6222"}],"version-history":[{"count":1,"href":"http:\/\/aeroclub-abbeville.fr\/index.php?rest_route=\/wp\/v2\/posts\/6222\/revisions"}],"predecessor-version":[{"id":6223,"href":"http:\/\/aeroclub-abbeville.fr\/index.php?rest_route=\/wp\/v2\/posts\/6222\/revisions\/6223"}],"wp:attachment":[{"href":"http:\/\/aeroclub-abbeville.fr\/index.php?rest_route=%2Fwp%2Fv2%2Fmedia&parent=6222"}],"wp:term":[{"taxonomy":"category","embeddable":true,"href":"http:\/\/aeroclub-abbeville.fr\/index.php?rest_route=%2Fwp%2Fv2%2Fcategories&post=6222"},{"taxonomy":"post_tag","embeddable":true,"href":"http:\/\/aeroclub-abbeville.fr\/index.php?rest_route=%2Fwp%2Fv2%2Ftags&post=6222"}],"curies":[{"name":"wp","href":"https:\/\/api.w.org\/{rel}","templated":true}]}}