{"id":6228,"date":"2024-04-21T07:36:53","date_gmt":"2024-04-21T06:36:53","guid":{"rendered":"http:\/\/aeroclub-abbeville.fr\/?p=6228"},"modified":"2024-04-21T07:36:53","modified_gmt":"2024-04-21T06:36:53","slug":"le-b23-est-arrive","status":"publish","type":"post","link":"http:\/\/aeroclub-abbeville.fr\/?p=6228","title":{"rendered":"Le B23 est arriv\u00e9"},"content":{"rendered":"\n<p>Apr\u00e8s d&rsquo;interminables p\u00e9rip\u00e9ties dues \u00e0 la m\u00e9t\u00e9o, notre B23 est arriv\u00e9 ce samedi en fin d&rsquo;apr\u00e8s midi, convoy\u00e9 par Fran\u00e7ois et Xavier.<\/p>\n\n\n\n<p>Leur impression est enthousiaste \u00e0 l&rsquo;issue de ce premier vol.<\/p>\n\n\n\n<figure class=\"wp-block-image size-full\"><img fetchpriority=\"high\" decoding=\"async\" width=\"800\" height=\"598\" src=\"http:\/\/aeroclub-abbeville.fr\/wp-content\/uploads\/2024\/04\/B23-4-reduite.jpg\" alt=\"\" class=\"wp-image-6231\" srcset=\"http:\/\/aeroclub-abbeville.fr\/wp-content\/uploads\/2024\/04\/B23-4-reduite.jpg 800w, http:\/\/aeroclub-abbeville.fr\/wp-content\/uploads\/2024\/04\/B23-4-reduite-480x359.jpg 480w, http:\/\/aeroclub-abbeville.fr\/wp-content\/uploads\/2024\/04\/B23-4-reduite-768x574.jpg 768w, http:\/\/aeroclub-abbeville.fr\/wp-content\/uploads\/2024\/04\/B23-4-reduite-624x466.jpg 624w\" sizes=\"(max-width: 800px) 100vw, 800px\" \/><\/figure>\n\n\n\n<figure class=\"wp-block-image size-full\"><img decoding=\"async\" width=\"800\" height=\"598\" src=\"http:\/\/aeroclub-abbeville.fr\/wp-content\/uploads\/2024\/04\/B23-1-reduite.jpg\" alt=\"\" class=\"wp-image-6230\" srcset=\"http:\/\/aeroclub-abbeville.fr\/wp-content\/uploads\/2024\/04\/B23-1-reduite.jpg 800w, http:\/\/aeroclub-abbeville.fr\/wp-content\/uploads\/2024\/04\/B23-1-reduite-480x359.jpg 480w, http:\/\/aeroclub-abbeville.fr\/wp-content\/uploads\/2024\/04\/B23-1-reduite-768x574.jpg 768w, http:\/\/aeroclub-abbeville.fr\/wp-content\/uploads\/2024\/04\/B23-1-reduite-624x466.jpg 624w\" sizes=\"(max-width: 800px) 100vw, 800px\" \/><\/figure>\n\n\n\n\n\n<figure class=\"wp-block-image size-full\"><img decoding=\"async\" width=\"800\" height=\"598\" src=\"http:\/\/aeroclub-abbeville.fr\/wp-content\/uploads\/2024\/04\/B23-6-reduite.jpg\" alt=\"\" class=\"wp-image-6233\" srcset=\"http:\/\/aeroclub-abbeville.fr\/wp-content\/uploads\/2024\/04\/B23-6-reduite.jpg 800w, http:\/\/aeroclub-abbeville.fr\/wp-content\/uploads\/2024\/04\/B23-6-reduite-480x359.jpg 480w, http:\/\/aeroclub-abbeville.fr\/wp-content\/uploads\/2024\/04\/B23-6-reduite-768x574.jpg 768w, http:\/\/aeroclub-abbeville.fr\/wp-content\/uploads\/2024\/04\/B23-6-reduite-624x466.jpg 624w\" sizes=\"(max-width: 800px) 100vw, 800px\" \/><\/figure>\n","protected":false},"excerpt":{"rendered":"<p>Apr\u00e8s d&rsquo;interminables p\u00e9rip\u00e9ties dues \u00e0 la m\u00e9t\u00e9o, notre B23 est arriv\u00e9 ce samedi en fin d&rsquo;apr\u00e8s midi, convoy\u00e9 par Fran\u00e7ois et Xavier. Leur impression est enthousiaste \u00e0 l&rsquo;issue de ce premier vol.<\/p>\n","protected":false},"author":20,"featured_media":0,"comment_status":"open","ping_status":"","sticky":false,"template":"","format":"standard","meta":{"inline_featured_image":false,"footnotes":""},"categories":[1],"tags":[],"class_list":["post-6228","post","type-post","status-publish","format-standard","hentry","category-non-classe"],"_links":{"self":[{"href":"http:\/\/aeroclub-abbeville.fr\/index.php?rest_route=\/wp\/v2\/posts\/6228","targetHints":{"allow":["GET"]}}],"collection":[{"href":"http:\/\/aeroclub-abbeville.fr\/index.php?rest_route=\/wp\/v2\/posts"}],"about":[{"href":"http:\/\/aeroclub-abbeville.fr\/index.php?rest_route=\/wp\/v2\/types\/post"}],"author":[{"embeddable":true,"href":"http:\/\/aeroclub-abbeville.fr\/index.php?rest_route=\/wp\/v2\/users\/20"}],"replies":[{"embeddable":true,"href":"http:\/\/aeroclub-abbeville.fr\/index.php?rest_route=%2Fwp%2Fv2%2Fcomments&post=6228"}],"version-history":[{"count":2,"href":"http:\/\/aeroclub-abbeville.fr\/index.php?rest_route=\/wp\/v2\/posts\/6228\/revisions"}],"predecessor-version":[{"id":6234,"href":"http:\/\/aeroclub-abbeville.fr\/index.php?rest_route=\/wp\/v2\/posts\/6228\/revisions\/6234"}],"wp:attachment":[{"href":"http:\/\/aeroclub-abbeville.fr\/index.php?rest_route=%2Fwp%2Fv2%2Fmedia&parent=6228"}],"wp:term":[{"taxonomy":"category","embeddable":true,"href":"http:\/\/aeroclub-abbeville.fr\/index.php?rest_route=%2Fwp%2Fv2%2Fcategories&post=6228"},{"taxonomy":"post_tag","embeddable":true,"href":"http:\/\/aeroclub-abbeville.fr\/index.php?rest_route=%2Fwp%2Fv2%2Ftags&post=6228"}],"curies":[{"name":"wp","href":"https:\/\/api.w.org\/{rel}","templated":true}]}}