{"id":6319,"date":"2025-04-21T23:09:53","date_gmt":"2025-04-21T22:09:53","guid":{"rendered":"http:\/\/aeroclub-abbeville.fr\/?p=6319"},"modified":"2025-04-22T09:54:09","modified_gmt":"2025-04-22T08:54:09","slug":"invitation-au-week-end-de-laviation-pionniere","status":"publish","type":"post","link":"http:\/\/aeroclub-abbeville.fr\/?p=6319","title":{"rendered":"Invitation au Week-end de l\u2019Aviation Pionni\u00e8re"},"content":{"rendered":"\n<p>Madame, Monsieur,<\/p>\n\n\n\n<p class=\"has-small-font-size\"><\/p>\n\n\n\n<p>Nous serions heureux de vous recevoir \u00e0 notre f\u00eate a\u00e9rienne, dont voici le d\u00e9tail et le programme.<\/p>\n\n\n\n<p>Le samedi&nbsp;26 et le dimanche&nbsp;27&nbsp;avril&nbsp;2025, de 10&nbsp;h&nbsp;00 \u00e0 18&nbsp;h&nbsp;00, prenez votre envol en direction de l\u2019a\u00e9rodrome d\u2019Abbeville&nbsp;\u2013 Buigny-Saint-Maclou.<\/p>\n\n\n\n<p>La Sous-Pr\u00e9fecture d\u2019Abbeville, l\u2019Amicale des Usagers de l&rsquo;A\u00e9rodrome d&rsquo;Abbeville et l\u2019Association Fran\u00e7aise des Femmes Pilotes (AFFP) ont l\u2019honneur de vous convier au week-end \u00ab&nbsp;aviation pionni\u00e8re et diversit\u00e9&nbsp;\u00bb pour d\u00e9couvrir l\u2019aviation sous un angle in\u00e9dit !<\/p>\n\n\n\n<p>Visite de l\u2019a\u00e9rodrome, expositions d\u2019a\u00e9ronefs, vols d\u2019initiation, pr\u00e9sentation de parcours de femmes pilotes, exposition de l\u2019histoire des femmes dans l&rsquo;aviation par les coll\u00e9giens de Saint-Pierre, pr\u00e9sence de l\u2019arm\u00e9e de l\u2019Air (Escadrille Air Jeunesse), de l\u2019a\u00e9ronavale, conf\u00e9rences sur des bandes dessin\u00e9es, t\u00e9moignages\u2026 vous trouverez le programme complet de l\u2019\u00e9v\u00e8nement sur le site d\u00e9di\u00e9, en cliquant sur ce lien :<br><strong><a href=\"https:\/\/aviationpionni\u00e8re.my.canva.site\/\" target=\"_blank\" rel=\"noreferrer noopener\">https:\/\/aviationpionni\u00e8re.my.canva.site\/<\/a><\/strong><\/p>\n\n\n\n<p>N\u2019h\u00e9sitez pas \u00e0 diffuser cette annonce autour de vous !<\/p>\n\n\n\n<p class=\"has-small-font-size\"><\/p>\n\n\n\n<p>Bien cordialement,<\/p>\n\n\n\n<p>Le P\u00f4le D\u00e9veloppement Local de la Sous-pr\u00e9fecture d&rsquo;Abbeville<br><br>Fran\u00e7oise Sockeel<br>Pr\u00e9sidente de la Commission Histoire de l&rsquo;AFFP<br>D\u00e9l\u00e9gu\u00e9e R\u00e9gionale des Hauts de France de l&rsquo;AFFP<br>Secr\u00e9taire G\u00e9n\u00e9rale de l&rsquo;A\u00e9roclub d&rsquo;Abbeville&nbsp;\u2013 Buigny&nbsp;\u2013 Baie de Somme<br>Secr\u00e9taire de l&rsquo;Amicale des Usagers de l&rsquo;A\u00e9rodrome d&rsquo;Abbeville (LFOI)<\/p>\n\n\n\n<p>Nicolas Bleuse<br>Secr\u00e9taire de la Section Vol Moteur de l\u2019A\u00e9roclub d&rsquo;Abbeville&nbsp;\u2013 Buigny&nbsp;\u2013 Baie de Somme<\/p>\n\n\n\n<p class=\"has-small-font-size\"><\/p>\n\n\n\n<figure class=\"wp-block-gallery has-nested-images columns-default wp-block-gallery-1 is-layout-flex wp-block-gallery-is-layout-flex\">\n<figure class=\"wp-block-image size-full\"><a href=\"https:\/\/aviationpionni\u00e8re.my.canva.site\/\" target=\"_blank\" rel=\"noreferrer noopener\"><img fetchpriority=\"high\" decoding=\"async\" width=\"1134\" height=\"1534\" data-id=\"6320\" src=\"http:\/\/aeroclub-abbeville.fr\/wp-content\/uploads\/2025\/04\/1000030607.jpg\" alt=\"Affiche\" class=\"wp-image-6320\" title=\"Affiche Aviation Pionni\u00e8re\" srcset=\"http:\/\/aeroclub-abbeville.fr\/wp-content\/uploads\/2025\/04\/1000030607.jpg 1134w, http:\/\/aeroclub-abbeville.fr\/wp-content\/uploads\/2025\/04\/1000030607-355x480.jpg 355w, http:\/\/aeroclub-abbeville.fr\/wp-content\/uploads\/2025\/04\/1000030607-757x1024.jpg 757w, http:\/\/aeroclub-abbeville.fr\/wp-content\/uploads\/2025\/04\/1000030607-768x1039.jpg 768w, http:\/\/aeroclub-abbeville.fr\/wp-content\/uploads\/2025\/04\/1000030607-624x844.jpg 624w\" sizes=\"(max-width: 1134px) 100vw, 1134px\" \/><\/a><\/figure>\n\n\n\n<figure class=\"wp-block-image size-full\"><a href=\"https:\/\/aviationpionni\u00e8re.my.canva.site\/\" target=\"_blank\" rel=\"noreferrer noopener\"><img decoding=\"async\" width=\"1740\" height=\"2030\" data-id=\"6321\" src=\"http:\/\/aeroclub-abbeville.fr\/wp-content\/uploads\/2025\/04\/1000030556.png\" alt=\"QR code\" class=\"wp-image-6321\" title=\"QR code\" srcset=\"http:\/\/aeroclub-abbeville.fr\/wp-content\/uploads\/2025\/04\/1000030556.png 1740w, http:\/\/aeroclub-abbeville.fr\/wp-content\/uploads\/2025\/04\/1000030556-411x480.png 411w, http:\/\/aeroclub-abbeville.fr\/wp-content\/uploads\/2025\/04\/1000030556-878x1024.png 878w, http:\/\/aeroclub-abbeville.fr\/wp-content\/uploads\/2025\/04\/1000030556-768x896.png 768w, http:\/\/aeroclub-abbeville.fr\/wp-content\/uploads\/2025\/04\/1000030556-1317x1536.png 1317w, http:\/\/aeroclub-abbeville.fr\/wp-content\/uploads\/2025\/04\/1000030556-624x728.png 624w\" sizes=\"(max-width: 1740px) 100vw, 1740px\" \/><\/a><\/figure>\n<\/figure>\n","protected":false},"excerpt":{"rendered":"<p>Madame, Monsieur, Nous serions heureux de vous recevoir \u00e0 notre f\u00eate a\u00e9rienne, dont voici le d\u00e9tail et le programme. Le samedi&nbsp;26 et le dimanche&nbsp;27&nbsp;avril&nbsp;2025, de 10&nbsp;h&nbsp;00 \u00e0 18&nbsp;h&nbsp;00, prenez votre envol en direction de l\u2019a\u00e9rodrome d\u2019Abbeville&nbsp;\u2013 Buigny-Saint-Maclou. La Sous-Pr\u00e9fecture d\u2019Abbeville, l\u2019Amicale des Usagers de l&rsquo;A\u00e9rodrome d&rsquo;Abbeville et l\u2019Association Fran\u00e7aise des Femmes Pilotes (AFFP) ont l\u2019honneur [&hellip;]<\/p>\n","protected":false},"author":211,"featured_media":0,"comment_status":"open","ping_status":"","sticky":false,"template":"","format":"standard","meta":{"inline_featured_image":false,"footnotes":""},"categories":[2,26,11,17,19],"tags":[47],"class_list":["post-6319","post","type-post","status-publish","format-standard","hentry","category-avion","category-histoire","category-manifestations","category-ulm","category-vol-a-voile","tag-manifestations"],"_links":{"self":[{"href":"http:\/\/aeroclub-abbeville.fr\/index.php?rest_route=\/wp\/v2\/posts\/6319","targetHints":{"allow":["GET"]}}],"collection":[{"href":"http:\/\/aeroclub-abbeville.fr\/index.php?rest_route=\/wp\/v2\/posts"}],"about":[{"href":"http:\/\/aeroclub-abbeville.fr\/index.php?rest_route=\/wp\/v2\/types\/post"}],"author":[{"embeddable":true,"href":"http:\/\/aeroclub-abbeville.fr\/index.php?rest_route=\/wp\/v2\/users\/211"}],"replies":[{"embeddable":true,"href":"http:\/\/aeroclub-abbeville.fr\/index.php?rest_route=%2Fwp%2Fv2%2Fcomments&post=6319"}],"version-history":[{"count":6,"href":"http:\/\/aeroclub-abbeville.fr\/index.php?rest_route=\/wp\/v2\/posts\/6319\/revisions"}],"predecessor-version":[{"id":6337,"href":"http:\/\/aeroclub-abbeville.fr\/index.php?rest_route=\/wp\/v2\/posts\/6319\/revisions\/6337"}],"wp:attachment":[{"href":"http:\/\/aeroclub-abbeville.fr\/index.php?rest_route=%2Fwp%2Fv2%2Fmedia&parent=6319"}],"wp:term":[{"taxonomy":"category","embeddable":true,"href":"http:\/\/aeroclub-abbeville.fr\/index.php?rest_route=%2Fwp%2Fv2%2Fcategories&post=6319"},{"taxonomy":"post_tag","embeddable":true,"href":"http:\/\/aeroclub-abbeville.fr\/index.php?rest_route=%2Fwp%2Fv2%2Ftags&post=6319"}],"curies":[{"name":"wp","href":"https:\/\/api.w.org\/{rel}","templated":true}]}}