{"id":6502,"date":"2025-07-09T17:18:04","date_gmt":"2025-07-09T16:18:04","guid":{"rendered":"http:\/\/aeroclub-abbeville.fr\/?p=6502"},"modified":"2025-07-09T17:21:44","modified_gmt":"2025-07-09T16:21:44","slug":"vice-champion-du-monde-de-vol-en-planeur-a-24-ans-medaille-dargent-en-tchequie-dabbeville-a-tabor-alexandre-fierain-est-une-star","status":"publish","type":"post","link":"http:\/\/aeroclub-abbeville.fr\/?p=6502","title":{"rendered":"Vice-Champion du Monde de Vol en Planeur \u00e0 24 ans, M\u00e9daille d&rsquo;Argent en Tch\u00e9quie, d&rsquo;Abbeville \u00e0 Tabor, Alexandre Fi\u00e9rain est une Star !!!!"},"content":{"rendered":"\n<p>Samedi 29 Juin 2025<\/p>\n\n\n\n<figure class=\"wp-block-gallery has-nested-images columns-default is-cropped wp-block-gallery-1 is-layout-flex wp-block-gallery-is-layout-flex\">\n<figure class=\"wp-block-image size-large\"><img fetchpriority=\"high\" decoding=\"async\" width=\"1024\" height=\"768\" data-id=\"6508\" src=\"http:\/\/aeroclub-abbeville.fr\/wp-content\/uploads\/2025\/07\/509441265_3400413290093923_4109465744487517509_n-1024x768.jpg\" alt=\"\" class=\"wp-image-6508\" srcset=\"http:\/\/aeroclub-abbeville.fr\/wp-content\/uploads\/2025\/07\/509441265_3400413290093923_4109465744487517509_n-1024x768.jpg 1024w, http:\/\/aeroclub-abbeville.fr\/wp-content\/uploads\/2025\/07\/509441265_3400413290093923_4109465744487517509_n-480x360.jpg 480w, http:\/\/aeroclub-abbeville.fr\/wp-content\/uploads\/2025\/07\/509441265_3400413290093923_4109465744487517509_n-768x576.jpg 768w, http:\/\/aeroclub-abbeville.fr\/wp-content\/uploads\/2025\/07\/509441265_3400413290093923_4109465744487517509_n-1536x1152.jpg 1536w, http:\/\/aeroclub-abbeville.fr\/wp-content\/uploads\/2025\/07\/509441265_3400413290093923_4109465744487517509_n-624x468.jpg 624w, http:\/\/aeroclub-abbeville.fr\/wp-content\/uploads\/2025\/07\/509441265_3400413290093923_4109465744487517509_n.jpg 2048w\" sizes=\"(max-width: 1024px) 100vw, 1024px\" \/><\/figure>\n<\/figure>\n\n\n\n<p>\u00ab\u00a0<a href=\"https:\/\/www.facebook.com\/alexandre.fierain\">Alexandre Fierain<\/a> n\u2019en finit pas de gravir les marches du firmament en vol \u00e0 voile.<\/p>\n\n\n\n<p> <\/p>\n\n\n\n<figure class=\"wp-block-image size-full\"><img decoding=\"async\" width=\"960\" height=\"724\" src=\"http:\/\/aeroclub-abbeville.fr\/wp-content\/uploads\/2025\/07\/IMG-20250626-WA0000-1.jpg\" alt=\"\" class=\"wp-image-6537\" srcset=\"http:\/\/aeroclub-abbeville.fr\/wp-content\/uploads\/2025\/07\/IMG-20250626-WA0000-1.jpg 960w, http:\/\/aeroclub-abbeville.fr\/wp-content\/uploads\/2025\/07\/IMG-20250626-WA0000-1-480x362.jpg 480w, http:\/\/aeroclub-abbeville.fr\/wp-content\/uploads\/2025\/07\/IMG-20250626-WA0000-1-768x579.jpg 768w, http:\/\/aeroclub-abbeville.fr\/wp-content\/uploads\/2025\/07\/IMG-20250626-WA0000-1-624x471.jpg 624w\" sizes=\"(max-width: 960px) 100vw, 960px\" \/><\/figure>\n\n\n\n<p> <\/p>\n\n\n\n<p>En cette fin juin, il est devenu vice-champion du monde de la discipline, en R\u00e9publique Tch\u00e8que, assumant ainsi son statut de chef de file fran\u00e7ais. Cette m\u00e9daille d\u2019argent dans une comp\u00e9tition mondiale, \u00e0 24 ans honore sa famille, sa <a href=\"https:\/\/www.facebook.com\/MairiedAbbeville\">Ville d&rsquo;Abbeville<\/a> et son club formateur, l\u2019A\u00e9ro-club d\u2019Abbeville-Buigny-Baie de Somme.<br>Nous lui adressons nos plus vives f\u00e9licitations ainsi que notre fiert\u00e9 pour porter si haut les couleurs de la ville et du territoire.<br>Nous sommes tous fiers d\u2019\u00eatre abbevillois !\u00a0\u00bb<br>Pascal Demarthe, Maire d&rsquo;Abbeville<\/p>\n\n\n\n<figure class=\"wp-block-gallery has-nested-images columns-default is-cropped wp-block-gallery-2 is-layout-flex wp-block-gallery-is-layout-flex\">\n<figure class=\"wp-block-image size-large\"><img decoding=\"async\" width=\"768\" height=\"1024\" data-id=\"6533\" src=\"http:\/\/aeroclub-abbeville.fr\/wp-content\/uploads\/2025\/07\/509736325_3400413070093945_1153487698804750745_n-1-768x1024.jpg\" alt=\"\" class=\"wp-image-6533\" srcset=\"http:\/\/aeroclub-abbeville.fr\/wp-content\/uploads\/2025\/07\/509736325_3400413070093945_1153487698804750745_n-1-768x1024.jpg 768w, http:\/\/aeroclub-abbeville.fr\/wp-content\/uploads\/2025\/07\/509736325_3400413070093945_1153487698804750745_n-1-360x480.jpg 360w, http:\/\/aeroclub-abbeville.fr\/wp-content\/uploads\/2025\/07\/509736325_3400413070093945_1153487698804750745_n-1-1152x1536.jpg 1152w, http:\/\/aeroclub-abbeville.fr\/wp-content\/uploads\/2025\/07\/509736325_3400413070093945_1153487698804750745_n-1-624x832.jpg 624w, http:\/\/aeroclub-abbeville.fr\/wp-content\/uploads\/2025\/07\/509736325_3400413070093945_1153487698804750745_n-1.jpg 1536w\" sizes=\"(max-width: 768px) 100vw, 768px\" \/><\/figure>\n\n\n\n<figure class=\"wp-block-image size-large\"><img loading=\"lazy\" decoding=\"async\" width=\"768\" height=\"1024\" data-id=\"6510\" src=\"http:\/\/aeroclub-abbeville.fr\/wp-content\/uploads\/2025\/07\/IMG-20250628-WA0002-768x1024.jpg\" alt=\"\" class=\"wp-image-6510\" srcset=\"http:\/\/aeroclub-abbeville.fr\/wp-content\/uploads\/2025\/07\/IMG-20250628-WA0002-768x1024.jpg 768w, http:\/\/aeroclub-abbeville.fr\/wp-content\/uploads\/2025\/07\/IMG-20250628-WA0002-360x480.jpg 360w, http:\/\/aeroclub-abbeville.fr\/wp-content\/uploads\/2025\/07\/IMG-20250628-WA0002-1152x1536.jpg 1152w, http:\/\/aeroclub-abbeville.fr\/wp-content\/uploads\/2025\/07\/IMG-20250628-WA0002-624x832.jpg 624w, http:\/\/aeroclub-abbeville.fr\/wp-content\/uploads\/2025\/07\/IMG-20250628-WA0002.jpg 1200w\" sizes=\"(max-width: 768px) 100vw, 768px\" \/><\/figure>\n<\/figure>\n\n\n\n<p> <\/p>\n\n\n\n<p>\u00ab\u00a0Quand on a fait ta connaissance lors de ta s\u00e9lection pour entrer au p\u00f4le, on avait bien remarqu\u00e9 ton immense talent. Bravo <a href=\"https:\/\/www.facebook.com\/alexandre.fierain\">Alexandre Fierain<\/a> ! Tu es notre fiert\u00e9 !<br>Que de r\u00e9sultats exceptionnels mais tellement merit\u00e9s. Nous sommes vraiment fiers de toi et j ai particuli\u00e8rement h\u00e2te de te serrer dans mes bras . <br>J esp\u00e8re que ce sera possible en juillet !! <br>Bisous bisous Alexandre . <br>Et vive le club <a href=\"https:\/\/www.facebook.com\/planeurabbeville.icanfly\">Planeur Abbeville IcanFly<\/a>.\u00a0\u00bb<br>Badou Michel, V\u00e9livole Grand-Est<\/p>\n\n\n\n<figure class=\"wp-block-gallery has-nested-images columns-default is-cropped wp-block-gallery-3 is-layout-flex wp-block-gallery-is-layout-flex\">\n<figure class=\"wp-block-image size-large\"><img loading=\"lazy\" decoding=\"async\" width=\"461\" height=\"1024\" data-id=\"6516\" src=\"http:\/\/aeroclub-abbeville.fr\/wp-content\/uploads\/2025\/07\/501050184_3400414013427184_4723038053663411582_n-461x1024.jpg\" alt=\"\" class=\"wp-image-6516\" srcset=\"http:\/\/aeroclub-abbeville.fr\/wp-content\/uploads\/2025\/07\/501050184_3400414013427184_4723038053663411582_n-461x1024.jpg 461w, http:\/\/aeroclub-abbeville.fr\/wp-content\/uploads\/2025\/07\/501050184_3400414013427184_4723038053663411582_n-216x480.jpg 216w, http:\/\/aeroclub-abbeville.fr\/wp-content\/uploads\/2025\/07\/501050184_3400414013427184_4723038053663411582_n-768x1705.jpg 768w, http:\/\/aeroclub-abbeville.fr\/wp-content\/uploads\/2025\/07\/501050184_3400414013427184_4723038053663411582_n-692x1536.jpg 692w, http:\/\/aeroclub-abbeville.fr\/wp-content\/uploads\/2025\/07\/501050184_3400414013427184_4723038053663411582_n-922x2048.jpg 922w, http:\/\/aeroclub-abbeville.fr\/wp-content\/uploads\/2025\/07\/501050184_3400414013427184_4723038053663411582_n-624x1386.jpg 624w, http:\/\/aeroclub-abbeville.fr\/wp-content\/uploads\/2025\/07\/501050184_3400414013427184_4723038053663411582_n-scaled.jpg 1153w\" sizes=\"(max-width: 461px) 100vw, 461px\" \/><\/figure>\n\n\n\n<figure class=\"wp-block-image size-large\"><img loading=\"lazy\" decoding=\"async\" width=\"900\" height=\"900\" data-id=\"6517\" src=\"http:\/\/aeroclub-abbeville.fr\/wp-content\/uploads\/2025\/07\/503921171_1300745142053912_4686948779388816801_n.jpg\" alt=\"\" class=\"wp-image-6517\" srcset=\"http:\/\/aeroclub-abbeville.fr\/wp-content\/uploads\/2025\/07\/503921171_1300745142053912_4686948779388816801_n.jpg 900w, http:\/\/aeroclub-abbeville.fr\/wp-content\/uploads\/2025\/07\/503921171_1300745142053912_4686948779388816801_n-480x480.jpg 480w, http:\/\/aeroclub-abbeville.fr\/wp-content\/uploads\/2025\/07\/503921171_1300745142053912_4686948779388816801_n-150x150.jpg 150w, http:\/\/aeroclub-abbeville.fr\/wp-content\/uploads\/2025\/07\/503921171_1300745142053912_4686948779388816801_n-768x768.jpg 768w, http:\/\/aeroclub-abbeville.fr\/wp-content\/uploads\/2025\/07\/503921171_1300745142053912_4686948779388816801_n-624x624.jpg 624w\" sizes=\"(max-width: 900px) 100vw, 900px\" \/><\/figure>\n\n\n\n<figure class=\"wp-block-image size-large\"><img loading=\"lazy\" decoding=\"async\" width=\"461\" height=\"1024\" data-id=\"6518\" src=\"http:\/\/aeroclub-abbeville.fr\/wp-content\/uploads\/2025\/07\/508413023_3400414173427168_3144906328969411020_n-461x1024.jpg\" alt=\"\" class=\"wp-image-6518\" srcset=\"http:\/\/aeroclub-abbeville.fr\/wp-content\/uploads\/2025\/07\/508413023_3400414173427168_3144906328969411020_n-461x1024.jpg 461w, http:\/\/aeroclub-abbeville.fr\/wp-content\/uploads\/2025\/07\/508413023_3400414173427168_3144906328969411020_n-216x480.jpg 216w, http:\/\/aeroclub-abbeville.fr\/wp-content\/uploads\/2025\/07\/508413023_3400414173427168_3144906328969411020_n-768x1705.jpg 768w, http:\/\/aeroclub-abbeville.fr\/wp-content\/uploads\/2025\/07\/508413023_3400414173427168_3144906328969411020_n-692x1536.jpg 692w, http:\/\/aeroclub-abbeville.fr\/wp-content\/uploads\/2025\/07\/508413023_3400414173427168_3144906328969411020_n-922x2048.jpg 922w, http:\/\/aeroclub-abbeville.fr\/wp-content\/uploads\/2025\/07\/508413023_3400414173427168_3144906328969411020_n-624x1386.jpg 624w, http:\/\/aeroclub-abbeville.fr\/wp-content\/uploads\/2025\/07\/508413023_3400414173427168_3144906328969411020_n-scaled.jpg 1153w\" sizes=\"(max-width: 461px) 100vw, 461px\" \/><\/figure>\n\n\n\n<figure class=\"wp-block-image size-large\"><img loading=\"lazy\" decoding=\"async\" width=\"1024\" height=\"868\" data-id=\"6519\" src=\"http:\/\/aeroclub-abbeville.fr\/wp-content\/uploads\/2025\/07\/508551996_3400412580093994_1149686226340310452_n-1024x868.jpg\" alt=\"\" class=\"wp-image-6519\" srcset=\"http:\/\/aeroclub-abbeville.fr\/wp-content\/uploads\/2025\/07\/508551996_3400412580093994_1149686226340310452_n-1024x868.jpg 1024w, http:\/\/aeroclub-abbeville.fr\/wp-content\/uploads\/2025\/07\/508551996_3400412580093994_1149686226340310452_n-480x407.jpg 480w, http:\/\/aeroclub-abbeville.fr\/wp-content\/uploads\/2025\/07\/508551996_3400412580093994_1149686226340310452_n-768x651.jpg 768w, http:\/\/aeroclub-abbeville.fr\/wp-content\/uploads\/2025\/07\/508551996_3400412580093994_1149686226340310452_n-1536x1303.jpg 1536w, http:\/\/aeroclub-abbeville.fr\/wp-content\/uploads\/2025\/07\/508551996_3400412580093994_1149686226340310452_n-624x529.jpg 624w, http:\/\/aeroclub-abbeville.fr\/wp-content\/uploads\/2025\/07\/508551996_3400412580093994_1149686226340310452_n.jpg 1816w\" sizes=\"(max-width: 1024px) 100vw, 1024px\" \/><\/figure>\n\n\n\n<figure class=\"wp-block-image size-large\"><img loading=\"lazy\" decoding=\"async\" width=\"1024\" height=\"680\" data-id=\"6532\" src=\"http:\/\/aeroclub-abbeville.fr\/wp-content\/uploads\/2025\/07\/509632879_3400413833427202_2816328669494073539_n-1-1024x680.jpg\" alt=\"\" class=\"wp-image-6532\" srcset=\"http:\/\/aeroclub-abbeville.fr\/wp-content\/uploads\/2025\/07\/509632879_3400413833427202_2816328669494073539_n-1-1024x680.jpg 1024w, http:\/\/aeroclub-abbeville.fr\/wp-content\/uploads\/2025\/07\/509632879_3400413833427202_2816328669494073539_n-1-480x319.jpg 480w, http:\/\/aeroclub-abbeville.fr\/wp-content\/uploads\/2025\/07\/509632879_3400413833427202_2816328669494073539_n-1-768x510.jpg 768w, http:\/\/aeroclub-abbeville.fr\/wp-content\/uploads\/2025\/07\/509632879_3400413833427202_2816328669494073539_n-1-1536x1020.jpg 1536w, http:\/\/aeroclub-abbeville.fr\/wp-content\/uploads\/2025\/07\/509632879_3400413833427202_2816328669494073539_n-1-624x414.jpg 624w, http:\/\/aeroclub-abbeville.fr\/wp-content\/uploads\/2025\/07\/509632879_3400413833427202_2816328669494073539_n-1.jpg 2048w\" sizes=\"(max-width: 1024px) 100vw, 1024px\" \/><\/figure>\n<\/figure>\n\n\n\n<p> <\/p>\n\n\n\n<p>\u00ab\u00a0La France brille au 39\u00e8me championnat du Monde : deux m\u00e9dailles au sommet dont <a href=\"https:\/\/www.facebook.com\/alexandre.fierain\">Alexandre Fierain<\/a> de l\u2019a\u00e9rodrome d\u2019Abbeville avec la m\u00e9daille d\u2019argent !<br>F\u00e9licitations !\u00a0\u00bb<br>Patricia Poupart : Conseill\u00e8re R\u00e9gionale des Hauts de France<\/p>\n\n\n\n<figure class=\"wp-block-gallery has-nested-images columns-default is-cropped wp-block-gallery-4 is-layout-flex wp-block-gallery-is-layout-flex\">\n<figure class=\"wp-block-image size-large\"><img loading=\"lazy\" decoding=\"async\" width=\"768\" height=\"1024\" data-id=\"6520\" src=\"http:\/\/aeroclub-abbeville.fr\/wp-content\/uploads\/2025\/07\/508680274_3400797263388859_731412011249822940_n-768x1024.jpg\" alt=\"\" class=\"wp-image-6520\" srcset=\"http:\/\/aeroclub-abbeville.fr\/wp-content\/uploads\/2025\/07\/508680274_3400797263388859_731412011249822940_n-768x1024.jpg 768w, http:\/\/aeroclub-abbeville.fr\/wp-content\/uploads\/2025\/07\/508680274_3400797263388859_731412011249822940_n-360x480.jpg 360w, http:\/\/aeroclub-abbeville.fr\/wp-content\/uploads\/2025\/07\/508680274_3400797263388859_731412011249822940_n-1152x1536.jpg 1152w, http:\/\/aeroclub-abbeville.fr\/wp-content\/uploads\/2025\/07\/508680274_3400797263388859_731412011249822940_n-624x832.jpg 624w, http:\/\/aeroclub-abbeville.fr\/wp-content\/uploads\/2025\/07\/508680274_3400797263388859_731412011249822940_n.jpg 1536w\" sizes=\"(max-width: 768px) 100vw, 768px\" \/><\/figure>\n\n\n\n<figure class=\"wp-block-image size-large\"><img loading=\"lazy\" decoding=\"async\" width=\"578\" height=\"1024\" data-id=\"6521\" src=\"http:\/\/aeroclub-abbeville.fr\/wp-content\/uploads\/2025\/07\/509443690_3400412630093989_5064915213498691996_n-578x1024.jpg\" alt=\"\" class=\"wp-image-6521\" srcset=\"http:\/\/aeroclub-abbeville.fr\/wp-content\/uploads\/2025\/07\/509443690_3400412630093989_5064915213498691996_n-578x1024.jpg 578w, http:\/\/aeroclub-abbeville.fr\/wp-content\/uploads\/2025\/07\/509443690_3400412630093989_5064915213498691996_n-271x480.jpg 271w, http:\/\/aeroclub-abbeville.fr\/wp-content\/uploads\/2025\/07\/509443690_3400412630093989_5064915213498691996_n-768x1360.jpg 768w, http:\/\/aeroclub-abbeville.fr\/wp-content\/uploads\/2025\/07\/509443690_3400412630093989_5064915213498691996_n-868x1536.jpg 868w, http:\/\/aeroclub-abbeville.fr\/wp-content\/uploads\/2025\/07\/509443690_3400412630093989_5064915213498691996_n-624x1105.jpg 624w, http:\/\/aeroclub-abbeville.fr\/wp-content\/uploads\/2025\/07\/509443690_3400412630093989_5064915213498691996_n.jpg 945w\" sizes=\"(max-width: 578px) 100vw, 578px\" \/><\/figure>\n\n\n\n<figure class=\"wp-block-image size-full\"><img loading=\"lazy\" decoding=\"async\" width=\"1153\" height=\"2560\" data-id=\"6524\" src=\"http:\/\/aeroclub-abbeville.fr\/wp-content\/uploads\/2025\/07\/509935367_3400413923427193_3682525946214242818_n-scaled.jpg\" alt=\"\" class=\"wp-image-6524\" srcset=\"http:\/\/aeroclub-abbeville.fr\/wp-content\/uploads\/2025\/07\/509935367_3400413923427193_3682525946214242818_n-scaled.jpg 1153w, http:\/\/aeroclub-abbeville.fr\/wp-content\/uploads\/2025\/07\/509935367_3400413923427193_3682525946214242818_n-216x480.jpg 216w, http:\/\/aeroclub-abbeville.fr\/wp-content\/uploads\/2025\/07\/509935367_3400413923427193_3682525946214242818_n-461x1024.jpg 461w, http:\/\/aeroclub-abbeville.fr\/wp-content\/uploads\/2025\/07\/509935367_3400413923427193_3682525946214242818_n-768x1705.jpg 768w, http:\/\/aeroclub-abbeville.fr\/wp-content\/uploads\/2025\/07\/509935367_3400413923427193_3682525946214242818_n-692x1536.jpg 692w, http:\/\/aeroclub-abbeville.fr\/wp-content\/uploads\/2025\/07\/509935367_3400413923427193_3682525946214242818_n-922x2048.jpg 922w, http:\/\/aeroclub-abbeville.fr\/wp-content\/uploads\/2025\/07\/509935367_3400413923427193_3682525946214242818_n-624x1386.jpg 624w\" sizes=\"(max-width: 1153px) 100vw, 1153px\" \/><\/figure>\n<\/figure>\n\n\n\n<figure class=\"wp-block-image size-large\"><img loading=\"lazy\" decoding=\"async\" width=\"1024\" height=\"680\" src=\"http:\/\/aeroclub-abbeville.fr\/wp-content\/uploads\/2025\/07\/510984417_3400413583427227_408274396757631857_n-1-1024x680.jpg\" alt=\"\" class=\"wp-image-6531\" srcset=\"http:\/\/aeroclub-abbeville.fr\/wp-content\/uploads\/2025\/07\/510984417_3400413583427227_408274396757631857_n-1-1024x680.jpg 1024w, http:\/\/aeroclub-abbeville.fr\/wp-content\/uploads\/2025\/07\/510984417_3400413583427227_408274396757631857_n-1-480x319.jpg 480w, http:\/\/aeroclub-abbeville.fr\/wp-content\/uploads\/2025\/07\/510984417_3400413583427227_408274396757631857_n-1-768x510.jpg 768w, http:\/\/aeroclub-abbeville.fr\/wp-content\/uploads\/2025\/07\/510984417_3400413583427227_408274396757631857_n-1-1536x1020.jpg 1536w, http:\/\/aeroclub-abbeville.fr\/wp-content\/uploads\/2025\/07\/510984417_3400413583427227_408274396757631857_n-1-624x414.jpg 624w, http:\/\/aeroclub-abbeville.fr\/wp-content\/uploads\/2025\/07\/510984417_3400413583427227_408274396757631857_n-1.jpg 2048w\" sizes=\"(max-width: 1024px) 100vw, 1024px\" \/><\/figure>\n\n\n\n<figure class=\"wp-block-gallery has-nested-images columns-default is-cropped wp-block-gallery-5 is-layout-flex wp-block-gallery-is-layout-flex\">\n<figure class=\"wp-block-image size-large\"><img loading=\"lazy\" decoding=\"async\" width=\"1024\" height=\"680\" data-id=\"6530\" src=\"http:\/\/aeroclub-abbeville.fr\/wp-content\/uploads\/2025\/07\/511068847_3400413750093877_3101557436724449325_n-1-1024x680.jpg\" alt=\"\" class=\"wp-image-6530\" srcset=\"http:\/\/aeroclub-abbeville.fr\/wp-content\/uploads\/2025\/07\/511068847_3400413750093877_3101557436724449325_n-1-1024x680.jpg 1024w, http:\/\/aeroclub-abbeville.fr\/wp-content\/uploads\/2025\/07\/511068847_3400413750093877_3101557436724449325_n-1-480x319.jpg 480w, http:\/\/aeroclub-abbeville.fr\/wp-content\/uploads\/2025\/07\/511068847_3400413750093877_3101557436724449325_n-1-768x510.jpg 768w, http:\/\/aeroclub-abbeville.fr\/wp-content\/uploads\/2025\/07\/511068847_3400413750093877_3101557436724449325_n-1-1536x1020.jpg 1536w, http:\/\/aeroclub-abbeville.fr\/wp-content\/uploads\/2025\/07\/511068847_3400413750093877_3101557436724449325_n-1-624x414.jpg 624w, http:\/\/aeroclub-abbeville.fr\/wp-content\/uploads\/2025\/07\/511068847_3400413750093877_3101557436724449325_n-1.jpg 2048w\" sizes=\"(max-width: 1024px) 100vw, 1024px\" \/><\/figure>\n<\/figure>\n\n\n\n<p> <\/p>\n\n\n\n<p>\u00ab\u00a0Vice-Champion du Monde S\u00e9nior !!! <img loading=\"lazy\" decoding=\"async\" height=\"16\" width=\"16\" src=\"https:\/\/static.xx.fbcdn.net\/images\/emoji.php\/v9\/ta1\/2\/16\/1f60d.png\" alt=\"&#x1f60d;\"><img loading=\"lazy\" decoding=\"async\" height=\"16\" width=\"16\" src=\"https:\/\/static.xx.fbcdn.net\/images\/emoji.php\/v9\/t27\/2\/16\/1f1e8_1f1f5.png\" alt=\"&#x1f1e8;&#x1f1f5;\"><br>Apr\u00e8s 10 longues \u00e9preuves dans une m\u00e9t\u00e9o bien plus technique que pr\u00e9vu en R\u00e9publique Tch\u00e8que, je suis hyper fier et \u00e9mu de vous annoncer ma M\u00e9daille d&rsquo;Argent pour ces championnats du Monde S\u00e9nior ! Quelle aventure avec une \u00e9quipe incroyable <img loading=\"lazy\" decoding=\"async\" height=\"16\" width=\"16\" src=\"https:\/\/static.xx.fbcdn.net\/images\/emoji.php\/v9\/te8\/2\/16\/1faf6.png\" alt=\"&#x1faf6;\"><img loading=\"lazy\" decoding=\"async\" height=\"16\" width=\"16\" src=\"https:\/\/static.xx.fbcdn.net\/images\/emoji.php\/v9\/t27\/2\/16\/1f1e8_1f1f5.png\" alt=\"&#x1f1e8;&#x1f1f5;\"><br>Un niveau et un rythme de dingue en vol.<br>Une exp\u00e9rience acquise \u00e9norme en tactique et en vol \u00e0 voile.<br>Mais ce championnat m&rsquo;a surtout fait r\u00e9aliser \u00e0 quel point le planeur \u00e0 haut niveau m&rsquo;a fait progresser sur moi-m\u00eame, que ce soit sur le contr\u00f4le des pens\u00e9es, la gestion du stress et des \u00e9motions; points essentiels pour \u00eatre le plus r\u00e9gulier possible en comp\u00e9tition.<br>Savoir placer le curseur au bon endroit au bon moment.<br>Je suis si fier de moi d&rsquo;avoir grandi sur ces points fondamentaux.<br>Ce step-up je le dois surtout \u00e0 <a href=\"https:\/\/www.facebook.com\/timauthe.knaepen\">Timoth\u00e9e Knaepen Pr\u00e9paration Mentale<\/a> mon pr\u00e9parateur mental <img loading=\"lazy\" decoding=\"async\" height=\"16\" width=\"16\" src=\"https:\/\/static.xx.fbcdn.net\/images\/emoji.php\/v9\/tee\/2\/16\/1f601.png\" alt=\"&#x1f601;\"><br>Cette m\u00e9daille est le fruit d&rsquo;un travail d&rsquo;\u00e9quipe intense au top.<br>Elle n&rsquo;aurait pas \u00e9t\u00e9 possible sans mes co\u00e9quipiers en or <a href=\"https:\/\/www.facebook.com\/louise.rodriguez.921\">Louise Rodriguez<\/a> et <a href=\"https:\/\/www.facebook.com\/hugo.rugbyman\">Hugo Corbill\u00e9<\/a> avec qui on loupe un double podium de peu. J&rsquo;ai tellement appris \u00e0 leurs c\u00f4t\u00e9s, mille mercis <img loading=\"lazy\" decoding=\"async\" height=\"16\" width=\"16\" src=\"https:\/\/static.xx.fbcdn.net\/images\/emoji.php\/v9\/te8\/2\/16\/1faf6.png\" alt=\"&#x1faf6;\"><br>C&rsquo;est gr\u00e2ce \u00e0 mon papa que j&rsquo;en suis l\u00e0, il m&rsquo;a fait grandir dans ce monde de Planeur, et c&rsquo;est maintenant lui qui vient me d\u00e9panner pendant ces championnats internationaux mythiques. C&rsquo;est en lui que j&rsquo;ai une confiance aveugle en montant dans le planeur avant chaque d\u00e9collage.<br>Merci Papa <img loading=\"lazy\" decoding=\"async\" height=\"16\" width=\"16\" src=\"https:\/\/static.xx.fbcdn.net\/images\/emoji.php\/v9\/ted\/2\/16\/2764.png\" alt=\"&#x2764;&#xfe0f;\"><br>Un immense merci \u00e0 <a href=\"https:\/\/www.facebook.com\/eric.napoleon.90\">Eric Napol\u00e9on<\/a>, notre entraineur National, les crews pour leurs aides et bienveillance, mes \u00e9quipiers en classe Standard <a href=\"https:\/\/www.facebook.com\/julien.duboc.56\">Julien Duboc<\/a>, Louis Bouderlique et en 15m <a href=\"https:\/\/www.facebook.com\/jd.barrois\">Jd Barrois<\/a> et Maximilien Seis.<br>Un grand merci \u00e0 la <a href=\"https:\/\/www.facebook.com\/ffvolenplaneur\">FFVP &#8211; F\u00e9d\u00e9ration Fran\u00e7aise de Vol en Planeur<\/a> de nous laisser la chance de r\u00e9aliser nos r\u00eaves, de mettre en place autant de moyens en nous faisant confiance.<br>Merci \u00e0 vous tous pour votre soutien quotidien, vos messages et appels. Vous avez \u00e9t\u00e9 incroyable <img loading=\"lazy\" decoding=\"async\" height=\"16\" width=\"16\" src=\"https:\/\/static.xx.fbcdn.net\/images\/emoji.php\/v9\/te8\/2\/16\/1faf6.png\" alt=\"&#x1faf6;\"><img loading=\"lazy\" decoding=\"async\" height=\"16\" width=\"16\" src=\"https:\/\/static.xx.fbcdn.net\/images\/emoji.php\/v9\/t27\/2\/16\/1f1e8_1f1f5.png\" alt=\"&#x1f1e8;&#x1f1f5;\"><br>Vive le Planeur, vive Abbeville et vive la France bordel !!\u00a0\u00bb<br>Alexandre Fi\u00e9rain : Vice-Champion du Monde de Vol en Planeur, M\u00e9daill\u00e9 d&rsquo;Argent  2025<\/p>\n\n\n\n<figure class=\"wp-block-image size-large\"><img loading=\"lazy\" decoding=\"async\" width=\"1024\" height=\"768\" src=\"http:\/\/aeroclub-abbeville.fr\/wp-content\/uploads\/2025\/07\/500473396_3400412820093970_5887274039223307590_n-1-1024x768.jpg\" alt=\"\" class=\"wp-image-6528\" srcset=\"http:\/\/aeroclub-abbeville.fr\/wp-content\/uploads\/2025\/07\/500473396_3400412820093970_5887274039223307590_n-1-1024x768.jpg 1024w, http:\/\/aeroclub-abbeville.fr\/wp-content\/uploads\/2025\/07\/500473396_3400412820093970_5887274039223307590_n-1-480x360.jpg 480w, http:\/\/aeroclub-abbeville.fr\/wp-content\/uploads\/2025\/07\/500473396_3400412820093970_5887274039223307590_n-1-768x576.jpg 768w, http:\/\/aeroclub-abbeville.fr\/wp-content\/uploads\/2025\/07\/500473396_3400412820093970_5887274039223307590_n-1-1536x1152.jpg 1536w, http:\/\/aeroclub-abbeville.fr\/wp-content\/uploads\/2025\/07\/500473396_3400412820093970_5887274039223307590_n-1-624x468.jpg 624w, http:\/\/aeroclub-abbeville.fr\/wp-content\/uploads\/2025\/07\/500473396_3400412820093970_5887274039223307590_n-1.jpg 1600w\" sizes=\"(max-width: 1024px) 100vw, 1024px\" \/><\/figure>\n\n\n\n<p> <\/p>\n\n\n\n<p>\u00ab\u00a0M\u00eame pas 10 ans apr\u00e8s nos premiers circuits en P\u00e9gase, te voil\u00e0 parmi les meilleurs au monde ! F\u00e9licitations le boss <a href=\"https:\/\/www.facebook.com\/alexandre.fierain\">Alexandre Fierain<\/a>\u00ab\u00a0<br>Enzo Mln<\/p>\n\n\n\n<figure class=\"wp-block-gallery has-nested-images columns-default is-cropped wp-block-gallery-6 is-layout-flex wp-block-gallery-is-layout-flex\">\n<figure class=\"wp-block-image size-full\"><img loading=\"lazy\" decoding=\"async\" width=\"720\" height=\"1600\" data-id=\"6514\" src=\"http:\/\/aeroclub-abbeville.fr\/wp-content\/uploads\/2025\/07\/IMG-20250629-WA0001-1.jpg\" alt=\"\" class=\"wp-image-6514\" srcset=\"http:\/\/aeroclub-abbeville.fr\/wp-content\/uploads\/2025\/07\/IMG-20250629-WA0001-1.jpg 720w, http:\/\/aeroclub-abbeville.fr\/wp-content\/uploads\/2025\/07\/IMG-20250629-WA0001-1-216x480.jpg 216w, http:\/\/aeroclub-abbeville.fr\/wp-content\/uploads\/2025\/07\/IMG-20250629-WA0001-1-461x1024.jpg 461w, http:\/\/aeroclub-abbeville.fr\/wp-content\/uploads\/2025\/07\/IMG-20250629-WA0001-1-691x1536.jpg 691w, http:\/\/aeroclub-abbeville.fr\/wp-content\/uploads\/2025\/07\/IMG-20250629-WA0001-1-624x1387.jpg 624w\" sizes=\"(max-width: 720px) 100vw, 720px\" \/><\/figure>\n<\/figure>\n\n\n\n<p> <\/p>\n\n\n\n<p>Tous tes amis sont l\u00e0, et nous aussi, on est fier de toi !<br>Bravo Champion !<\/p>\n\n\n\n<p>Cr\u00e9dit Photos Alexandre Fi\u00e9rain, Facebook<br>Texte : Fran\u00e7oise Sockeel et les Auteurs cit\u00e9s<\/p>\n","protected":false},"excerpt":{"rendered":"<p>Samedi 29 Juin 2025 \u00ab\u00a0Alexandre Fierain n\u2019en finit pas de gravir les marches du firmament en vol \u00e0 voile. En cette fin juin, il est devenu vice-champion du monde de la discipline, en R\u00e9publique Tch\u00e8que, assumant ainsi son statut de chef de file fran\u00e7ais. Cette m\u00e9daille d\u2019argent dans une comp\u00e9tition mondiale, \u00e0 24 ans honore [&hellip;]<\/p>\n","protected":false},"author":211,"featured_media":0,"comment_status":"closed","ping_status":"","sticky":false,"template":"","format":"standard","meta":{"inline_featured_image":false,"footnotes":""},"categories":[20,21,3,4,6,8,11,13,14,18,19,31],"tags":[],"class_list":["post-6502","post","type-post","status-publish","format-standard","hentry","category-actualites","category-arrosages-fetes","category-club","category-competitions","category-formation","category-formation_planeur","category-manifestations","category-planeur","category-presse","category-vie-du-club","category-vol-a-voile","category-voyages"],"_links":{"self":[{"href":"http:\/\/aeroclub-abbeville.fr\/index.php?rest_route=\/wp\/v2\/posts\/6502","targetHints":{"allow":["GET"]}}],"collection":[{"href":"http:\/\/aeroclub-abbeville.fr\/index.php?rest_route=\/wp\/v2\/posts"}],"about":[{"href":"http:\/\/aeroclub-abbeville.fr\/index.php?rest_route=\/wp\/v2\/types\/post"}],"author":[{"embeddable":true,"href":"http:\/\/aeroclub-abbeville.fr\/index.php?rest_route=\/wp\/v2\/users\/211"}],"replies":[{"embeddable":true,"href":"http:\/\/aeroclub-abbeville.fr\/index.php?rest_route=%2Fwp%2Fv2%2Fcomments&post=6502"}],"version-history":[{"count":13,"href":"http:\/\/aeroclub-abbeville.fr\/index.php?rest_route=\/wp\/v2\/posts\/6502\/revisions"}],"predecessor-version":[{"id":6540,"href":"http:\/\/aeroclub-abbeville.fr\/index.php?rest_route=\/wp\/v2\/posts\/6502\/revisions\/6540"}],"wp:attachment":[{"href":"http:\/\/aeroclub-abbeville.fr\/index.php?rest_route=%2Fwp%2Fv2%2Fmedia&parent=6502"}],"wp:term":[{"taxonomy":"category","embeddable":true,"href":"http:\/\/aeroclub-abbeville.fr\/index.php?rest_route=%2Fwp%2Fv2%2Fcategories&post=6502"},{"taxonomy":"post_tag","embeddable":true,"href":"http:\/\/aeroclub-abbeville.fr\/index.php?rest_route=%2Fwp%2Fv2%2Ftags&post=6502"}],"curies":[{"name":"wp","href":"https:\/\/api.w.org\/{rel}","templated":true}]}}