{"id":679,"date":"2014-05-17T05:52:03","date_gmt":"2014-05-17T04:52:03","guid":{"rendered":"http:\/\/aeroclub-abbeville.fr\/?p=679"},"modified":"2014-05-17T14:07:03","modified_gmt":"2014-05-17T13:07:03","slug":"claude-nous-a-quittes","status":"publish","type":"post","link":"http:\/\/aeroclub-abbeville.fr\/?p=679","title":{"rendered":"Claude nous a quitt\u00e9s."},"content":{"rendered":"<p><a href=\"http:\/\/aeroclub-abbeville.fr\/wp-content\/uploads\/2014\/05\/P1040541.jpg\"><img decoding=\"async\" class=\"alignleft size-thumbnail wp-image-680\" src=\"http:\/\/aeroclub-abbeville.fr\/wp-content\/uploads\/2014\/05\/P1040541-150x150.jpg\" alt=\"P1040541\" width=\"150\" height=\"150\" srcset=\"http:\/\/aeroclub-abbeville.fr\/wp-content\/uploads\/2014\/05\/P1040541-150x150.jpg 150w, http:\/\/aeroclub-abbeville.fr\/wp-content\/uploads\/2014\/05\/P1040541.jpg 480w\" sizes=\"(max-width: 150px) 100vw, 150px\" \/><\/a>C&rsquo;est avec tristesse que nous avons appris la disparition de notre ami Claude Gravelle, emport\u00e9 par la maladie.<br \/>\nClaude \u00e9tait un homme d&rsquo;une grande modestie qui parlait peu de sa brillante carri\u00e8re de pilote militaire et civil.<br \/>\nIl ne viendra plus animer notre terrain aux commandes de son magnifique Fouga.<br \/>\nNous avions f\u00eat\u00e9 ensemble ses 70 ans l&rsquo;an dernier.<br \/>\nMerci Claude pour les bons moments que nous avons partag\u00e9s en ta compagnie !<br \/>\nToutes nos pens\u00e9es vont vers sa famille et ses proches.<\/p>\n","protected":false},"excerpt":{"rendered":"<p>C&rsquo;est avec tristesse que nous avons appris la disparition de notre ami Claude Gravelle, emport\u00e9 par la maladie. Claude \u00e9tait un homme d&rsquo;une grande modestie qui parlait peu de sa brillante carri\u00e8re de pilote militaire et civil. Il ne viendra plus animer notre terrain aux commandes de son magnifique Fouga. Nous avions f\u00eat\u00e9 ensemble ses [&hellip;]<\/p>\n","protected":false},"author":2,"featured_media":0,"comment_status":"open","ping_status":"open","sticky":false,"template":"","format":"standard","meta":{"inline_featured_image":false,"footnotes":""},"categories":[2,3],"tags":[],"class_list":["post-679","post","type-post","status-publish","format-standard","hentry","category-avion","category-club"],"_links":{"self":[{"href":"http:\/\/aeroclub-abbeville.fr\/index.php?rest_route=\/wp\/v2\/posts\/679","targetHints":{"allow":["GET"]}}],"collection":[{"href":"http:\/\/aeroclub-abbeville.fr\/index.php?rest_route=\/wp\/v2\/posts"}],"about":[{"href":"http:\/\/aeroclub-abbeville.fr\/index.php?rest_route=\/wp\/v2\/types\/post"}],"author":[{"embeddable":true,"href":"http:\/\/aeroclub-abbeville.fr\/index.php?rest_route=\/wp\/v2\/users\/2"}],"replies":[{"embeddable":true,"href":"http:\/\/aeroclub-abbeville.fr\/index.php?rest_route=%2Fwp%2Fv2%2Fcomments&post=679"}],"version-history":[{"count":6,"href":"http:\/\/aeroclub-abbeville.fr\/index.php?rest_route=\/wp\/v2\/posts\/679\/revisions"}],"predecessor-version":[{"id":686,"href":"http:\/\/aeroclub-abbeville.fr\/index.php?rest_route=\/wp\/v2\/posts\/679\/revisions\/686"}],"wp:attachment":[{"href":"http:\/\/aeroclub-abbeville.fr\/index.php?rest_route=%2Fwp%2Fv2%2Fmedia&parent=679"}],"wp:term":[{"taxonomy":"category","embeddable":true,"href":"http:\/\/aeroclub-abbeville.fr\/index.php?rest_route=%2Fwp%2Fv2%2Fcategories&post=679"},{"taxonomy":"post_tag","embeddable":true,"href":"http:\/\/aeroclub-abbeville.fr\/index.php?rest_route=%2Fwp%2Fv2%2Ftags&post=679"}],"curies":[{"name":"wp","href":"https:\/\/api.w.org\/{rel}","templated":true}]}}