{"id":689,"date":"2014-05-19T06:37:43","date_gmt":"2014-05-19T05:37:43","guid":{"rendered":"http:\/\/aeroclub-abbeville.fr\/?p=689"},"modified":"2014-05-19T06:38:23","modified_gmt":"2014-05-19T05:38:23","slug":"groupe-de-parc","status":"publish","type":"post","link":"http:\/\/aeroclub-abbeville.fr\/?p=689","title":{"rendered":"Groupe de parc"},"content":{"rendered":"<p>Nous disposons d\u00e9sormais d&rsquo;un groupe de parc destin\u00e9 \u00e0 suppl\u00e9er aux batteries d\u00e9faillantes pour la mise en route des avions. Il s&rsquo;agit d&rsquo;un mat\u00e9riel ancien qui nous a gracieusement \u00e9t\u00e9 offert par nos amis de Magist&rsquo;air. Merci \u00e0 Roland, Christophe et Jean-Jacques qui ont travaill\u00e9 \u00e0 sa remise en \u00e9tat.<\/p>\n","protected":false},"excerpt":{"rendered":"<p>Nous disposons d\u00e9sormais d&rsquo;un groupe de parc destin\u00e9 \u00e0 suppl\u00e9er aux batteries d\u00e9faillantes pour la mise en route des avions. Il s&rsquo;agit d&rsquo;un mat\u00e9riel ancien qui nous a gracieusement \u00e9t\u00e9 offert par nos amis de Magist&rsquo;air. Merci \u00e0 Roland, Christophe et Jean-Jacques qui ont travaill\u00e9 \u00e0 sa remise en \u00e9tat.<\/p>\n","protected":false},"author":2,"featured_media":0,"comment_status":"open","ping_status":"open","sticky":false,"template":"","format":"standard","meta":{"inline_featured_image":false,"footnotes":""},"categories":[2,5,10],"tags":[],"class_list":["post-689","post","type-post","status-publish","format-standard","hentry","category-avion","category-entretien","category-infrastructures-et-batiments"],"_links":{"self":[{"href":"http:\/\/aeroclub-abbeville.fr\/index.php?rest_route=\/wp\/v2\/posts\/689","targetHints":{"allow":["GET"]}}],"collection":[{"href":"http:\/\/aeroclub-abbeville.fr\/index.php?rest_route=\/wp\/v2\/posts"}],"about":[{"href":"http:\/\/aeroclub-abbeville.fr\/index.php?rest_route=\/wp\/v2\/types\/post"}],"author":[{"embeddable":true,"href":"http:\/\/aeroclub-abbeville.fr\/index.php?rest_route=\/wp\/v2\/users\/2"}],"replies":[{"embeddable":true,"href":"http:\/\/aeroclub-abbeville.fr\/index.php?rest_route=%2Fwp%2Fv2%2Fcomments&post=689"}],"version-history":[{"count":1,"href":"http:\/\/aeroclub-abbeville.fr\/index.php?rest_route=\/wp\/v2\/posts\/689\/revisions"}],"predecessor-version":[{"id":690,"href":"http:\/\/aeroclub-abbeville.fr\/index.php?rest_route=\/wp\/v2\/posts\/689\/revisions\/690"}],"wp:attachment":[{"href":"http:\/\/aeroclub-abbeville.fr\/index.php?rest_route=%2Fwp%2Fv2%2Fmedia&parent=689"}],"wp:term":[{"taxonomy":"category","embeddable":true,"href":"http:\/\/aeroclub-abbeville.fr\/index.php?rest_route=%2Fwp%2Fv2%2Fcategories&post=689"},{"taxonomy":"post_tag","embeddable":true,"href":"http:\/\/aeroclub-abbeville.fr\/index.php?rest_route=%2Fwp%2Fv2%2Ftags&post=689"}],"curies":[{"name":"wp","href":"https:\/\/api.w.org\/{rel}","templated":true}]}}