{"id":696,"date":"2014-05-26T17:20:07","date_gmt":"2014-05-26T16:20:07","guid":{"rendered":"http:\/\/aeroclub-abbeville.fr\/?p=696"},"modified":"2014-06-01T18:50:38","modified_gmt":"2014-06-01T17:50:38","slug":"1er-lache-de-lannee-au-vol-a-voile","status":"publish","type":"post","link":"http:\/\/aeroclub-abbeville.fr\/?p=696","title":{"rendered":"1er l\u00e2ch\u00e9 de l&rsquo;ann\u00e9e au vol \u00e0 voile !"},"content":{"rendered":"<p><a href=\"http:\/\/aeroclub-abbeville.fr\/wp-content\/uploads\/2014\/05\/10366277_10202197032311531_3377681872175136585_n.jpg\"><img fetchpriority=\"high\" decoding=\"async\" class=\"alignnone size-medium wp-image-697\" src=\"http:\/\/aeroclub-abbeville.fr\/wp-content\/uploads\/2014\/05\/10366277_10202197032311531_3377681872175136585_n-480x360.jpg\" alt=\"10366277_10202197032311531_3377681872175136585_n\" width=\"480\" height=\"360\" srcset=\"http:\/\/aeroclub-abbeville.fr\/wp-content\/uploads\/2014\/05\/10366277_10202197032311531_3377681872175136585_n-480x360.jpg 480w, http:\/\/aeroclub-abbeville.fr\/wp-content\/uploads\/2014\/05\/10366277_10202197032311531_3377681872175136585_n-624x468.jpg 624w, http:\/\/aeroclub-abbeville.fr\/wp-content\/uploads\/2014\/05\/10366277_10202197032311531_3377681872175136585_n.jpg 960w\" sizes=\"(max-width: 480px) 100vw, 480px\" \/><\/a><\/p>\n<p>F\u00e9licitations \u00e0 Damien pour son l\u00e2ch\u00e9 planeur ce dimanche 25 mai 2014 !<br \/>\nNous lui souhaitons plein de beaux vols dans le ciel Picard.<\/p>\n","protected":false},"excerpt":{"rendered":"<p>F\u00e9licitations \u00e0 Damien pour son l\u00e2ch\u00e9 planeur ce dimanche 25 mai 2014 ! Nous lui souhaitons plein de beaux vols dans le ciel Picard.<\/p>\n","protected":false},"author":4,"featured_media":0,"comment_status":"open","ping_status":"open","sticky":false,"template":"","format":"standard","meta":{"inline_featured_image":false,"footnotes":""},"categories":[6,8,1,13,19],"tags":[],"class_list":["post-696","post","type-post","status-publish","format-standard","hentry","category-formation","category-formation_planeur","category-non-classe","category-planeur","category-vol-a-voile"],"_links":{"self":[{"href":"http:\/\/aeroclub-abbeville.fr\/index.php?rest_route=\/wp\/v2\/posts\/696","targetHints":{"allow":["GET"]}}],"collection":[{"href":"http:\/\/aeroclub-abbeville.fr\/index.php?rest_route=\/wp\/v2\/posts"}],"about":[{"href":"http:\/\/aeroclub-abbeville.fr\/index.php?rest_route=\/wp\/v2\/types\/post"}],"author":[{"embeddable":true,"href":"http:\/\/aeroclub-abbeville.fr\/index.php?rest_route=\/wp\/v2\/users\/4"}],"replies":[{"embeddable":true,"href":"http:\/\/aeroclub-abbeville.fr\/index.php?rest_route=%2Fwp%2Fv2%2Fcomments&post=696"}],"version-history":[{"count":2,"href":"http:\/\/aeroclub-abbeville.fr\/index.php?rest_route=\/wp\/v2\/posts\/696\/revisions"}],"predecessor-version":[{"id":703,"href":"http:\/\/aeroclub-abbeville.fr\/index.php?rest_route=\/wp\/v2\/posts\/696\/revisions\/703"}],"wp:attachment":[{"href":"http:\/\/aeroclub-abbeville.fr\/index.php?rest_route=%2Fwp%2Fv2%2Fmedia&parent=696"}],"wp:term":[{"taxonomy":"category","embeddable":true,"href":"http:\/\/aeroclub-abbeville.fr\/index.php?rest_route=%2Fwp%2Fv2%2Fcategories&post=696"},{"taxonomy":"post_tag","embeddable":true,"href":"http:\/\/aeroclub-abbeville.fr\/index.php?rest_route=%2Fwp%2Fv2%2Ftags&post=696"}],"curies":[{"name":"wp","href":"https:\/\/api.w.org\/{rel}","templated":true}]}}