{"id":7040,"date":"2026-02-01T12:23:25","date_gmt":"2026-02-01T11:23:25","guid":{"rendered":"http:\/\/aeroclub-abbeville.fr\/?p=7040"},"modified":"2026-02-01T12:23:25","modified_gmt":"2026-02-01T11:23:25","slug":"2026-a-abbeville-lfoi-cest-pour-bientot-les-championnats-regionaux-des-hauts-de-france-de-vol-en-planeur","status":"publish","type":"post","link":"http:\/\/aeroclub-abbeville.fr\/?p=7040","title":{"rendered":"2026 \u00e0 Abbeville LFOI !  C&rsquo;est pour bient\u00f4t, les Championnats R\u00e9gionaux des Hauts de France de Vol en Planeur !"},"content":{"rendered":"\n<p>Dimanche 1er F\u00e9vrier 2026<\/p>\n\n\n\n<figure class=\"wp-block-image size-large\"><img fetchpriority=\"high\" decoding=\"async\" width=\"724\" height=\"1024\" src=\"http:\/\/aeroclub-abbeville.fr\/wp-content\/uploads\/2026\/02\/IMG-20260117-WA0003-724x1024.jpg\" alt=\"\" class=\"wp-image-7042\" srcset=\"http:\/\/aeroclub-abbeville.fr\/wp-content\/uploads\/2026\/02\/IMG-20260117-WA0003-724x1024.jpg 724w, http:\/\/aeroclub-abbeville.fr\/wp-content\/uploads\/2026\/02\/IMG-20260117-WA0003-339x480.jpg 339w, http:\/\/aeroclub-abbeville.fr\/wp-content\/uploads\/2026\/02\/IMG-20260117-WA0003-768x1086.jpg 768w, http:\/\/aeroclub-abbeville.fr\/wp-content\/uploads\/2026\/02\/IMG-20260117-WA0003-1086x1536.jpg 1086w, http:\/\/aeroclub-abbeville.fr\/wp-content\/uploads\/2026\/02\/IMG-20260117-WA0003-624x883.jpg 624w, http:\/\/aeroclub-abbeville.fr\/wp-content\/uploads\/2026\/02\/IMG-20260117-WA0003.jpg 1131w\" sizes=\"(max-width: 724px) 100vw, 724px\" \/><\/figure>\n\n\n\n<p><\/p>\n\n\n\n<p>Nous vous attendons tous nombreux pour ce grand moment d&rsquo;amiti\u00e9 v\u00e9livole, lors des week-ends de l&rsquo;Ascension et de la Pentec\u00f4te.<br>Venez tous vous confronter entre amis, lors de ces jours m\u00e9morables ! <br><\/p>\n\n\n\n<p>Souvenez vous, c&rsquo;\u00e9tait en 2023, un vrai bon moment, n&rsquo;est ce pas ?<\/p>\n\n\n\n<figure class=\"wp-block-gallery has-nested-images columns-default is-cropped wp-block-gallery-1 is-layout-flex wp-block-gallery-is-layout-flex\">\n<figure class=\"wp-block-image size-large\"><img decoding=\"async\" width=\"812\" height=\"800\" data-id=\"7043\" src=\"http:\/\/aeroclub-abbeville.fr\/wp-content\/uploads\/2026\/02\/Capture-decran-2026-02-01-a-11.48.20.png\" alt=\"\" class=\"wp-image-7043\" srcset=\"http:\/\/aeroclub-abbeville.fr\/wp-content\/uploads\/2026\/02\/Capture-decran-2026-02-01-a-11.48.20.png 812w, http:\/\/aeroclub-abbeville.fr\/wp-content\/uploads\/2026\/02\/Capture-decran-2026-02-01-a-11.48.20-480x473.png 480w, http:\/\/aeroclub-abbeville.fr\/wp-content\/uploads\/2026\/02\/Capture-decran-2026-02-01-a-11.48.20-768x757.png 768w, http:\/\/aeroclub-abbeville.fr\/wp-content\/uploads\/2026\/02\/Capture-decran-2026-02-01-a-11.48.20-624x615.png 624w\" sizes=\"(max-width: 812px) 100vw, 812px\" \/><figcaption class=\"wp-element-caption\">Alexandre Fierain au manche !<\/figcaption><\/figure>\n<\/figure>\n\n\n\n<p><\/p>\n\n\n\n<p>Quels souvenirs !<\/p>\n\n\n\n<figure class=\"wp-block-gallery has-nested-images columns-default is-cropped wp-block-gallery-2 is-layout-flex wp-block-gallery-is-layout-flex\">\n<figure class=\"wp-block-image size-large\"><img decoding=\"async\" width=\"1024\" height=\"744\" data-id=\"7046\" src=\"http:\/\/aeroclub-abbeville.fr\/wp-content\/uploads\/2026\/02\/Capture-decran-2026-02-01-a-11.46.31-1024x744.png\" alt=\"\" class=\"wp-image-7046\" srcset=\"http:\/\/aeroclub-abbeville.fr\/wp-content\/uploads\/2026\/02\/Capture-decran-2026-02-01-a-11.46.31-1024x744.png 1024w, http:\/\/aeroclub-abbeville.fr\/wp-content\/uploads\/2026\/02\/Capture-decran-2026-02-01-a-11.46.31-480x349.png 480w, http:\/\/aeroclub-abbeville.fr\/wp-content\/uploads\/2026\/02\/Capture-decran-2026-02-01-a-11.46.31-768x558.png 768w, http:\/\/aeroclub-abbeville.fr\/wp-content\/uploads\/2026\/02\/Capture-decran-2026-02-01-a-11.46.31-1536x1116.png 1536w, http:\/\/aeroclub-abbeville.fr\/wp-content\/uploads\/2026\/02\/Capture-decran-2026-02-01-a-11.46.31-624x454.png 624w, http:\/\/aeroclub-abbeville.fr\/wp-content\/uploads\/2026\/02\/Capture-decran-2026-02-01-a-11.46.31.png 1552w\" sizes=\"(max-width: 1024px) 100vw, 1024px\" \/><\/figure>\n\n\n\n<figure class=\"wp-block-image size-large\"><img loading=\"lazy\" decoding=\"async\" width=\"1024\" height=\"681\" data-id=\"7047\" src=\"http:\/\/aeroclub-abbeville.fr\/wp-content\/uploads\/2026\/02\/Capture-decran-2026-02-01-a-11.46.10-1024x681.png\" alt=\"\" class=\"wp-image-7047\" srcset=\"http:\/\/aeroclub-abbeville.fr\/wp-content\/uploads\/2026\/02\/Capture-decran-2026-02-01-a-11.46.10-1024x681.png 1024w, http:\/\/aeroclub-abbeville.fr\/wp-content\/uploads\/2026\/02\/Capture-decran-2026-02-01-a-11.46.10-480x319.png 480w, http:\/\/aeroclub-abbeville.fr\/wp-content\/uploads\/2026\/02\/Capture-decran-2026-02-01-a-11.46.10-768x511.png 768w, http:\/\/aeroclub-abbeville.fr\/wp-content\/uploads\/2026\/02\/Capture-decran-2026-02-01-a-11.46.10-1536x1022.png 1536w, http:\/\/aeroclub-abbeville.fr\/wp-content\/uploads\/2026\/02\/Capture-decran-2026-02-01-a-11.46.10-624x415.png 624w, http:\/\/aeroclub-abbeville.fr\/wp-content\/uploads\/2026\/02\/Capture-decran-2026-02-01-a-11.46.10.png 1542w\" sizes=\"(max-width: 1024px) 100vw, 1024px\" \/><\/figure>\n<\/figure>\n\n\n\n<figure class=\"wp-block-image size-large\"><img loading=\"lazy\" decoding=\"async\" width=\"1024\" height=\"714\" src=\"http:\/\/aeroclub-abbeville.fr\/wp-content\/uploads\/2026\/02\/Capture-decran-2026-02-01-a-11.45.45-1-1024x714.png\" alt=\"\" class=\"wp-image-7049\" srcset=\"http:\/\/aeroclub-abbeville.fr\/wp-content\/uploads\/2026\/02\/Capture-decran-2026-02-01-a-11.45.45-1-1024x714.png 1024w, http:\/\/aeroclub-abbeville.fr\/wp-content\/uploads\/2026\/02\/Capture-decran-2026-02-01-a-11.45.45-1-480x335.png 480w, http:\/\/aeroclub-abbeville.fr\/wp-content\/uploads\/2026\/02\/Capture-decran-2026-02-01-a-11.45.45-1-768x535.png 768w, http:\/\/aeroclub-abbeville.fr\/wp-content\/uploads\/2026\/02\/Capture-decran-2026-02-01-a-11.45.45-1-1536x1070.png 1536w, http:\/\/aeroclub-abbeville.fr\/wp-content\/uploads\/2026\/02\/Capture-decran-2026-02-01-a-11.45.45-1-624x435.png 624w, http:\/\/aeroclub-abbeville.fr\/wp-content\/uploads\/2026\/02\/Capture-decran-2026-02-01-a-11.45.45-1.png 1676w\" sizes=\"(max-width: 1024px) 100vw, 1024px\" \/><\/figure>\n\n\n\n<p><\/p>\n\n\n\n<p>Et pour l&rsquo;histoire, c&rsquo;\u00e9tait d\u00e9j\u00e0 comme \u00e7a, il y a longtemps, en 1938 !<\/p>\n\n\n\n<figure class=\"wp-block-image size-full\"><img loading=\"lazy\" decoding=\"async\" width=\"720\" height=\"664\" src=\"http:\/\/aeroclub-abbeville.fr\/wp-content\/uploads\/2026\/02\/PlaneurPlessiel1938.jpg\" alt=\"\" class=\"wp-image-7050\" srcset=\"http:\/\/aeroclub-abbeville.fr\/wp-content\/uploads\/2026\/02\/PlaneurPlessiel1938.jpg 720w, http:\/\/aeroclub-abbeville.fr\/wp-content\/uploads\/2026\/02\/PlaneurPlessiel1938-480x443.jpg 480w, http:\/\/aeroclub-abbeville.fr\/wp-content\/uploads\/2026\/02\/PlaneurPlessiel1938-624x575.jpg 624w\" sizes=\"(max-width: 720px) 100vw, 720px\" \/><\/figure>\n\n\n<div class=\"wp-block-image\">\n<figure class=\"aligncenter size-medium\"><img loading=\"lazy\" decoding=\"async\" width=\"480\" height=\"232\" src=\"http:\/\/aeroclub-abbeville.fr\/wp-content\/uploads\/2026\/02\/Capture-decran-2026-02-01-a-12.17.01-480x232.png\" alt=\"\" class=\"wp-image-7053\" srcset=\"http:\/\/aeroclub-abbeville.fr\/wp-content\/uploads\/2026\/02\/Capture-decran-2026-02-01-a-12.17.01-480x232.png 480w, http:\/\/aeroclub-abbeville.fr\/wp-content\/uploads\/2026\/02\/Capture-decran-2026-02-01-a-12.17.01-1024x496.png 1024w, http:\/\/aeroclub-abbeville.fr\/wp-content\/uploads\/2026\/02\/Capture-decran-2026-02-01-a-12.17.01-768x372.png 768w, http:\/\/aeroclub-abbeville.fr\/wp-content\/uploads\/2026\/02\/Capture-decran-2026-02-01-a-12.17.01-624x302.png 624w, http:\/\/aeroclub-abbeville.fr\/wp-content\/uploads\/2026\/02\/Capture-decran-2026-02-01-a-12.17.01.png 1268w\" sizes=\"(max-width: 480px) 100vw, 480px\" \/><\/figure>\n<\/div>\n\n\n<p><\/p>\n\n\n\n<p class=\"has-text-align-center\"><strong>Abbeville i can fly, vous attend pour les Championnats !<\/strong><\/p>\n\n\n\n<p>Cr\u00e9dit photos : A\u00e9roclub d&rsquo;Abbeville<br>Texte : Fran\u00e7oise Sockeel<\/p>\n","protected":false},"excerpt":{"rendered":"<p>Dimanche 1er F\u00e9vrier 2026 Nous vous attendons tous nombreux pour ce grand moment d&rsquo;amiti\u00e9 v\u00e9livole, lors des week-ends de l&rsquo;Ascension et de la Pentec\u00f4te.Venez tous vous confronter entre amis, lors de ces jours m\u00e9morables ! Souvenez vous, c&rsquo;\u00e9tait en 2023, un vrai bon moment, n&rsquo;est ce pas ? Quels souvenirs ! Et pour l&rsquo;histoire, c&rsquo;\u00e9tait [&hellip;]<\/p>\n","protected":false},"author":211,"featured_media":0,"comment_status":"closed","ping_status":"","sticky":false,"template":"","format":"standard","meta":{"inline_featured_image":false,"footnotes":""},"categories":[20,21,3,4,6,8,11,13,18,19],"tags":[],"class_list":["post-7040","post","type-post","status-publish","format-standard","hentry","category-actualites","category-arrosages-fetes","category-club","category-competitions","category-formation","category-formation_planeur","category-manifestations","category-planeur","category-vie-du-club","category-vol-a-voile"],"_links":{"self":[{"href":"http:\/\/aeroclub-abbeville.fr\/index.php?rest_route=\/wp\/v2\/posts\/7040","targetHints":{"allow":["GET"]}}],"collection":[{"href":"http:\/\/aeroclub-abbeville.fr\/index.php?rest_route=\/wp\/v2\/posts"}],"about":[{"href":"http:\/\/aeroclub-abbeville.fr\/index.php?rest_route=\/wp\/v2\/types\/post"}],"author":[{"embeddable":true,"href":"http:\/\/aeroclub-abbeville.fr\/index.php?rest_route=\/wp\/v2\/users\/211"}],"replies":[{"embeddable":true,"href":"http:\/\/aeroclub-abbeville.fr\/index.php?rest_route=%2Fwp%2Fv2%2Fcomments&post=7040"}],"version-history":[{"count":6,"href":"http:\/\/aeroclub-abbeville.fr\/index.php?rest_route=\/wp\/v2\/posts\/7040\/revisions"}],"predecessor-version":[{"id":7055,"href":"http:\/\/aeroclub-abbeville.fr\/index.php?rest_route=\/wp\/v2\/posts\/7040\/revisions\/7055"}],"wp:attachment":[{"href":"http:\/\/aeroclub-abbeville.fr\/index.php?rest_route=%2Fwp%2Fv2%2Fmedia&parent=7040"}],"wp:term":[{"taxonomy":"category","embeddable":true,"href":"http:\/\/aeroclub-abbeville.fr\/index.php?rest_route=%2Fwp%2Fv2%2Fcategories&post=7040"},{"taxonomy":"post_tag","embeddable":true,"href":"http:\/\/aeroclub-abbeville.fr\/index.php?rest_route=%2Fwp%2Fv2%2Ftags&post=7040"}],"curies":[{"name":"wp","href":"https:\/\/api.w.org\/{rel}","templated":true}]}}