{"id":729,"date":"2014-06-11T16:19:48","date_gmt":"2014-06-11T15:19:48","guid":{"rendered":"http:\/\/aeroclub-abbeville.fr\/?p=729"},"modified":"2014-07-05T21:05:57","modified_gmt":"2014-07-05T20:05:57","slug":"concours-regional-2014","status":"publish","type":"post","link":"http:\/\/aeroclub-abbeville.fr\/?p=729","title":{"rendered":"Concours R\u00e9gional de Vol \u00e0 Voile 2014"},"content":{"rendered":"<p>Le concours r\u00e9gional Nord &#8211; Pas de Calais &#8211; Picardie 2014 vient de se terminer. Pas de podium cette ann\u00e9e, mais des r\u00e9sultats plus qu&rsquo;honorables surtout chez les moins de 25 ans. Le concours a \u00e9t\u00e9 remport\u00e9 par Florent Cl\u00e9mence de Merville, pilote de moins de 25 ans. Nos Abbevillois arrivent en cinqui\u00e8me, sixi\u00e8me, huiti\u00e8me et quatorzi\u00e8me place. Notre pr\u00e9sident forfait \u00e0 cause d&rsquo;un emp\u00eachement personnel lors de la premi\u00e8re \u00e9preuve cl\u00f4ture le classement.<img fetchpriority=\"high\" decoding=\"async\" class=\"aligncenter wp-image-730 size-medium\" src=\"http:\/\/aeroclub-abbeville.fr\/wp-content\/uploads\/2014\/06\/concours-480x320.jpg\" alt=\"concours\" width=\"480\" height=\"320\" srcset=\"http:\/\/aeroclub-abbeville.fr\/wp-content\/uploads\/2014\/06\/concours-480x320.jpg 480w, http:\/\/aeroclub-abbeville.fr\/wp-content\/uploads\/2014\/06\/concours-624x416.jpg 624w, http:\/\/aeroclub-abbeville.fr\/wp-content\/uploads\/2014\/06\/concours.jpg 960w\" sizes=\"(max-width: 480px) 100vw, 480px\" \/><!--more--><\/p>\n<p>La m\u00e9t\u00e9o a \u00e9t\u00e9 peu favorable permettant seulement deux \u00e9preuves dont la seconde dans des conditions tr\u00e8s difficiles. Seuls les meilleurs on pu se trainer tr\u00e8s bas pendant toute l&rsquo;\u00e9preuve. Cela pousse tr\u00e8s fort chez les moins de 25 ans. Suzanne termine troisi\u00e8me de la seconde \u00e9preuve devant des pilotes qui faisaient d\u00e9j\u00e0 les podiums alors qu&rsquo;elle n&rsquo;\u00e9tait pas encore n\u00e9e. Victor Roussel avec une excellente cinqui\u00e8me place \u00e0 la premi\u00e8re \u00e9preuve en inqui\u00e8tera surement plus d&rsquo;un lors des prochains championnats de France Juniors. Dommage qu&rsquo;un ennui m\u00e9canique ne lui ai pas permit de participer \u00e0 la seconde \u00e9preuve.<\/p>\n<p>&nbsp;<\/p>\n<p>Vous pourrez trouver les r\u00e9sultats complet sur le site de Soaring Spot.<br \/>\n<a title=\"Soaring Spot\" href=\"http:\/\/www.soaringspot.com\/crnpc2014\/\"> http:\/\/www.soaringspot.com\/crnpc2014\/<\/a><\/p>\n<p>&nbsp;<\/p>\n","protected":false},"excerpt":{"rendered":"<p>Le concours r\u00e9gional Nord &#8211; Pas de Calais &#8211; Picardie 2014 vient de se terminer. Pas de podium cette ann\u00e9e, mais des r\u00e9sultats plus qu&rsquo;honorables surtout chez les moins de 25 ans. Le concours a \u00e9t\u00e9 remport\u00e9 par Florent Cl\u00e9mence de Merville, pilote de moins de 25 ans. Nos Abbevillois arrivent en cinqui\u00e8me, sixi\u00e8me, huiti\u00e8me [&hellip;]<\/p>\n","protected":false},"author":67,"featured_media":0,"comment_status":"open","ping_status":"open","sticky":false,"template":"","format":"standard","meta":{"inline_featured_image":false,"footnotes":""},"categories":[20,4,13,19],"tags":[],"class_list":["post-729","post","type-post","status-publish","format-standard","hentry","category-actualites","category-competitions","category-planeur","category-vol-a-voile"],"_links":{"self":[{"href":"http:\/\/aeroclub-abbeville.fr\/index.php?rest_route=\/wp\/v2\/posts\/729","targetHints":{"allow":["GET"]}}],"collection":[{"href":"http:\/\/aeroclub-abbeville.fr\/index.php?rest_route=\/wp\/v2\/posts"}],"about":[{"href":"http:\/\/aeroclub-abbeville.fr\/index.php?rest_route=\/wp\/v2\/types\/post"}],"author":[{"embeddable":true,"href":"http:\/\/aeroclub-abbeville.fr\/index.php?rest_route=\/wp\/v2\/users\/67"}],"replies":[{"embeddable":true,"href":"http:\/\/aeroclub-abbeville.fr\/index.php?rest_route=%2Fwp%2Fv2%2Fcomments&post=729"}],"version-history":[{"count":5,"href":"http:\/\/aeroclub-abbeville.fr\/index.php?rest_route=\/wp\/v2\/posts\/729\/revisions"}],"predecessor-version":[{"id":747,"href":"http:\/\/aeroclub-abbeville.fr\/index.php?rest_route=\/wp\/v2\/posts\/729\/revisions\/747"}],"wp:attachment":[{"href":"http:\/\/aeroclub-abbeville.fr\/index.php?rest_route=%2Fwp%2Fv2%2Fmedia&parent=729"}],"wp:term":[{"taxonomy":"category","embeddable":true,"href":"http:\/\/aeroclub-abbeville.fr\/index.php?rest_route=%2Fwp%2Fv2%2Fcategories&post=729"},{"taxonomy":"post_tag","embeddable":true,"href":"http:\/\/aeroclub-abbeville.fr\/index.php?rest_route=%2Fwp%2Fv2%2Ftags&post=729"}],"curies":[{"name":"wp","href":"https:\/\/api.w.org\/{rel}","templated":true}]}}