{"id":760,"date":"2014-07-16T08:03:34","date_gmt":"2014-07-16T07:03:34","guid":{"rendered":"http:\/\/aeroclub-abbeville.fr\/?p=760"},"modified":"2014-07-19T08:05:51","modified_gmt":"2014-07-19T07:05:51","slug":"ceremonies-du-14-juillet","status":"publish","type":"post","link":"http:\/\/aeroclub-abbeville.fr\/?p=760","title":{"rendered":"C\u00e9r\u00e9monies du 14 juillet"},"content":{"rendered":"<p><a href=\"http:\/\/aeroclub-abbeville.fr\/wp-content\/uploads\/2014\/07\/CP14juillet.jpg\"><img fetchpriority=\"high\" decoding=\"async\" class=\"aligncenter size-medium wp-image-761\" src=\"http:\/\/aeroclub-abbeville.fr\/wp-content\/uploads\/2014\/07\/CP14juillet-480x340.jpg\" alt=\"CP14juillet\" width=\"480\" height=\"340\" srcset=\"http:\/\/aeroclub-abbeville.fr\/wp-content\/uploads\/2014\/07\/CP14juillet-480x340.jpg 480w, http:\/\/aeroclub-abbeville.fr\/wp-content\/uploads\/2014\/07\/CP14juillet-1024x726.jpg 1024w, http:\/\/aeroclub-abbeville.fr\/wp-content\/uploads\/2014\/07\/CP14juillet-624x442.jpg 624w, http:\/\/aeroclub-abbeville.fr\/wp-content\/uploads\/2014\/07\/CP14juillet.jpg 1552w\" sizes=\"(max-width: 480px) 100vw, 480px\" \/><\/a>Comme \u00e0 l&rsquo;accoutum\u00e9e notre club s&rsquo;est associ\u00e9 aux manifestations comm\u00e9moratives . Le <em>Courrier Picard 15 juillet 2014<\/em><\/p>\n","protected":false},"excerpt":{"rendered":"<p>Comme \u00e0 l&rsquo;accoutum\u00e9e notre club s&rsquo;est associ\u00e9 aux manifestations comm\u00e9moratives . Le Courrier Picard 15 juillet 2014<\/p>\n","protected":false},"author":2,"featured_media":0,"comment_status":"open","ping_status":"open","sticky":false,"template":"","format":"standard","meta":{"inline_featured_image":false,"footnotes":""},"categories":[2,26,11,14,18],"tags":[],"class_list":["post-760","post","type-post","status-publish","format-standard","hentry","category-avion","category-histoire","category-manifestations","category-presse","category-vie-du-club"],"_links":{"self":[{"href":"http:\/\/aeroclub-abbeville.fr\/index.php?rest_route=\/wp\/v2\/posts\/760","targetHints":{"allow":["GET"]}}],"collection":[{"href":"http:\/\/aeroclub-abbeville.fr\/index.php?rest_route=\/wp\/v2\/posts"}],"about":[{"href":"http:\/\/aeroclub-abbeville.fr\/index.php?rest_route=\/wp\/v2\/types\/post"}],"author":[{"embeddable":true,"href":"http:\/\/aeroclub-abbeville.fr\/index.php?rest_route=\/wp\/v2\/users\/2"}],"replies":[{"embeddable":true,"href":"http:\/\/aeroclub-abbeville.fr\/index.php?rest_route=%2Fwp%2Fv2%2Fcomments&post=760"}],"version-history":[{"count":1,"href":"http:\/\/aeroclub-abbeville.fr\/index.php?rest_route=\/wp\/v2\/posts\/760\/revisions"}],"predecessor-version":[{"id":762,"href":"http:\/\/aeroclub-abbeville.fr\/index.php?rest_route=\/wp\/v2\/posts\/760\/revisions\/762"}],"wp:attachment":[{"href":"http:\/\/aeroclub-abbeville.fr\/index.php?rest_route=%2Fwp%2Fv2%2Fmedia&parent=760"}],"wp:term":[{"taxonomy":"category","embeddable":true,"href":"http:\/\/aeroclub-abbeville.fr\/index.php?rest_route=%2Fwp%2Fv2%2Fcategories&post=760"},{"taxonomy":"post_tag","embeddable":true,"href":"http:\/\/aeroclub-abbeville.fr\/index.php?rest_route=%2Fwp%2Fv2%2Ftags&post=760"}],"curies":[{"name":"wp","href":"https:\/\/api.w.org\/{rel}","templated":true}]}}