{"id":778,"date":"2014-07-22T14:01:04","date_gmt":"2014-07-22T13:01:04","guid":{"rendered":"http:\/\/aeroclub-abbeville.fr\/?p=778"},"modified":"2014-07-28T14:39:49","modified_gmt":"2014-07-28T13:39:49","slug":"le-plus-jeune-pilote-de-france","status":"publish","type":"post","link":"http:\/\/aeroclub-abbeville.fr\/?p=778","title":{"rendered":"Le plus jeune pilote de France"},"content":{"rendered":"<p><span id=\"fbPhotoPageCaption\" class=\"fbPhotosPhotoCaption\" tabindex=\"0\" data-ft=\"{&quot;type&quot;:45,&quot;tn&quot;:&quot;*G&quot;}\"><span class=\"hasCaption\"><a href=\"https:\/\/www.facebook.com\/julien.gradel98\" data-hovercard=\"\/ajax\/hovercard\/user.php?id=100003675946771\">Julien Gradel<\/a> devient officiellement le plus jeune pilote de France en ayant obtenu son brevet le jour de ces 16 ans ! F\u00e9licitations \u00e0 lui !<\/span><\/span><span id=\"fbPhotoPageTagList\" class=\"fbPhotoTagList\"><\/span><\/p>\n<p><a href=\"http:\/\/aeroclub-abbeville.fr\/wp-content\/uploads\/2014\/07\/Julien.jpg\"><img fetchpriority=\"high\" decoding=\"async\" class=\"size-medium wp-image-779 aligncenter\" src=\"http:\/\/aeroclub-abbeville.fr\/wp-content\/uploads\/2014\/07\/Julien-480x317.jpg\" alt=\"Julien\" width=\"480\" height=\"317\" srcset=\"http:\/\/aeroclub-abbeville.fr\/wp-content\/uploads\/2014\/07\/Julien-480x317.jpg 480w, http:\/\/aeroclub-abbeville.fr\/wp-content\/uploads\/2014\/07\/Julien-624x412.jpg 624w, http:\/\/aeroclub-abbeville.fr\/wp-content\/uploads\/2014\/07\/Julien.jpg 960w\" sizes=\"(max-width: 480px) 100vw, 480px\" \/><\/a>Julien \u00e0 commenc\u00e9 le vol \u00e0 voile \u00e0 14 ans, il y a deux ans. Il attendait impatiemment son 16 \u00e9me anniversaire le 22 Juillet pour obtenir son brevet. La m\u00e9t\u00e9o plut\u00f4t orageuse a failli contrarier ses projets mais une \u00e9claircie en\u00a0 fin d&rsquo;apr\u00e8s-midi lui a permis de passer son test final. Julien avait d\u00e9j\u00e0 suivi une formation en vol sur la campagne (navigation, r\u00e9glementation et atterrissage ext\u00e9rieur) et quelques jours apr\u00e8s son brevet il r\u00e9alisait son premier vol solo de plus de 50 km et son premier atterrissage seul \u00e0 bord dans un champ.<\/p>\n","protected":false},"excerpt":{"rendered":"<p>Julien Gradel devient officiellement le plus jeune pilote de France en ayant obtenu son brevet le jour de ces 16 ans ! F\u00e9licitations \u00e0 lui ! Julien \u00e0 commenc\u00e9 le vol \u00e0 voile \u00e0 14 ans, il y a deux ans. Il attendait impatiemment son 16 \u00e9me anniversaire le 22 Juillet pour obtenir son brevet. [&hellip;]<\/p>\n","protected":false},"author":67,"featured_media":0,"comment_status":"open","ping_status":"open","sticky":false,"template":"","format":"standard","meta":{"inline_featured_image":false,"footnotes":""},"categories":[8,13],"tags":[],"class_list":["post-778","post","type-post","status-publish","format-standard","hentry","category-formation_planeur","category-planeur"],"_links":{"self":[{"href":"http:\/\/aeroclub-abbeville.fr\/index.php?rest_route=\/wp\/v2\/posts\/778","targetHints":{"allow":["GET"]}}],"collection":[{"href":"http:\/\/aeroclub-abbeville.fr\/index.php?rest_route=\/wp\/v2\/posts"}],"about":[{"href":"http:\/\/aeroclub-abbeville.fr\/index.php?rest_route=\/wp\/v2\/types\/post"}],"author":[{"embeddable":true,"href":"http:\/\/aeroclub-abbeville.fr\/index.php?rest_route=\/wp\/v2\/users\/67"}],"replies":[{"embeddable":true,"href":"http:\/\/aeroclub-abbeville.fr\/index.php?rest_route=%2Fwp%2Fv2%2Fcomments&post=778"}],"version-history":[{"count":2,"href":"http:\/\/aeroclub-abbeville.fr\/index.php?rest_route=\/wp\/v2\/posts\/778\/revisions"}],"predecessor-version":[{"id":781,"href":"http:\/\/aeroclub-abbeville.fr\/index.php?rest_route=\/wp\/v2\/posts\/778\/revisions\/781"}],"wp:attachment":[{"href":"http:\/\/aeroclub-abbeville.fr\/index.php?rest_route=%2Fwp%2Fv2%2Fmedia&parent=778"}],"wp:term":[{"taxonomy":"category","embeddable":true,"href":"http:\/\/aeroclub-abbeville.fr\/index.php?rest_route=%2Fwp%2Fv2%2Fcategories&post=778"},{"taxonomy":"post_tag","embeddable":true,"href":"http:\/\/aeroclub-abbeville.fr\/index.php?rest_route=%2Fwp%2Fv2%2Ftags&post=778"}],"curies":[{"name":"wp","href":"https:\/\/api.w.org\/{rel}","templated":true}]}}