{"id":791,"date":"2014-08-03T11:34:09","date_gmt":"2014-08-03T10:34:09","guid":{"rendered":"http:\/\/aeroclub-abbeville.fr\/?p=791"},"modified":"2014-08-03T11:59:22","modified_gmt":"2014-08-03T10:59:22","slug":"une-nouvelle-pilote-feminine-a-abbeville","status":"publish","type":"post","link":"http:\/\/aeroclub-abbeville.fr\/?p=791","title":{"rendered":"Une nouvelle pilote \u00e0 Abbeville"},"content":{"rendered":"<p>Justine Pl\u00e9 vient de r\u00e9ussir son test de pilote de planeur. C&rsquo;est la deuxi\u00e8me ann\u00e9e de pratique pour Justine qui a effectu\u00e9 son premier vol solo l&rsquo;ann\u00e9e derni\u00e8re et vient de finir son brevet. Justine est aussi qualifi\u00e9e campagne, a r\u00e9alis\u00e9 plusieurs vols de cinq heures seule \u00e0 bord, vient d&rsquo;\u00eatre l\u00e2ch\u00e9e P\u00e9gase, et a particip\u00e9 \u00e0 un stage d&rsquo;initiation \u00e0 la voltige fin 2013.<\/p>\n<p><a href=\"http:\/\/aeroclub-abbeville.fr\/wp-content\/uploads\/2014\/08\/1466193_10202316218006025_1323360321_n.jpg\"><img fetchpriority=\"high\" decoding=\"async\" class=\"size-medium wp-image-792 aligncenter\" src=\"http:\/\/aeroclub-abbeville.fr\/wp-content\/uploads\/2014\/08\/1466193_10202316218006025_1323360321_n-480x268.jpg\" alt=\"1466193_10202316218006025_1323360321_n\" width=\"480\" height=\"268\" srcset=\"http:\/\/aeroclub-abbeville.fr\/wp-content\/uploads\/2014\/08\/1466193_10202316218006025_1323360321_n-480x268.jpg 480w, http:\/\/aeroclub-abbeville.fr\/wp-content\/uploads\/2014\/08\/1466193_10202316218006025_1323360321_n-624x349.jpg 624w, http:\/\/aeroclub-abbeville.fr\/wp-content\/uploads\/2014\/08\/1466193_10202316218006025_1323360321_n.jpg 960w\" sizes=\"(max-width: 480px) 100vw, 480px\" \/><\/a>Justine vient renforcer l&rsquo;\u00e9quipe f\u00e9minine abbevilloise qui r\u00e9alise environ dix pour cent de l&rsquo;activit\u00e9 de la section vol \u00e0 voile.<\/p>\n<p>Bravo les filles, continuez !<\/p>\n<p>&nbsp;<\/p>\n","protected":false},"excerpt":{"rendered":"<p>Justine Pl\u00e9 vient de r\u00e9ussir son test de pilote de planeur. C&rsquo;est la deuxi\u00e8me ann\u00e9e de pratique pour Justine qui a effectu\u00e9 son premier vol solo l&rsquo;ann\u00e9e derni\u00e8re et vient de finir son brevet. Justine est aussi qualifi\u00e9e campagne, a r\u00e9alis\u00e9 plusieurs vols de cinq heures seule \u00e0 bord, vient d&rsquo;\u00eatre l\u00e2ch\u00e9e P\u00e9gase, et a [&hellip;]<\/p>\n","protected":false},"author":67,"featured_media":0,"comment_status":"open","ping_status":"open","sticky":false,"template":"","format":"standard","meta":{"inline_featured_image":false,"footnotes":""},"categories":[8,13,19],"tags":[],"class_list":["post-791","post","type-post","status-publish","format-standard","hentry","category-formation_planeur","category-planeur","category-vol-a-voile"],"_links":{"self":[{"href":"http:\/\/aeroclub-abbeville.fr\/index.php?rest_route=\/wp\/v2\/posts\/791","targetHints":{"allow":["GET"]}}],"collection":[{"href":"http:\/\/aeroclub-abbeville.fr\/index.php?rest_route=\/wp\/v2\/posts"}],"about":[{"href":"http:\/\/aeroclub-abbeville.fr\/index.php?rest_route=\/wp\/v2\/types\/post"}],"author":[{"embeddable":true,"href":"http:\/\/aeroclub-abbeville.fr\/index.php?rest_route=\/wp\/v2\/users\/67"}],"replies":[{"embeddable":true,"href":"http:\/\/aeroclub-abbeville.fr\/index.php?rest_route=%2Fwp%2Fv2%2Fcomments&post=791"}],"version-history":[{"count":4,"href":"http:\/\/aeroclub-abbeville.fr\/index.php?rest_route=\/wp\/v2\/posts\/791\/revisions"}],"predecessor-version":[{"id":796,"href":"http:\/\/aeroclub-abbeville.fr\/index.php?rest_route=\/wp\/v2\/posts\/791\/revisions\/796"}],"wp:attachment":[{"href":"http:\/\/aeroclub-abbeville.fr\/index.php?rest_route=%2Fwp%2Fv2%2Fmedia&parent=791"}],"wp:term":[{"taxonomy":"category","embeddable":true,"href":"http:\/\/aeroclub-abbeville.fr\/index.php?rest_route=%2Fwp%2Fv2%2Fcategories&post=791"},{"taxonomy":"post_tag","embeddable":true,"href":"http:\/\/aeroclub-abbeville.fr\/index.php?rest_route=%2Fwp%2Fv2%2Ftags&post=791"}],"curies":[{"name":"wp","href":"https:\/\/api.w.org\/{rel}","templated":true}]}}