{"id":798,"date":"2014-08-06T10:20:18","date_gmt":"2014-08-06T09:20:18","guid":{"rendered":"http:\/\/aeroclub-abbeville.fr\/?p=798"},"modified":"2014-08-06T10:20:18","modified_gmt":"2014-08-06T09:20:18","slug":"concours-interregional-jeunes-dangers","status":"publish","type":"post","link":"http:\/\/aeroclub-abbeville.fr\/?p=798","title":{"rendered":"Concours Interr\u00e9gional jeunes d&rsquo;Angers"},"content":{"rendered":"<p>Quatre Abbevillois repr\u00e9sentent le club d&rsquo;Abbeville lors de ces championnats.<\/p>\n<p>Lors de ce concours, trois \u00e9preuves ont d\u00e9j\u00e0 \u00e9t\u00e9 r\u00e9alis\u00e9es dont une de plus de 300km.<\/p>\n<p>Nous retrouvons Simon sur le P\u00e9gase 3S, Victor sur le P\u00e9gase E9, Chlo\u00e9 sur le P\u00e9gase DT et Suzanne sur l&rsquo;ASW 20 UP.<br \/>\nVous pouvez les suivre sur :\u00a0http:\/\/www.soaringspot.com\/irgo_angers_2014\/results\/club\/day-by-day.html<\/p>\n<p><em>Les photos sont \u00e0 venir &#8230; =D<\/em><\/p>\n","protected":false},"excerpt":{"rendered":"<p>Quatre Abbevillois repr\u00e9sentent le club d&rsquo;Abbeville lors de ces championnats. Lors de ce concours, trois \u00e9preuves ont d\u00e9j\u00e0 \u00e9t\u00e9 r\u00e9alis\u00e9es dont une de plus de 300km. Nous retrouvons Simon sur le P\u00e9gase 3S, Victor sur le P\u00e9gase E9, Chlo\u00e9 sur le P\u00e9gase DT et Suzanne sur l&rsquo;ASW 20 UP. Vous pouvez les suivre sur :\u00a0http:\/\/www.soaringspot.com\/irgo_angers_2014\/results\/club\/day-by-day.html [&hellip;]<\/p>\n","protected":false},"author":4,"featured_media":0,"comment_status":"open","ping_status":"open","sticky":false,"template":"","format":"standard","meta":{"inline_featured_image":false,"footnotes":""},"categories":[4,1,13,19],"tags":[],"class_list":["post-798","post","type-post","status-publish","format-standard","hentry","category-competitions","category-non-classe","category-planeur","category-vol-a-voile"],"_links":{"self":[{"href":"http:\/\/aeroclub-abbeville.fr\/index.php?rest_route=\/wp\/v2\/posts\/798","targetHints":{"allow":["GET"]}}],"collection":[{"href":"http:\/\/aeroclub-abbeville.fr\/index.php?rest_route=\/wp\/v2\/posts"}],"about":[{"href":"http:\/\/aeroclub-abbeville.fr\/index.php?rest_route=\/wp\/v2\/types\/post"}],"author":[{"embeddable":true,"href":"http:\/\/aeroclub-abbeville.fr\/index.php?rest_route=\/wp\/v2\/users\/4"}],"replies":[{"embeddable":true,"href":"http:\/\/aeroclub-abbeville.fr\/index.php?rest_route=%2Fwp%2Fv2%2Fcomments&post=798"}],"version-history":[{"count":2,"href":"http:\/\/aeroclub-abbeville.fr\/index.php?rest_route=\/wp\/v2\/posts\/798\/revisions"}],"predecessor-version":[{"id":802,"href":"http:\/\/aeroclub-abbeville.fr\/index.php?rest_route=\/wp\/v2\/posts\/798\/revisions\/802"}],"wp:attachment":[{"href":"http:\/\/aeroclub-abbeville.fr\/index.php?rest_route=%2Fwp%2Fv2%2Fmedia&parent=798"}],"wp:term":[{"taxonomy":"category","embeddable":true,"href":"http:\/\/aeroclub-abbeville.fr\/index.php?rest_route=%2Fwp%2Fv2%2Fcategories&post=798"},{"taxonomy":"post_tag","embeddable":true,"href":"http:\/\/aeroclub-abbeville.fr\/index.php?rest_route=%2Fwp%2Fv2%2Ftags&post=798"}],"curies":[{"name":"wp","href":"https:\/\/api.w.org\/{rel}","templated":true}]}}