{"id":821,"date":"2014-08-30T21:43:14","date_gmt":"2014-08-30T20:43:14","guid":{"rendered":"http:\/\/aeroclub-abbeville.fr\/?p=821"},"modified":"2014-08-30T21:43:14","modified_gmt":"2014-08-30T20:43:14","slug":"carnet-noir","status":"publish","type":"post","link":"http:\/\/aeroclub-abbeville.fr\/?p=821","title":{"rendered":"Carnet noir"},"content":{"rendered":"<p>Nous avons l\u2019immense regret de vous faire part du d\u00e9c\u00e8s de Jacqueline CLOUET, membre de l\u2019a\u00e9roclub pendant plus de 30 ann\u00e9es, \u00e9pouse d\u2019Alain CLOUET, tr\u00e9sorier du club et instructeur jusqu\u2019en 2012.<br \/>\nLes obs\u00e8ques auront lieu le mercredi 3 septembre \u00e0 14h30 en l\u2019\u00e9glise d\u2019HAUTVILLERS.<\/p>\n","protected":false},"excerpt":{"rendered":"<p>Nous avons l\u2019immense regret de vous faire part du d\u00e9c\u00e8s de Jacqueline CLOUET, membre de l\u2019a\u00e9roclub pendant plus de 30 ann\u00e9es, \u00e9pouse d\u2019Alain CLOUET, tr\u00e9sorier du club et instructeur jusqu\u2019en 2012. Les obs\u00e8ques auront lieu le mercredi 3 septembre \u00e0 14h30 en l\u2019\u00e9glise d\u2019HAUTVILLERS.<\/p>\n","protected":false},"author":2,"featured_media":0,"comment_status":"open","ping_status":"open","sticky":false,"template":"","format":"standard","meta":{"inline_featured_image":false,"footnotes":""},"categories":[18],"tags":[],"class_list":["post-821","post","type-post","status-publish","format-standard","hentry","category-vie-du-club"],"_links":{"self":[{"href":"http:\/\/aeroclub-abbeville.fr\/index.php?rest_route=\/wp\/v2\/posts\/821","targetHints":{"allow":["GET"]}}],"collection":[{"href":"http:\/\/aeroclub-abbeville.fr\/index.php?rest_route=\/wp\/v2\/posts"}],"about":[{"href":"http:\/\/aeroclub-abbeville.fr\/index.php?rest_route=\/wp\/v2\/types\/post"}],"author":[{"embeddable":true,"href":"http:\/\/aeroclub-abbeville.fr\/index.php?rest_route=\/wp\/v2\/users\/2"}],"replies":[{"embeddable":true,"href":"http:\/\/aeroclub-abbeville.fr\/index.php?rest_route=%2Fwp%2Fv2%2Fcomments&post=821"}],"version-history":[{"count":1,"href":"http:\/\/aeroclub-abbeville.fr\/index.php?rest_route=\/wp\/v2\/posts\/821\/revisions"}],"predecessor-version":[{"id":822,"href":"http:\/\/aeroclub-abbeville.fr\/index.php?rest_route=\/wp\/v2\/posts\/821\/revisions\/822"}],"wp:attachment":[{"href":"http:\/\/aeroclub-abbeville.fr\/index.php?rest_route=%2Fwp%2Fv2%2Fmedia&parent=821"}],"wp:term":[{"taxonomy":"category","embeddable":true,"href":"http:\/\/aeroclub-abbeville.fr\/index.php?rest_route=%2Fwp%2Fv2%2Fcategories&post=821"},{"taxonomy":"post_tag","embeddable":true,"href":"http:\/\/aeroclub-abbeville.fr\/index.php?rest_route=%2Fwp%2Fv2%2Ftags&post=821"}],"curies":[{"name":"wp","href":"https:\/\/api.w.org\/{rel}","templated":true}]}}