{"id":834,"date":"2014-09-16T08:40:39","date_gmt":"2014-09-16T07:40:39","guid":{"rendered":"http:\/\/aeroclub-abbeville.fr\/?p=834"},"modified":"2014-09-16T08:47:49","modified_gmt":"2014-09-16T07:47:49","slug":"inscriptions-au-cours-de-preparation-au-bia-2015","status":"publish","type":"post","link":"http:\/\/aeroclub-abbeville.fr\/?p=834","title":{"rendered":"Inscriptions au cours de pr\u00e9paration au BIA 2015"},"content":{"rendered":"<p>Une pr\u00e9sentation de la pr\u00e9paration au BIA aura lieu au Lyc\u00e9e Boucher de Perthes le jeudi 25 septembre 2014 (Exposition d&rsquo;un planeur et d&rsquo;un simulateur de vol de 10h \u00e0 15h, hall du B; conf\u00e9rence \u00e0 l&rsquo;auditorium de 16h \u00e0 17h) et \u00e0 l&rsquo;a\u00e9roclub le samedi 27 septembre 2014 \u00e0 17h30.<br \/>\nInscriptions possibles \u00e0 ces dates .<br \/>\nPremier cours dimanche 5 octobre 2014 \u00e0 9h30.<\/p>\n<p style=\"padding-left: 30px;\"><a href=\"http:\/\/aeroclub-abbeville.fr\/wp-content\/uploads\/2014\/09\/2014_promotion_Rosie_Small.jpg\"><img fetchpriority=\"high\" decoding=\"async\" class=\"alignnone size-medium wp-image-837\" src=\"http:\/\/aeroclub-abbeville.fr\/wp-content\/uploads\/2014\/09\/2014_promotion_Rosie_Small-480x317.jpg\" alt=\"2014_promotion_Rosie_Small\" width=\"480\" height=\"317\" srcset=\"http:\/\/aeroclub-abbeville.fr\/wp-content\/uploads\/2014\/09\/2014_promotion_Rosie_Small-480x317.jpg 480w, http:\/\/aeroclub-abbeville.fr\/wp-content\/uploads\/2014\/09\/2014_promotion_Rosie_Small-624x413.jpg 624w, http:\/\/aeroclub-abbeville.fr\/wp-content\/uploads\/2014\/09\/2014_promotion_Rosie_Small.jpg 1000w\" sizes=\"(max-width: 480px) 100vw, 480px\" \/><\/a><br \/>\nA bient\u00f4t<\/p>\n","protected":false},"excerpt":{"rendered":"<p>Une pr\u00e9sentation de la pr\u00e9paration au BIA aura lieu au Lyc\u00e9e Boucher de Perthes le jeudi 25 septembre 2014 (Exposition d&rsquo;un planeur et d&rsquo;un simulateur de vol de 10h \u00e0 15h, hall du B; conf\u00e9rence \u00e0 l&rsquo;auditorium de 16h \u00e0 17h) et \u00e0 l&rsquo;a\u00e9roclub le samedi 27 septembre 2014 \u00e0 17h30. Inscriptions possibles \u00e0 ces [&hellip;]<\/p>\n","protected":false},"author":31,"featured_media":0,"comment_status":"open","ping_status":"open","sticky":false,"template":"","format":"standard","meta":{"inline_featured_image":false,"footnotes":""},"categories":[22,6,1],"tags":[],"class_list":["post-834","post","type-post","status-publish","format-standard","hentry","category-bia","category-formation","category-non-classe"],"_links":{"self":[{"href":"http:\/\/aeroclub-abbeville.fr\/index.php?rest_route=\/wp\/v2\/posts\/834","targetHints":{"allow":["GET"]}}],"collection":[{"href":"http:\/\/aeroclub-abbeville.fr\/index.php?rest_route=\/wp\/v2\/posts"}],"about":[{"href":"http:\/\/aeroclub-abbeville.fr\/index.php?rest_route=\/wp\/v2\/types\/post"}],"author":[{"embeddable":true,"href":"http:\/\/aeroclub-abbeville.fr\/index.php?rest_route=\/wp\/v2\/users\/31"}],"replies":[{"embeddable":true,"href":"http:\/\/aeroclub-abbeville.fr\/index.php?rest_route=%2Fwp%2Fv2%2Fcomments&post=834"}],"version-history":[{"count":3,"href":"http:\/\/aeroclub-abbeville.fr\/index.php?rest_route=\/wp\/v2\/posts\/834\/revisions"}],"predecessor-version":[{"id":839,"href":"http:\/\/aeroclub-abbeville.fr\/index.php?rest_route=\/wp\/v2\/posts\/834\/revisions\/839"}],"wp:attachment":[{"href":"http:\/\/aeroclub-abbeville.fr\/index.php?rest_route=%2Fwp%2Fv2%2Fmedia&parent=834"}],"wp:term":[{"taxonomy":"category","embeddable":true,"href":"http:\/\/aeroclub-abbeville.fr\/index.php?rest_route=%2Fwp%2Fv2%2Fcategories&post=834"},{"taxonomy":"post_tag","embeddable":true,"href":"http:\/\/aeroclub-abbeville.fr\/index.php?rest_route=%2Fwp%2Fv2%2Ftags&post=834"}],"curies":[{"name":"wp","href":"https:\/\/api.w.org\/{rel}","templated":true}]}}