{"id":841,"date":"2014-09-19T17:37:39","date_gmt":"2014-09-19T16:37:39","guid":{"rendered":"http:\/\/aeroclub-abbeville.fr\/?p=841"},"modified":"2014-09-19T18:08:48","modified_gmt":"2014-09-19T17:08:48","slug":"operation-porte-ouverte-et-remise-des-brevets","status":"publish","type":"post","link":"http:\/\/aeroclub-abbeville.fr\/?p=841","title":{"rendered":"Samedi 27 septembre 2014"},"content":{"rendered":"<p><strong>\u00a0Op\u00e9ration Porte Ouverte, Remise des Brevets<\/strong><\/p>\n<ul>\n<li>de 11 h \u00e0 18 h : Op\u00e9ration Porte Ouverte<\/li>\n<li>\u00e0 17h30 : s\u00e9ance d&rsquo;Information sur le BIA<\/li>\n<li>\u00e0 18 h : Remise des Brevets<\/li>\n<li>\u00e0 partir de 19h30 : cocktail et repas\u00a0 salle Michel Dor\u00e9.<\/li>\n<\/ul>\n<p>Vous y \u00eates tous cordialement invit\u00e9s<\/p>\n<p>Participation au repas 18 \u20ac. Inscription sur la feuille \u00e0 l&rsquo;accueil <span style=\"text-decoration: underline;\">au plus tard lundi 22.<\/span><\/p>\n<p><a href=\"http:\/\/aeroclub-abbeville.fr\/wp-content\/uploads\/2014\/09\/menu.jpg\"><img decoding=\"async\" class=\"aligncenter size-full wp-image-844\" src=\"http:\/\/aeroclub-abbeville.fr\/wp-content\/uploads\/2014\/09\/menu.jpg\" alt=\"menu\" width=\"102\" height=\"207\" \/><\/a><\/p>\n","protected":false},"excerpt":{"rendered":"<p>\u00a0Op\u00e9ration Porte Ouverte, Remise des Brevets de 11 h \u00e0 18 h : Op\u00e9ration Porte Ouverte \u00e0 17h30 : s\u00e9ance d&rsquo;Information sur le BIA \u00e0 18 h : Remise des Brevets \u00e0 partir de 19h30 : cocktail et repas\u00a0 salle Michel Dor\u00e9. Vous y \u00eates tous cordialement invit\u00e9s Participation au repas 18 \u20ac. Inscription sur [&hellip;]<\/p>\n","protected":false},"author":2,"featured_media":0,"comment_status":"open","ping_status":"open","sticky":false,"template":"","format":"standard","meta":{"inline_featured_image":false,"footnotes":""},"categories":[21,2,22,3,13,17,18,19],"tags":[],"class_list":["post-841","post","type-post","status-publish","format-standard","hentry","category-arrosages-fetes","category-avion","category-bia","category-club","category-planeur","category-ulm","category-vie-du-club","category-vol-a-voile"],"_links":{"self":[{"href":"http:\/\/aeroclub-abbeville.fr\/index.php?rest_route=\/wp\/v2\/posts\/841","targetHints":{"allow":["GET"]}}],"collection":[{"href":"http:\/\/aeroclub-abbeville.fr\/index.php?rest_route=\/wp\/v2\/posts"}],"about":[{"href":"http:\/\/aeroclub-abbeville.fr\/index.php?rest_route=\/wp\/v2\/types\/post"}],"author":[{"embeddable":true,"href":"http:\/\/aeroclub-abbeville.fr\/index.php?rest_route=\/wp\/v2\/users\/2"}],"replies":[{"embeddable":true,"href":"http:\/\/aeroclub-abbeville.fr\/index.php?rest_route=%2Fwp%2Fv2%2Fcomments&post=841"}],"version-history":[{"count":4,"href":"http:\/\/aeroclub-abbeville.fr\/index.php?rest_route=\/wp\/v2\/posts\/841\/revisions"}],"predecessor-version":[{"id":846,"href":"http:\/\/aeroclub-abbeville.fr\/index.php?rest_route=\/wp\/v2\/posts\/841\/revisions\/846"}],"wp:attachment":[{"href":"http:\/\/aeroclub-abbeville.fr\/index.php?rest_route=%2Fwp%2Fv2%2Fmedia&parent=841"}],"wp:term":[{"taxonomy":"category","embeddable":true,"href":"http:\/\/aeroclub-abbeville.fr\/index.php?rest_route=%2Fwp%2Fv2%2Fcategories&post=841"},{"taxonomy":"post_tag","embeddable":true,"href":"http:\/\/aeroclub-abbeville.fr\/index.php?rest_route=%2Fwp%2Fv2%2Ftags&post=841"}],"curies":[{"name":"wp","href":"https:\/\/api.w.org\/{rel}","templated":true}]}}