{"id":865,"date":"2014-10-19T11:36:20","date_gmt":"2014-10-19T10:36:20","guid":{"rendered":"http:\/\/aeroclub-abbeville.fr\/?p=865"},"modified":"2014-10-19T11:36:20","modified_gmt":"2014-10-19T10:36:20","slug":"remise-des-diplomes","status":"publish","type":"post","link":"http:\/\/aeroclub-abbeville.fr\/?p=865","title":{"rendered":"Remise des dipl\u00f4mes"},"content":{"rendered":"<p>Le Courrier Picard et le Journal d&rsquo;Abbeville se sont fait l\u2019\u00e9cho de notre c\u00e9r\u00e9monie de remise des dipl\u00f4mes.<\/p>\n<p><a href=\"http:\/\/aeroclub-abbeville.fr\/wp-content\/uploads\/2014\/10\/SCAN0003.jpg\"><img fetchpriority=\"high\" decoding=\"async\" class=\"aligncenter size-large wp-image-866\" src=\"http:\/\/aeroclub-abbeville.fr\/wp-content\/uploads\/2014\/10\/SCAN0003-830x1024.jpg\" alt=\"SCAN0003\" width=\"625\" height=\"771\" srcset=\"http:\/\/aeroclub-abbeville.fr\/wp-content\/uploads\/2014\/10\/SCAN0003-830x1024.jpg 830w, http:\/\/aeroclub-abbeville.fr\/wp-content\/uploads\/2014\/10\/SCAN0003-389x480.jpg 389w, http:\/\/aeroclub-abbeville.fr\/wp-content\/uploads\/2014\/10\/SCAN0003-624x769.jpg 624w, http:\/\/aeroclub-abbeville.fr\/wp-content\/uploads\/2014\/10\/SCAN0003.jpg 1261w\" sizes=\"(max-width: 625px) 100vw, 625px\" \/><\/a> <a href=\"http:\/\/aeroclub-abbeville.fr\/wp-content\/uploads\/2014\/10\/SCAN0004.jpg\"><img decoding=\"async\" class=\"aligncenter wp-image-867 size-large\" src=\"http:\/\/aeroclub-abbeville.fr\/wp-content\/uploads\/2014\/10\/SCAN0004-1009x1024.jpg\" alt=\"SCAN0004\" width=\"625\" height=\"634\" srcset=\"http:\/\/aeroclub-abbeville.fr\/wp-content\/uploads\/2014\/10\/SCAN0004-1009x1024.jpg 1009w, http:\/\/aeroclub-abbeville.fr\/wp-content\/uploads\/2014\/10\/SCAN0004-473x480.jpg 473w, http:\/\/aeroclub-abbeville.fr\/wp-content\/uploads\/2014\/10\/SCAN0004-624x633.jpg 624w, http:\/\/aeroclub-abbeville.fr\/wp-content\/uploads\/2014\/10\/SCAN0004.jpg 1423w\" sizes=\"(max-width: 625px) 100vw, 625px\" \/><\/a><\/p>\n","protected":false},"excerpt":{"rendered":"<p>Le Courrier Picard et le Journal d&rsquo;Abbeville se sont fait l\u2019\u00e9cho de notre c\u00e9r\u00e9monie de remise des dipl\u00f4mes.<\/p>\n","protected":false},"author":2,"featured_media":0,"comment_status":"open","ping_status":"open","sticky":false,"template":"","format":"standard","meta":{"inline_featured_image":false,"footnotes":""},"categories":[21,22,3,7,8,11,14,18],"tags":[],"class_list":["post-865","post","type-post","status-publish","format-standard","hentry","category-arrosages-fetes","category-bia","category-club","category-formation_avion","category-formation_planeur","category-manifestations","category-presse","category-vie-du-club"],"_links":{"self":[{"href":"http:\/\/aeroclub-abbeville.fr\/index.php?rest_route=\/wp\/v2\/posts\/865","targetHints":{"allow":["GET"]}}],"collection":[{"href":"http:\/\/aeroclub-abbeville.fr\/index.php?rest_route=\/wp\/v2\/posts"}],"about":[{"href":"http:\/\/aeroclub-abbeville.fr\/index.php?rest_route=\/wp\/v2\/types\/post"}],"author":[{"embeddable":true,"href":"http:\/\/aeroclub-abbeville.fr\/index.php?rest_route=\/wp\/v2\/users\/2"}],"replies":[{"embeddable":true,"href":"http:\/\/aeroclub-abbeville.fr\/index.php?rest_route=%2Fwp%2Fv2%2Fcomments&post=865"}],"version-history":[{"count":1,"href":"http:\/\/aeroclub-abbeville.fr\/index.php?rest_route=\/wp\/v2\/posts\/865\/revisions"}],"predecessor-version":[{"id":868,"href":"http:\/\/aeroclub-abbeville.fr\/index.php?rest_route=\/wp\/v2\/posts\/865\/revisions\/868"}],"wp:attachment":[{"href":"http:\/\/aeroclub-abbeville.fr\/index.php?rest_route=%2Fwp%2Fv2%2Fmedia&parent=865"}],"wp:term":[{"taxonomy":"category","embeddable":true,"href":"http:\/\/aeroclub-abbeville.fr\/index.php?rest_route=%2Fwp%2Fv2%2Fcategories&post=865"},{"taxonomy":"post_tag","embeddable":true,"href":"http:\/\/aeroclub-abbeville.fr\/index.php?rest_route=%2Fwp%2Fv2%2Ftags&post=865"}],"curies":[{"name":"wp","href":"https:\/\/api.w.org\/{rel}","templated":true}]}}