{"id":877,"date":"2014-11-01T10:58:25","date_gmt":"2014-11-01T09:58:25","guid":{"rendered":"http:\/\/aeroclub-abbeville.fr\/?p=877"},"modified":"2014-11-02T09:35:01","modified_gmt":"2014-11-02T08:35:01","slug":"reunion-dinformation-de-la-section-ulm","status":"publish","type":"post","link":"http:\/\/aeroclub-abbeville.fr\/?p=877","title":{"rendered":"R\u00e9union d&rsquo;information de la section ULM"},"content":{"rendered":"<h1 style=\"text-align: left;\" align=\"CENTER\">Samedi 22 Novembre 2014 \u00e0 15 heures<img decoding=\"async\" class=\"alignright size-full wp-image-880\" src=\"http:\/\/aeroclub-abbeville.fr\/wp-content\/uploads\/2014\/11\/ffplum.jpg\" alt=\"ffplum\" width=\"100\" height=\"97\" \/><\/h1>\n<p align=\"LEFT\"><strong>Ordre du jour\u00a0:<\/strong><\/p>\n<ul>\n<li>Bilan g\u00e9n\u00e9ral depuis la cr\u00e9ation de la Section<\/li>\n<li>Bilan de l&rsquo;ann\u00e9e 2014<\/li>\n<li>Intervention du Responsable de la Maintenance<\/li>\n<li>Intervention du Responsable de l&rsquo;Instruction<\/li>\n<li>Budget Pr\u00e9visionnel 2015<\/li>\n<li>Renouvellement du Bureau (Vice-Pr\u00e9sident, Secr\u00e9taire, Tr\u00e9sorier)<\/li>\n<li>Questions diverses<\/li>\n<\/ul>\n<p style=\"margin-bottom: 0cm;\" align=\"CENTER\">Cette r\u00e9union est ouverte \u00e0 tous les membres\u00a0 int\u00e9ress\u00e9s.<\/p>\n","protected":false},"excerpt":{"rendered":"<p>Samedi 22 Novembre 2014 \u00e0 15 heures Ordre du jour\u00a0: Bilan g\u00e9n\u00e9ral depuis la cr\u00e9ation de la Section Bilan de l&rsquo;ann\u00e9e 2014 Intervention du Responsable de la Maintenance Intervention du Responsable de l&rsquo;Instruction Budget Pr\u00e9visionnel 2015 Renouvellement du Bureau (Vice-Pr\u00e9sident, Secr\u00e9taire, Tr\u00e9sorier) Questions diverses Cette r\u00e9union est ouverte \u00e0 tous les membres\u00a0 int\u00e9ress\u00e9s.<\/p>\n","protected":false},"author":2,"featured_media":0,"comment_status":"open","ping_status":"open","sticky":false,"template":"","format":"standard","meta":{"inline_featured_image":false,"footnotes":""},"categories":[3,17],"tags":[],"class_list":["post-877","post","type-post","status-publish","format-standard","hentry","category-club","category-ulm"],"_links":{"self":[{"href":"http:\/\/aeroclub-abbeville.fr\/index.php?rest_route=\/wp\/v2\/posts\/877","targetHints":{"allow":["GET"]}}],"collection":[{"href":"http:\/\/aeroclub-abbeville.fr\/index.php?rest_route=\/wp\/v2\/posts"}],"about":[{"href":"http:\/\/aeroclub-abbeville.fr\/index.php?rest_route=\/wp\/v2\/types\/post"}],"author":[{"embeddable":true,"href":"http:\/\/aeroclub-abbeville.fr\/index.php?rest_route=\/wp\/v2\/users\/2"}],"replies":[{"embeddable":true,"href":"http:\/\/aeroclub-abbeville.fr\/index.php?rest_route=%2Fwp%2Fv2%2Fcomments&post=877"}],"version-history":[{"count":3,"href":"http:\/\/aeroclub-abbeville.fr\/index.php?rest_route=\/wp\/v2\/posts\/877\/revisions"}],"predecessor-version":[{"id":881,"href":"http:\/\/aeroclub-abbeville.fr\/index.php?rest_route=\/wp\/v2\/posts\/877\/revisions\/881"}],"wp:attachment":[{"href":"http:\/\/aeroclub-abbeville.fr\/index.php?rest_route=%2Fwp%2Fv2%2Fmedia&parent=877"}],"wp:term":[{"taxonomy":"category","embeddable":true,"href":"http:\/\/aeroclub-abbeville.fr\/index.php?rest_route=%2Fwp%2Fv2%2Fcategories&post=877"},{"taxonomy":"post_tag","embeddable":true,"href":"http:\/\/aeroclub-abbeville.fr\/index.php?rest_route=%2Fwp%2Fv2%2Ftags&post=877"}],"curies":[{"name":"wp","href":"https:\/\/api.w.org\/{rel}","templated":true}]}}