{"id":890,"date":"2014-11-11T12:28:24","date_gmt":"2014-11-11T11:28:24","guid":{"rendered":"http:\/\/aeroclub-abbeville.fr\/?p=890"},"modified":"2014-11-11T14:39:39","modified_gmt":"2014-11-11T13:39:39","slug":"commemoration-du-11-novembre-2014","status":"publish","type":"post","link":"http:\/\/aeroclub-abbeville.fr\/?p=890","title":{"rendered":"Comm\u00e9moration du 11 novembre 2014"},"content":{"rendered":"<p>Une patrouille de 4 avions a survol\u00e9 le monument aux morts pendant la c\u00e9r\u00e9monie.<\/p>\n<p><a href=\"http:\/\/aeroclub-abbeville.fr\/wp-content\/uploads\/2014\/11\/P1010267.jpg\"><img fetchpriority=\"high\" decoding=\"async\" class=\"aligncenter wp-image-891 size-large\" src=\"http:\/\/aeroclub-abbeville.fr\/wp-content\/uploads\/2014\/11\/P1010267-1024x682.jpg\" alt=\"P1010267\" width=\"625\" height=\"416\" srcset=\"http:\/\/aeroclub-abbeville.fr\/wp-content\/uploads\/2014\/11\/P1010267-1024x682.jpg 1024w, http:\/\/aeroclub-abbeville.fr\/wp-content\/uploads\/2014\/11\/P1010267-480x320.jpg 480w, http:\/\/aeroclub-abbeville.fr\/wp-content\/uploads\/2014\/11\/P1010267-624x416.jpg 624w\" sizes=\"(max-width: 625px) 100vw, 625px\" \/><\/a><!--more--><\/p>\n<p><img decoding=\"async\" class=\"alignright size-large wp-image-894\" src=\"http:\/\/aeroclub-abbeville.fr\/wp-content\/uploads\/2014\/11\/P1010275-1024x682.jpg\" alt=\"P1010275\" width=\"625\" height=\"416\" srcset=\"http:\/\/aeroclub-abbeville.fr\/wp-content\/uploads\/2014\/11\/P1010275-1024x682.jpg 1024w, http:\/\/aeroclub-abbeville.fr\/wp-content\/uploads\/2014\/11\/P1010275-480x319.jpg 480w, http:\/\/aeroclub-abbeville.fr\/wp-content\/uploads\/2014\/11\/P1010275-624x415.jpg 624w, http:\/\/aeroclub-abbeville.fr\/wp-content\/uploads\/2014\/11\/P1010275.jpg 1602w\" sizes=\"(max-width: 625px) 100vw, 625px\" \/><\/p>\n","protected":false},"excerpt":{"rendered":"<p>Une patrouille de 4 avions a survol\u00e9 le monument aux morts pendant la c\u00e9r\u00e9monie.<\/p>\n","protected":false},"author":2,"featured_media":0,"comment_status":"open","ping_status":"open","sticky":false,"template":"","format":"standard","meta":{"inline_featured_image":false,"footnotes":""},"categories":[2,3,26,11],"tags":[],"class_list":["post-890","post","type-post","status-publish","format-standard","hentry","category-avion","category-club","category-histoire","category-manifestations"],"_links":{"self":[{"href":"http:\/\/aeroclub-abbeville.fr\/index.php?rest_route=\/wp\/v2\/posts\/890","targetHints":{"allow":["GET"]}}],"collection":[{"href":"http:\/\/aeroclub-abbeville.fr\/index.php?rest_route=\/wp\/v2\/posts"}],"about":[{"href":"http:\/\/aeroclub-abbeville.fr\/index.php?rest_route=\/wp\/v2\/types\/post"}],"author":[{"embeddable":true,"href":"http:\/\/aeroclub-abbeville.fr\/index.php?rest_route=\/wp\/v2\/users\/2"}],"replies":[{"embeddable":true,"href":"http:\/\/aeroclub-abbeville.fr\/index.php?rest_route=%2Fwp%2Fv2%2Fcomments&post=890"}],"version-history":[{"count":4,"href":"http:\/\/aeroclub-abbeville.fr\/index.php?rest_route=\/wp\/v2\/posts\/890\/revisions"}],"predecessor-version":[{"id":896,"href":"http:\/\/aeroclub-abbeville.fr\/index.php?rest_route=\/wp\/v2\/posts\/890\/revisions\/896"}],"wp:attachment":[{"href":"http:\/\/aeroclub-abbeville.fr\/index.php?rest_route=%2Fwp%2Fv2%2Fmedia&parent=890"}],"wp:term":[{"taxonomy":"category","embeddable":true,"href":"http:\/\/aeroclub-abbeville.fr\/index.php?rest_route=%2Fwp%2Fv2%2Fcategories&post=890"},{"taxonomy":"post_tag","embeddable":true,"href":"http:\/\/aeroclub-abbeville.fr\/index.php?rest_route=%2Fwp%2Fv2%2Ftags&post=890"}],"curies":[{"name":"wp","href":"https:\/\/api.w.org\/{rel}","templated":true}]}}