{"id":908,"date":"2014-12-06T09:40:22","date_gmt":"2014-12-06T08:40:22","guid":{"rendered":"http:\/\/aeroclub-abbeville.fr\/?p=908"},"modified":"2015-01-17T16:58:22","modified_gmt":"2015-01-17T15:58:22","slug":"pensez-des-maintenant-a-regler-votre-cotisation-2015","status":"publish","type":"post","link":"http:\/\/aeroclub-abbeville.fr\/?p=908","title":{"rendered":"Ne tardez pas \u00e0 regler votre cotisation 2015"},"content":{"rendered":"<p><a href=\"http:\/\/aeroclub-abbeville.fr\/wp-content\/uploads\/2014\/12\/gendarme.jpg\"><img decoding=\"async\" class=\"alignright size-full wp-image-909\" src=\"http:\/\/aeroclub-abbeville.fr\/wp-content\/uploads\/2014\/12\/gendarme.jpg\" alt=\"gendarme\" width=\"104\" height=\"90\" \/><\/a>Pour pouvoir voler \u00e0 compter du 01\/01\/2015 \u00e0 0h, <strong>il faudra \u00eatre en r\u00e8gle<\/strong> et avoir souscrit :<br \/>\n1. la <strong>cotisation<\/strong> annuelle (tarif de base : 160 euros en 2015)<br \/>\n2. la<strong> licence\/assurance f\u00e9d\u00e9rale<\/strong> (FFA, FFVV, FFPLUM) ; les licences assurances de ces trois f\u00e9d\u00e9rations sont d\u2019ores et d\u00e9j\u00e0 disponibles.<br \/>\nBien entendu, <strong>il faudra aussi \u00eatre en r\u00e8gle<\/strong> en ce qui concerne<strong> l\u2019aptitude m\u00e9dicale<\/strong>, et <strong>l\u2019exp\u00e9rience r\u00e9cente.<\/strong><br \/>\nUn conseil : n\u2019attendez pas le dernier moment.<\/p>\n","protected":false},"excerpt":{"rendered":"<p>Pour pouvoir voler \u00e0 compter du 01\/01\/2015 \u00e0 0h, il faudra \u00eatre en r\u00e8gle et avoir souscrit : 1. la cotisation annuelle (tarif de base : 160 euros en 2015) 2. la licence\/assurance f\u00e9d\u00e9rale (FFA, FFVV, FFPLUM) ; les licences assurances de ces trois f\u00e9d\u00e9rations sont d\u2019ores et d\u00e9j\u00e0 disponibles. Bien entendu, il faudra aussi [&hellip;]<\/p>\n","protected":false},"author":2,"featured_media":0,"comment_status":"open","ping_status":"open","sticky":false,"template":"","format":"standard","meta":{"inline_featured_image":false,"footnotes":""},"categories":[3],"tags":[],"class_list":["post-908","post","type-post","status-publish","format-standard","hentry","category-club"],"_links":{"self":[{"href":"http:\/\/aeroclub-abbeville.fr\/index.php?rest_route=\/wp\/v2\/posts\/908","targetHints":{"allow":["GET"]}}],"collection":[{"href":"http:\/\/aeroclub-abbeville.fr\/index.php?rest_route=\/wp\/v2\/posts"}],"about":[{"href":"http:\/\/aeroclub-abbeville.fr\/index.php?rest_route=\/wp\/v2\/types\/post"}],"author":[{"embeddable":true,"href":"http:\/\/aeroclub-abbeville.fr\/index.php?rest_route=\/wp\/v2\/users\/2"}],"replies":[{"embeddable":true,"href":"http:\/\/aeroclub-abbeville.fr\/index.php?rest_route=%2Fwp%2Fv2%2Fcomments&post=908"}],"version-history":[{"count":4,"href":"http:\/\/aeroclub-abbeville.fr\/index.php?rest_route=\/wp\/v2\/posts\/908\/revisions"}],"predecessor-version":[{"id":936,"href":"http:\/\/aeroclub-abbeville.fr\/index.php?rest_route=\/wp\/v2\/posts\/908\/revisions\/936"}],"wp:attachment":[{"href":"http:\/\/aeroclub-abbeville.fr\/index.php?rest_route=%2Fwp%2Fv2%2Fmedia&parent=908"}],"wp:term":[{"taxonomy":"category","embeddable":true,"href":"http:\/\/aeroclub-abbeville.fr\/index.php?rest_route=%2Fwp%2Fv2%2Fcategories&post=908"},{"taxonomy":"post_tag","embeddable":true,"href":"http:\/\/aeroclub-abbeville.fr\/index.php?rest_route=%2Fwp%2Fv2%2Ftags&post=908"}],"curies":[{"name":"wp","href":"https:\/\/api.w.org\/{rel}","templated":true}]}}