{"id":937,"date":"2015-01-19T15:25:11","date_gmt":"2015-01-19T14:25:11","guid":{"rendered":"http:\/\/aeroclub-abbeville.fr\/?p=937"},"modified":"2015-01-19T15:25:11","modified_gmt":"2015-01-19T14:25:11","slug":"assemble-generale-2015","status":"publish","type":"post","link":"http:\/\/aeroclub-abbeville.fr\/?p=937","title":{"rendered":"Assemble G\u00e9n\u00e9rale 2015"},"content":{"rendered":"<p>Notre <strong>Assembl\u00e9e G\u00e9n\u00e9rale annuelle<\/strong> se tiendra le samedi 4 avril \u00e0 17h.<br \/>\nElle sera suivie d\u2019un cocktail et d\u2019un repas.<br \/>\nPrenez date d\u00e8s maintenant !<\/p>\n","protected":false},"excerpt":{"rendered":"<p>Notre Assembl\u00e9e G\u00e9n\u00e9rale annuelle se tiendra le samedi 4 avril \u00e0 17h. Elle sera suivie d\u2019un cocktail et d\u2019un repas. Prenez date d\u00e8s maintenant !<\/p>\n","protected":false},"author":2,"featured_media":0,"comment_status":"open","ping_status":"open","sticky":false,"template":"","format":"standard","meta":{"inline_featured_image":false,"footnotes":""},"categories":[21,3,18],"tags":[],"class_list":["post-937","post","type-post","status-publish","format-standard","hentry","category-arrosages-fetes","category-club","category-vie-du-club"],"_links":{"self":[{"href":"http:\/\/aeroclub-abbeville.fr\/index.php?rest_route=\/wp\/v2\/posts\/937","targetHints":{"allow":["GET"]}}],"collection":[{"href":"http:\/\/aeroclub-abbeville.fr\/index.php?rest_route=\/wp\/v2\/posts"}],"about":[{"href":"http:\/\/aeroclub-abbeville.fr\/index.php?rest_route=\/wp\/v2\/types\/post"}],"author":[{"embeddable":true,"href":"http:\/\/aeroclub-abbeville.fr\/index.php?rest_route=\/wp\/v2\/users\/2"}],"replies":[{"embeddable":true,"href":"http:\/\/aeroclub-abbeville.fr\/index.php?rest_route=%2Fwp%2Fv2%2Fcomments&post=937"}],"version-history":[{"count":1,"href":"http:\/\/aeroclub-abbeville.fr\/index.php?rest_route=\/wp\/v2\/posts\/937\/revisions"}],"predecessor-version":[{"id":938,"href":"http:\/\/aeroclub-abbeville.fr\/index.php?rest_route=\/wp\/v2\/posts\/937\/revisions\/938"}],"wp:attachment":[{"href":"http:\/\/aeroclub-abbeville.fr\/index.php?rest_route=%2Fwp%2Fv2%2Fmedia&parent=937"}],"wp:term":[{"taxonomy":"category","embeddable":true,"href":"http:\/\/aeroclub-abbeville.fr\/index.php?rest_route=%2Fwp%2Fv2%2Fcategories&post=937"},{"taxonomy":"post_tag","embeddable":true,"href":"http:\/\/aeroclub-abbeville.fr\/index.php?rest_route=%2Fwp%2Fv2%2Ftags&post=937"}],"curies":[{"name":"wp","href":"https:\/\/api.w.org\/{rel}","templated":true}]}}